{"id":282303,"date":"2025-07-29T16:38:09","date_gmt":"2025-07-29T16:38:09","guid":{"rendered":"https:\/\/www.europesays.com\/fr\/282303\/"},"modified":"2025-07-29T16:38:09","modified_gmt":"2025-07-29T16:38:09","slug":"lunion-europeenne-veut-geler-certains-fonds-pour-lukraine-dans-lattente-de-reformes","status":"publish","type":"post","link":"https:\/\/www.europesays.com\/fr\/282303\/","title":{"rendered":"L&rsquo;Union europ\u00e9enne veut geler certains fonds pour l&rsquo;Ukraine dans l&rsquo;attente de r\u00e9formes"},"content":{"rendered":"<p>Certains fonds pour l&rsquo;Ukraine pourraient \u00eatre suspendus par l&rsquo;Union europ\u00e9enne, si les r\u00e9formes anticorruptions ne sont pas faites \u00e0 temps.<\/p>\n<p>L&rsquo;Union europ\u00e9enne veut pour la premi\u00e8re fois geler certains fonds d&rsquo;une enveloppe pr\u00e9vue pour l&rsquo;Ukraine en attendant davantage de r\u00e9formes de Kiev, a annonc\u00e9 Bruxelles, mardi 29 juillet.<\/p>\n<p>Cette proc\u00e9dure n&rsquo;est pas li\u00e9e \u00e0 la lutte anticorruption et \u00e0 la nouvelle l\u00e9gislation qui a provoqu\u00e9 une vive controverse et des manifestations en Ukraine la semaine derni\u00e8re.<\/p>\n<p>Les aides que la Commission verse \u00e0 Kiev sont conditionn\u00e9es \u00e0 la mise en oeuvre de certaines r\u00e9formes, li\u00e9es au respect de l&rsquo;Etat de droit.<\/p>\n<p>Du retard dans les r\u00e9formes ukrainiennes anticorruptions<\/p>\n<p>Parmi les diff\u00e9rentes aides, une enveloppe de 4,5 milliards d&rsquo;euros \u00e9tait ainsi pr\u00e9vue, contre la mise en place de 16 r\u00e9formes.<\/p>\n<p>Or, selon l&rsquo;ex\u00e9cutif europ\u00e9en, Kiev a accumul\u00e9 du retard dans l&rsquo;application de trois r\u00e9formes, ce qui a entra\u00een\u00e9 ce blocage d&rsquo;environ 1,5 milliard d&rsquo;euros fin juin. La mesure de gel doit encore \u00eatre valid\u00e9e par les 27 pays membres.<\/p>\n<p>\u00ab\u00a0Si une r\u00e9forme n&rsquo;est pas finalis\u00e9e \u00e0 temps, le montant correspondant peut \u00eatre suspendu jusqu&rsquo;\u00e0 12 mois\u00a0\u00bb, a expliqu\u00e9 \u00e0 l&rsquo;AFP Guillaume Mercier, un porte-parole de la Commission.<\/p>\n<p>Il a pr\u00e9cis\u00e9 que l&rsquo;examen de ces r\u00e9formes \u00e9tait ant\u00e9rieur \u00e0 la pr\u00e9sentation puis au vote d&rsquo;une loi affaiblissant les structures anticorruption en Ukraine, un geste qui avait provoqu\u00e9 de \u00ab\u00a0vives inqui\u00e9tudes\u00a0\u00bb de Bruxelles.<\/p>\n<p>Devant la controverse, Volodymyr Zelensky a finalement annonc\u00e9 qu&rsquo;il proposait un nouveau projet de loi pour assurer de nouveau l'\u00a0\u00bbind\u00e9pendance\u00a0\u00bb des structures anticorruption ukrainiennes face au pouvoir. Une mesure cette fois salu\u00e9e par Bruxelles.<\/p>\n","protected":false},"excerpt":{"rendered":"Certains fonds pour l&rsquo;Ukraine pourraient \u00eatre suspendus par l&rsquo;Union europ\u00e9enne, si les r\u00e9formes anticorruptions ne sont pas faites&hellip;\n","protected":false},"author":2,"featured_media":282304,"comment_status":"","ping_status":"","sticky":false,"template":"","format":"standard","meta":{"footnotes":""},"categories":[1586],"tags":[11,1777,674,1779,1011,27,12,25,1778,364],"class_list":{"0":"post-282303","1":"post","2":"type-post","3":"status-publish","4":"format-standard","5":"has-post-thumbnail","7":"category-europe","8":"tag-actualites","9":"tag-eu","10":"tag-europe","11":"tag-european-union","12":"tag-fr","13":"tag-france","14":"tag-news","15":"tag-republique-francaise","16":"tag-ue","17":"tag-union-europeenne"},"share_on_mastodon":{"url":"https:\/\/pubeurope.com\/@fr\/114937508917863948","error":""},"_links":{"self":[{"href":"https:\/\/www.europesays.com\/fr\/wp-json\/wp\/v2\/posts\/282303","targetHints":{"allow":["GET"]}}],"collection":[{"href":"https:\/\/www.europesays.com\/fr\/wp-json\/wp\/v2\/posts"}],"about":[{"href":"https:\/\/www.europesays.com\/fr\/wp-json\/wp\/v2\/types\/post"}],"author":[{"embeddable":true,"href":"https:\/\/www.europesays.com\/fr\/wp-json\/wp\/v2\/users\/2"}],"replies":[{"embeddable":true,"href":"https:\/\/www.europesays.com\/fr\/wp-json\/wp\/v2\/comments?post=282303"}],"version-history":[{"count":0,"href":"https:\/\/www.europesays.com\/fr\/wp-json\/wp\/v2\/posts\/282303\/revisions"}],"wp:featuredmedia":[{"embeddable":true,"href":"https:\/\/www.europesays.com\/fr\/wp-json\/wp\/v2\/media\/282304"}],"wp:attachment":[{"href":"https:\/\/www.europesays.com\/fr\/wp-json\/wp\/v2\/media?parent=282303"}],"wp:term":[{"taxonomy":"category","embeddable":true,"href":"https:\/\/www.europesays.com\/fr\/wp-json\/wp\/v2\/categories?post=282303"},{"taxonomy":"post_tag","embeddable":true,"href":"https:\/\/www.europesays.com\/fr\/wp-json\/wp\/v2\/tags?post=282303"}],"curies":[{"name":"wp","href":"https:\/\/api.w.org\/{rel}","templated":true}]}}