{"id":282309,"date":"2025-07-29T16:41:10","date_gmt":"2025-07-29T16:41:10","guid":{"rendered":"https:\/\/www.europesays.com\/fr\/282309\/"},"modified":"2025-07-29T16:41:10","modified_gmt":"2025-07-29T16:41:10","slug":"la-france-qualifie-les-violences-des-colons-en-cisjordanie-de-terrorisme","status":"publish","type":"post","link":"https:\/\/www.europesays.com\/fr\/282309\/","title":{"rendered":"La France qualifie les violences des colons en Cisjordanie de terrorisme"},"content":{"rendered":"<p>AA \/ Nice \/ Fe\u00efza Ben Mohamed<\/p>\n<p>La France qualifie pour la premi\u00e8re fois, les violences perp\u00e9tr\u00e9es par des colons isra\u00e9liens en Cisjordanie, d\u2019acte \u00ab de terrorisme \u00bb, dans un communiqu\u00e9 de presse publi\u00e9 mardi par le Quai d\u2019Orsay.<\/p>\n<p>Faisant \u00e9tat de sa \u00ab tristesse \u00bb apr\u00e8s \u00ab le meurtre de Odeh Hathalin, collaborateur de Yuval Abraham laur\u00e9at du Prix Anna Politkovska\u00efa \u2013 Arman Soldin du courage journalistique et repr\u00e9sentant du village d\u2019Umm el-Kheir dans la vall\u00e9e de Massafer Yatta \u00bb, la France \u00ab condamne ce meurtre avec la plus grande fermet\u00e9 ainsi que toutes les violences d\u00e9lib\u00e9r\u00e9es perp\u00e9tr\u00e9es par des colons extr\u00e9mistes \u00e0 l\u2019encontre de la population palestinienne qui se multiplient \u00e0 travers la Cisjordanie, notamment \u00e0 Kafr Malik et dans le village chr\u00e9tien de Taybeh ces derni\u00e8res semaines \u00bb.<\/p>\n<p>\u00ab Ces violences sont des actes de terrorisme. Les colons ont fait plus de 30 morts depuis le d\u00e9but de l\u2019ann\u00e9e 2022. Les autorit\u00e9s isra\u00e9liennes doivent prendre leurs responsabilit\u00e9s et sanctionner imm\u00e9diatement les auteurs de ces violences, qui se poursuivent en toute impunit\u00e9, et prot\u00e9ger les civils palestiniens \u00bb poursuit le Quai d\u2019Orsay qui \u00ab r\u00e9it\u00e8re sa condamnation totale de la colonisation, contraire au droit international, comme l\u2019a rappel\u00e9 la Cour internationale de justice dans son avis consultatif du 19 juillet 2024 \u00bb.<\/p>\n<p>Et de poursuivre: \u00ab Elle a adopt\u00e9 des sanctions, \u00e0 titre national et dans le cadre de trois paquets europ\u00e9ens, \u00e0 l\u2019encontre de colons qui se sont rendus coupables de violences contre des civils palestiniens en Cisjordanie \u00bb.<\/p>\n<p>\u00ab Elle continuera de soutenir l\u2019adoption de nouvelles mesures au sein de l\u2019Union europ\u00e9enne se tient pr\u00eate \u00e0 prendre des mesures suppl\u00e9mentaires \u00e0 titre national, y compris contre les membres du gouvernement qui soutiennent ces violences si celles-ci devaient se poursuivre \u00bb conclut le communiqu\u00e9 de presse de la diplomatie fran\u00e7aise.<\/p>\n<p>Ces d\u00e9clarations interviennent alors que lundi d\u00e9j\u00e0, depuis la conf\u00e9rence des Nations Unies pour la mise \u0153uvre d\u2019une solution \u00e0 deux Etats, le ministre de l\u2019Europe et des Affaires Etrang\u00e8res, Jean-No\u00ebl Barrot, avait renouvel\u00e9 sa stricte condamnation de la colonisation de la Cisjordanie et du massacre des populations palestiniennes de Gaza.<\/p>\n<p>L&rsquo;arm\u00e9e isra\u00e9lienne m\u00e8ne, depuis le 7 octobre 2023, une guerre d\u00e9vastatrice dans la bande de Gaza, faisant \u00e0 ce stade plus de 60 000 morts, d\u00e9truisant la quasi-totalit\u00e9 des infrastructures et utilisant la famine comme arme de guerre, avec un blocus emp\u00eachant l&rsquo;entr\u00e9e de nourriture, de m\u00e9dicaments et d\u2019\u00e9nergie.<\/p>\n<p>En novembre dernier, la Cour p\u00e9nale internationale (CPI) a \u00e9mis des mandats d\u2019arr\u00eat contre le Premier ministre isra\u00e9lien Benyamin Netanyahu et son ancien ministre de la D\u00e9fense Yoav Gallant, pour crimes de guerre et crimes contre l\u2019humanit\u00e9 commis \u00e0 Gaza.<\/p>\n<p>Isra\u00ebl fait \u00e9galement l\u2019objet d\u2019une plainte pour g\u00e9nocide devant la Cour internationale de Justice (CIJ) en lien avec sa guerre contre l\u2019enclave.<\/p>\n<p>                            &#13;<br \/>\n                                <a href=\"https:\/\/www.aa.com.tr\/fr\/p\/abonnement\/1001\" target=\"_blank\" style=\"font-size:12px; color:#444; text-decoration:none;\" rel=\"nofollow noopener\">&#13;<br \/>\n                                    Seulement une partie des d\u00e9p\u00eaches, que l&rsquo;Agence Anadolu diffuse \u00e0 ses abonn\u00e9s via le Syst\u00e8me de Diffusion interne (HAS), est diffus\u00e9e sur le site de l&rsquo;AA, de mani\u00e8re r\u00e9sum\u00e9e. <b style=\"color:#1897F7\">Contactez-nous s&rsquo;il vous pla\u00eet pour vous abonner.<\/b>&#13;<br \/>\n                                <\/a>&#13;<\/p>\n","protected":false},"excerpt":{"rendered":"AA \/ Nice \/ Fe\u00efza Ben Mohamed La France qualifie pour la premi\u00e8re fois, les violences perp\u00e9tr\u00e9es par&hellip;\n","protected":false},"author":2,"featured_media":282310,"comment_status":"","ping_status":"","sticky":false,"template":"","format":"standard","meta":{"footnotes":""},"categories":[4],"tags":[11,1785,42143,42144,1011,27,12,25,1254],"class_list":{"0":"post-282309","1":"post","2":"type-post","3":"status-publish","4":"format-standard","5":"has-post-thumbnail","7":"category-france","8":"tag-actualites","9":"tag-anadolu-ajansi","10":"tag-cisjordanie-occupe","11":"tag-colons-israliens","12":"tag-fr","13":"tag-france","14":"tag-news","15":"tag-republique-francaise","16":"tag-terrorisme"},"share_on_mastodon":{"url":"https:\/\/pubeurope.com\/@fr\/114937520723822790","error":""},"_links":{"self":[{"href":"https:\/\/www.europesays.com\/fr\/wp-json\/wp\/v2\/posts\/282309","targetHints":{"allow":["GET"]}}],"collection":[{"href":"https:\/\/www.europesays.com\/fr\/wp-json\/wp\/v2\/posts"}],"about":[{"href":"https:\/\/www.europesays.com\/fr\/wp-json\/wp\/v2\/types\/post"}],"author":[{"embeddable":true,"href":"https:\/\/www.europesays.com\/fr\/wp-json\/wp\/v2\/users\/2"}],"replies":[{"embeddable":true,"href":"https:\/\/www.europesays.com\/fr\/wp-json\/wp\/v2\/comments?post=282309"}],"version-history":[{"count":0,"href":"https:\/\/www.europesays.com\/fr\/wp-json\/wp\/v2\/posts\/282309\/revisions"}],"wp:featuredmedia":[{"embeddable":true,"href":"https:\/\/www.europesays.com\/fr\/wp-json\/wp\/v2\/media\/282310"}],"wp:attachment":[{"href":"https:\/\/www.europesays.com\/fr\/wp-json\/wp\/v2\/media?parent=282309"}],"wp:term":[{"taxonomy":"category","embeddable":true,"href":"https:\/\/www.europesays.com\/fr\/wp-json\/wp\/v2\/categories?post=282309"},{"taxonomy":"post_tag","embeddable":true,"href":"https:\/\/www.europesays.com\/fr\/wp-json\/wp\/v2\/tags?post=282309"}],"curies":[{"name":"wp","href":"https:\/\/api.w.org\/{rel}","templated":true}]}}