{"id":282312,"date":"2025-07-29T16:43:10","date_gmt":"2025-07-29T16:43:10","guid":{"rendered":"https:\/\/www.europesays.com\/fr\/282312\/"},"modified":"2025-07-29T16:43:10","modified_gmt":"2025-07-29T16:43:10","slug":"le-tours-vb-debutera-la-saison-a-grenon-contre-le-promu-ajaccio","status":"publish","type":"post","link":"https:\/\/www.europesays.com\/fr\/282312\/","title":{"rendered":"le Tours VB d\u00e9butera la saison \u00e0 Grenon contre le promu Ajaccio"},"content":{"rendered":"<p>Grenon pourra vibrer d\u2019entr\u00e9e\u00a0! Car c\u2019est \u00e0 domicile que le Tours Volley-Ball va entamer son championnat 2025-2026, lors duquel il remettra une nouvelle fois <a target=\"_self\" href=\"https:\/\/www.lanouvellerepublique.fr\/poitiers\/msl-le-sacre-pour-tours-la-fierte-de-poitiers-1747520021\" rel=\"nofollow noopener\">son titre de champion<\/a> en jeu. Ce sera le mardi 21\u00a0octobre, contre le promu corse, le Gaz\u00e9lec Ajaccio\u00a0!<\/p>\n<p>Mais c\u2019est lors de la 4e\u00a0journ\u00e9e que le chaudron tourangeau aura r\u00e9ellement l\u2019occasion de s\u2019enflammer, avec le toujours tr\u00e8s attendu derby face \u00e0 Poitiers, programm\u00e9 le samedi 1er\u00a0novembre (le retour en terres poitevines est fix\u00e9 au 21\u00a0f\u00e9vrier). Un derby qui sera peut-\u00eatre encore plus palpitant cette saison, alors que les deux \u00e9quipes se sont affront\u00e9es en finale de MSL en mai dernier\u00a0!<\/p>\n<p>S\u2019ensuivra un d\u00e9placement \u00e0 Montpellier qui servira probablement de v\u00e9ritable test pour les Tourangeaux version 2025-2026, avec d\u00e9sormais Mladen Kasic, successeur de Marcelo Fronckowiak, aux commandes.<\/p>\n<p>Un duel face \u00e0 Nice lors des f\u00eates de fin d\u2019ann\u00e9e<\/p>\n<p>Le d\u00e9placement \u00e0 Tourcoing lors de la 9e\u00a0journ\u00e9e et la r\u00e9ception de Chaumont lors de la suivante seront \u00e9galement de bonnes occasions de se jauger. La phase aller de cette saison r\u00e9guli\u00e8re s\u2019ach\u00e8vera le 30\u00a0d\u00e9cembre par la venue de Nice, que le TVB avait \u00e9cart\u00e9 en quarts de finale des play-offs lors du pr\u00e9c\u00e9dent exercice.<\/p>\n<p>La phase retour se terminera, quant \u00e0 elle, le 21\u00a0mars, par la r\u00e9ception de S\u00e8te. \u00c0 noter que le championnat revient \u00e0 une formule \u00e0 14 \u00e9quipes, apr\u00e8s une saison disput\u00e9e \u00e0 13 en raison du d\u00e9p\u00f4t de bilan de Nantes-Rez\u00e9.<\/p>\n<p><strong>Le calendrier 2025-2026 en MSL.<\/strong> 21\/10\u00a0: Tours\u00a0&#8211; Ajaccio (retour le 17\/01)\u00a0; 25\/10\u00a0: Plessis-Robinson\u00a0&#8211; Tours (14\/02)\u00a0; 28\/10\u00a0: Tours\u00a0&#8211; Narbonne (31\/01)\u00a0; 1\/11\u00a0: Tours\u00a0&#8211; Poitiers (21\/02)\u00a0; 7\/11\u00a0: Montpellier\u00a0&#8211; Tours (10\/01)\u00a0; 14\/11\u00a0: Tours\u00a0&#8211; Paris (3\/01)\u00a0; 22\/11\u00a0: Cannes\u00a0&#8211; Tours (24\/01)\u00a0; 29\/11\u00a0: Tours\u00a0&#8211; Saint-Nazaire (28\/02)\u00a0; 2\/12\u00a0: Tourcoing\u00a0&#8211; Tours (07\/03)\u00a0; 5\/12\u00a0: Tours\u00a0&#8211; Chaumont (14\/03)\u00a0; 13\/12\u00a0: Toulouse\u00a0&#8211; Tours (3\/02)\u00a0; 21\/12\u00a0: S\u00e8te\u00a0&#8211; Tours (21\/03)\u00a0; 30\/12\u00a0: Tours\u00a0&#8211; Nice (06\/02).<\/p>\n<p class=\"alireaussi\"><b>&gt;\u00a0Rejoignez la communaut\u00e9 NR\u00a0&#8211; Les sports en Touraine sur Facebook.<\/b><\/p>\n<p>\u00a0<\/p>\n","protected":false},"excerpt":{"rendered":"Grenon pourra vibrer d\u2019entr\u00e9e\u00a0! Car c\u2019est \u00e0 domicile que le Tours Volley-Ball va entamer son championnat 2025-2026, lors&hellip;\n","protected":false},"author":2,"featured_media":282313,"comment_status":"","ping_status":"","sticky":false,"template":"","format":"standard","meta":{"footnotes":""},"categories":[1417],"tags":[1392,1011,27,1387,1655,60,1390,1471,2767,1470,1469],"class_list":{"0":"post-282312","1":"post","2":"type-post","3":"status-publish","4":"format-standard","5":"has-post-thumbnail","7":"category-volley","8":"tag-a-la-une-local","9":"tag-fr","10":"tag-france","11":"tag-indre-et-loire","12":"tag-ligue-a","13":"tag-sports","14":"tag-tours","15":"tag-tours-volley-ball","16":"tag-tvb-37","17":"tag-volley","18":"tag-volleyball"},"share_on_mastodon":{"url":"https:\/\/pubeurope.com\/@fr\/114937528663026553","error":""},"_links":{"self":[{"href":"https:\/\/www.europesays.com\/fr\/wp-json\/wp\/v2\/posts\/282312","targetHints":{"allow":["GET"]}}],"collection":[{"href":"https:\/\/www.europesays.com\/fr\/wp-json\/wp\/v2\/posts"}],"about":[{"href":"https:\/\/www.europesays.com\/fr\/wp-json\/wp\/v2\/types\/post"}],"author":[{"embeddable":true,"href":"https:\/\/www.europesays.com\/fr\/wp-json\/wp\/v2\/users\/2"}],"replies":[{"embeddable":true,"href":"https:\/\/www.europesays.com\/fr\/wp-json\/wp\/v2\/comments?post=282312"}],"version-history":[{"count":0,"href":"https:\/\/www.europesays.com\/fr\/wp-json\/wp\/v2\/posts\/282312\/revisions"}],"wp:featuredmedia":[{"embeddable":true,"href":"https:\/\/www.europesays.com\/fr\/wp-json\/wp\/v2\/media\/282313"}],"wp:attachment":[{"href":"https:\/\/www.europesays.com\/fr\/wp-json\/wp\/v2\/media?parent=282312"}],"wp:term":[{"taxonomy":"category","embeddable":true,"href":"https:\/\/www.europesays.com\/fr\/wp-json\/wp\/v2\/categories?post=282312"},{"taxonomy":"post_tag","embeddable":true,"href":"https:\/\/www.europesays.com\/fr\/wp-json\/wp\/v2\/tags?post=282312"}],"curies":[{"name":"wp","href":"https:\/\/api.w.org\/{rel}","templated":true}]}}