{"id":282314,"date":"2025-07-29T16:44:10","date_gmt":"2025-07-29T16:44:10","guid":{"rendered":"https:\/\/www.europesays.com\/fr\/282314\/"},"modified":"2025-07-29T16:44:10","modified_gmt":"2025-07-29T16:44:10","slug":"quelle-equipe-type-pour-lyon-la-saison-prochaine","status":"publish","type":"post","link":"https:\/\/www.europesays.com\/fr\/282314\/","title":{"rendered":"quelle \u00e9quipe type pour Lyon la saison prochaine\u00a0?"},"content":{"rendered":"<p>            Par<br \/>\n        <strong><br \/>\n            <a href=\"https:\/\/actu.fr\/auteur\/anthony-assemat\" title=\"Consulter tous les articles de Anthony Assemat\" target=\"_blank\" rel=\"noopener\">Anthony Assemat<\/a><br \/>\n        <\/strong><\/p>\n<p>        Publi\u00e9 le<\/p>\n<p>            29 juil. 2025 \u00e0 16h10        <\/p>\n<p>D\u00e9cevant en Top 14 (il a fini \u00e0 la 11e place), Lyon a \u00e9galement atteint la finale de <a href=\"https:\/\/actu.fr\/auvergne-rhone-alpes\/lyon_69123\/le-lou-a-tout-rate-en-mai-que-peut-il-encore-esperer-ca-ne-va-pas-etre-evident-de-switcher_62683613.html\" target=\"_blank\" rel=\"noopener\">la Challenge Cup face aux Anglais de Bath<\/a>. L\u2019objectif sera de retrouver les phases finales. Voici l\u2019\u00e9quipe type de Lyon la saison prochaine.<\/p>\n<p>Les arriv\u00e9es : deux fus\u00e9es et un pilier qui aime les essais !<\/p>\n<p class=\" wall-content\">Le LOU se devait de remplacer deux joueurs phares de sa ligne de trois-quarts : Davit Niniashvili et Semi Radradra. Dirigeants et staff ont jet\u00e9 leur d\u00e9volu sur un connaisseur et vrai Z\u00e9bulon du Top 14, le Fidjien<strong> Jiuta Wainiqolo,<\/strong> l\u2019espoir de B\u00e9ziers <strong>Gabin Lorre<\/strong> et le solide centre des Fijian Drua <strong>Iosefo Masi.<\/strong><\/p>\n<p class=\" wall-content\">Le premier a inscrit 11 essais en 19 rencontres de Top 14 avec Toulon et de nombreuses images de ses chevauch\u00e9es fantastiques nous reviennent en m\u00e9moire. Le second affiche 30 essais en deux saisons de Top 14 avec les H\u00e9raultais et sa polyvalence arri\u00e8re-ailier sera bien utile. V\u00e9ritable attraction de la Pro D2, il a tout pour percer \u00e0 l\u2019\u00e9tage au-dessus. Enfin, Masi devrait garantir de la solidit\u00e9 au milieu de terrain.<\/p>\n<p class=\" wall-content\">Autre \u00e9l\u00e9ment qui a montr\u00e9 ses qualit\u00e9s en Pro D2 : le talonneur de Grenoble <strong>Mathis Sarragallet<\/strong>. <a href=\"https:\/\/actu.fr\/auvergne-rhone-alpes\/grenoble_38185\/finale-pro-d2-j-ai-l-impression-qu-on-n-y-arrivera-jamais-le-desarroi-touchant-de-romain-trouilloud_62744675.html\" target=\"_blank\" rel=\"noopener\">(Encore) maudit avec les Alpins en phase finale<\/a>, le joueur de 25 ans (89 matchs en cinq saisons sous le maillot rouge et bleu) passe un cap en d\u00e9barquant \u00e0 Lyon et fera face \u00e0 une concurrence f\u00e9roce avec Camille Chat et Guillaume Marchand.<\/p>\n<p class=\" wall-content\">En num\u00e9ro 8, c\u2019est l\u2019Anglais <strong>Sam Simmonds<\/strong> qui arrive de Montpellier. L\u2019ancienne pi\u00e8ce ma\u00eetresse d\u2019Exeter (il a \u00e9t\u00e9 champion d\u2019Europe et deux fois champions d\u2019Angleterre avec ce club) ne s\u2019est pas montr\u00e9 \u00e0 son avantage dans l\u2019H\u00e9rault depuis son transfert en 2023. Apr\u00e8s la succession rat\u00e9e de Zach Mercer, sera-t-il la bonne pioche du recrutement lyonnais ?\u00a0<\/p>\n<p class=\" wall-content\">Enfin, Lyon a r\u00e9ussi \u00e0 attirer l\u2019une des r\u00e9v\u00e9lations de Vannes : le pilier <strong>Thomas Moukoro<\/strong>. Meilleur marqueur d\u2019essais pour un avant la saison derni\u00e8re avec le Parisien Sekou Macalou (9 r\u00e9alisations), le joueur arrive dans une \u00e9quipe ambitieuse\u2026 et dans laquelle il esp\u00e8re continuer \u00e0 scorer !<\/p>\n<p class=\" wall-content\"><strong>Les arriv\u00e9es :\u00a0<\/strong><\/p>\n<p class=\" wall-content\"><strong>-Jiuta Wainiqolo<\/strong> (ailier, Toulon)<br \/><strong>\u2013 Gabin Lorre<\/strong> (arri\u00e8re, B\u00e9ziers)<br \/><strong>\u2013 Iosefo Masi<\/strong> (centre, Fijian Drua)<br \/><strong>\u2013 Sam Simmonds<\/strong> (3e ligne, Montpellier)<br \/><strong>\u2013 Thomas Moukoro<\/strong> (pilier, Vannes)<br \/><strong>\u2013 Mathis Sarragallet<\/strong> (talonneur, Grenoble)<br \/><strong>\u2013 Arthur Mathiron<\/strong> (ailier, Nevers en retour de pr\u00eat)<\/p>\n<p>Les d\u00e9parts : l\u2019exode des piliers, Radradra au Japon<\/p>\n<p class=\" wall-content\">Karim Ghezal a vu partir trois piliers \u00e0 l\u2019intersaison : arriv\u00e9 en cours d\u2019ann\u00e9e de Castres, <strong>Wayan de Benedittis<\/strong> n\u2019a jamais d\u00e9but\u00e9 qu\u2019un seul match, d\u00e9marrant quasiment toujours dans la peau d\u2019un finisseur. Il jouera \u00e0 Vannes, en Pro D2, la saison prochaine. <strong>Valentin Simutoga<\/strong>, lui, tentera de rebondir chez le promu montalbanais. <strong>S\u00e9bastien Taofifenua<\/strong> \u00e9tait en revanche un cadre de l\u2019\u00e9quipe. A 33 ans, il se lance dans un nouveau d\u00e9fi : faire acc\u00e9der Aix-en-Provence \u00e0 l\u2019\u00e9lite.<\/p>\n<p class=\" wall-content\">Le jeune <strong>Yanis Charcosset<\/strong> rejoint Brive et la Corr\u00e8ze tandis que le Fidjien <strong>Sam Matavesi,<\/strong> qui \u00e9tait r\u00e9guli\u00e8rement align\u00e9 dans le Rh\u00f4ne apr\u00e8s une exp\u00e9rience de quatre ans chez les Saints de Northampton, revient en Angleterre, mais \u00e0 Camborne cette fois-ci.<\/p>\n<p class=\" wall-content\">Derri\u00e8re, <strong>Martin Page-Relo<\/strong> part faire la doublure du taulier Maxime Lucu \u00e0 l\u2019UBB, tandis que deux des meilleurs joueurs du club, <strong>Davit Niniashvili<\/strong> (La Rochelle) et <strong>Semi Radradra<\/strong> (Japon), vont s\u2019offrir un nouvelle exp\u00e9rience loin de la Cit\u00e9 des Gaules.<\/p>\n<p class=\" wall-content\"><strong>Les d\u00e9parts :\u00a0<\/strong><\/p>\n<p class=\" wall-content\"><strong>-Semi Radradra<\/strong> (centre, Japon)<br \/><strong>\u2013 Davit Niniashvili<\/strong> (arri\u00e8re-ailier, La Rochelle)<br \/><strong>\u2013 Martin Page-Relo<\/strong> (demi de m\u00eal\u00e9e, UBB)<br \/><strong>\u2013 Pierre-Samuel Pacheco<\/strong> (3e ligne, Oyonnax)<br \/><strong>\u2013 Alban Roussel<\/strong> (2e ligne, Oyonnax)<br \/><strong>\u2013 Yanis Charcosset<\/strong> (talonneur, Brive)<br \/><strong>\u2013 Sam Matavesi<\/strong> (talonneur, Camborne ANG)<br \/><strong>\u2013 S\u00e9bastien Taofifenua<\/strong> (pilier, Aix-en-Provence)<br \/><strong>\u2013 Wayan De Benedittis<\/strong> (pilier, Vannes)<br \/><strong>\u2013 Valentin Simutoga<\/strong> (pilier, Montauban en pr\u00eat)<\/p>\n<p>L\u2019objectif : la r\u00e9gularit\u00e9, et revenir dans le Top 6<\/p>\n<p class=\" wall-content\">Le nouveau pr\u00e9sident lyonnais,<strong> Marc-Antoine Ginon<\/strong>, a livr\u00e9 ses objectifs pour la nouvelle saison : \u00ab\u00a0Notre objectif avec le staff, c\u2019est d\u2019\u00eatre r\u00e9gulier pour redevenir attractif, et aller le plus loin possible\u00a0\u00bb. Pour<strong> Karim Ghezal,<\/strong> le manager, \u00ab\u00a0on est en capacit\u00e9 de lutter. Le plus important, c\u2019est la r\u00e9gularit\u00e9. Sur les derniers matchs, on n\u2019avait peut-\u00eatre pas l\u2019effectif pour jouer les deux comp\u00e9titions. Je suis tr\u00e8s ambitieux : on a l\u2019obsession d\u2019aller chercher quelque chose\u00a0\u00bb.<\/p>\n<p class=\" wall-content\">\n<p class=\" wall-content\">11e les deux derni\u00e8res saisons, Lyon n\u2019a plus go\u00fbt\u00e9 aux phases finales depuis 2023 \u2013 o\u00f9 il s\u2019\u00e9tait inclin\u00e9 en barrage \u00e0 domicile face \u00e0 Bordeaux-B\u00e8gles \u2013 et se verrait bien regagner un titre depuis la Challenge Cup soulev\u00e9e en 2022.<\/p>\n<p>L\u2019\u00e9quipe type de Lyon<\/p>\n<p class=\" wall-content\">Malgr\u00e9 pas mal de mouvements, Lyon s\u2019appuie sur une \u00e9pine dorsale solide, une charni\u00e8re de haut niveau qui a ses rep\u00e8res (Couilloud-Berdeu) et des joueurs qui ont go\u00fbt\u00e9 au maillot frapp\u00e9 du Coq, avec Micka\u00ebl Guillard en figure de proue, v\u00e9ritable r\u00e9v\u00e9lation avec l\u2019\u00e9quipe de France <a href=\"https:\/\/actu.fr\/sports\/rugby\/pro\/les-notes-de-nouvelle-zelande-france-29-19-guillard-a-tout-donne-barre-a-la-faute_62932458.html\" target=\"_blank\" rel=\"noopener\">et encore au four et au moulin en Nouvelle-Z\u00e9lande<\/a>. L\u2019option de le voir jouer en 8, une r\u00e9ussite avec Fabien Galthi\u00e9, sera-t-elle d\u2019ailleurs reprise sur la dur\u00e9e par Ghezal en Top 14 ?<\/p>\n<p class=\" wall-content\"><strong>Le XV type de Lyon :<\/strong> Lorre ; Wainiqolo, Maraku, Millet, Ioane ; (o) Berdeu, (m) Couilloud ; Saginadze (ou William), Simmonds, Cretin ; Guillard, William (ou G\u00e9raci) ; Ainsley, Marchand, Moukoro.<\/p>\n<p class=\" wall-content\">Suivez toute l\u2019actualit\u00e9 de vos villes et m\u00e9dias favoris en vous inscrivant \u00e0 <a href=\"https:\/\/moncompte.actu.fr\" title=\"D\u00e9couvez Mon Actu\" rel=\"nofollow noopener\" data-trk=\"{&quot;cta&quot;:{&quot;action&quot;:&quot;https:\\\/\\\/moncompte.actu.fr&quot;,&quot;category&quot;:&quot;mon compte&quot;,&quot;from&quot;:&quot;article footer&quot;,&quot;name&quot;:&quot;Mon actu&quot;,&quot;type&quot;:&quot;cta&quot;}}\" target=\"_blank\">Mon Actu<\/a>.<\/p>\n<ul class=\"ac-article-tag wall-content\">\n<li><a href=\"https:\/\/actu.fr\/tag\/lyon-olympique-universitaire\" data-trk=\"{&quot;cta&quot;:{&quot;action&quot;:&quot;Lyon Olympique Universitaire (LOU)&quot;,&quot;category&quot;:&quot;tag&quot;,&quot;from&quot;:&quot;article footer&quot;,&quot;name&quot;:&quot;Lyon Olympique Universitaire (LOU)&quot;,&quot;type&quot;:&quot;cta&quot;}}\" target=\"_blank\" rel=\"noopener\">#Lyon Olympique Universitaire (LOU)<\/a><\/li>\n<li><a href=\"https:\/\/actu.fr\/tag\/transferts-rugby\" data-trk=\"{&quot;cta&quot;:{&quot;action&quot;:&quot;Transferts rugby&quot;,&quot;category&quot;:&quot;tag&quot;,&quot;from&quot;:&quot;article footer&quot;,&quot;name&quot;:&quot;Transferts rugby&quot;,&quot;type&quot;:&quot;cta&quot;}}\" target=\"_blank\" rel=\"noopener\">#Transferts rugby<\/a><\/li>\n<\/ul>\n","protected":false},"excerpt":{"rendered":"Par Anthony Assemat Publi\u00e9 le 29 juil. 2025 \u00e0 16h10 D\u00e9cevant en Top 14 (il a fini \u00e0&hellip;\n","protected":false},"author":2,"featured_media":282315,"comment_status":"","ping_status":"","sticky":false,"template":"","format":"standard","meta":{"footnotes":""},"categories":[1416],"tags":[1011,27,8854,479,1468,60,478,477],"class_list":{"0":"post-282314","1":"post","2":"type-post","3":"status-publish","4":"format-standard","5":"has-post-thumbnail","7":"category-rugby","8":"tag-fr","9":"tag-france","10":"tag-lyon-olympique-universitaire-lou","11":"tag-rugby","12":"tag-rugby-football","13":"tag-sports","14":"tag-top-14","15":"tag-transferts-rugby"},"share_on_mastodon":{"url":"https:\/\/pubeurope.com\/@fr\/114937532548095460","error":""},"_links":{"self":[{"href":"https:\/\/www.europesays.com\/fr\/wp-json\/wp\/v2\/posts\/282314","targetHints":{"allow":["GET"]}}],"collection":[{"href":"https:\/\/www.europesays.com\/fr\/wp-json\/wp\/v2\/posts"}],"about":[{"href":"https:\/\/www.europesays.com\/fr\/wp-json\/wp\/v2\/types\/post"}],"author":[{"embeddable":true,"href":"https:\/\/www.europesays.com\/fr\/wp-json\/wp\/v2\/users\/2"}],"replies":[{"embeddable":true,"href":"https:\/\/www.europesays.com\/fr\/wp-json\/wp\/v2\/comments?post=282314"}],"version-history":[{"count":0,"href":"https:\/\/www.europesays.com\/fr\/wp-json\/wp\/v2\/posts\/282314\/revisions"}],"wp:featuredmedia":[{"embeddable":true,"href":"https:\/\/www.europesays.com\/fr\/wp-json\/wp\/v2\/media\/282315"}],"wp:attachment":[{"href":"https:\/\/www.europesays.com\/fr\/wp-json\/wp\/v2\/media?parent=282314"}],"wp:term":[{"taxonomy":"category","embeddable":true,"href":"https:\/\/www.europesays.com\/fr\/wp-json\/wp\/v2\/categories?post=282314"},{"taxonomy":"post_tag","embeddable":true,"href":"https:\/\/www.europesays.com\/fr\/wp-json\/wp\/v2\/tags?post=282314"}],"curies":[{"name":"wp","href":"https:\/\/api.w.org\/{rel}","templated":true}]}}