{"id":282316,"date":"2025-07-29T16:45:12","date_gmt":"2025-07-29T16:45:12","guid":{"rendered":"https:\/\/www.europesays.com\/fr\/282316\/"},"modified":"2025-07-29T16:45:12","modified_gmt":"2025-07-29T16:45:12","slug":"sinner-djokovic-raducanu-alcaraz-swiatek-venus-williams-le-casting-xxl-du-double-mixte-a-lus-open-connu-lequipe","status":"publish","type":"post","link":"https:\/\/www.europesays.com\/fr\/282316\/","title":{"rendered":"Sinner, Djokovic, Raducanu-Alcaraz, Swiatek, Venus Williams : le casting XXL du double mixte \u00e0 l&#039;US Open connu &#8211; L&#039;\u00c9quipe"},"content":{"rendered":"<ol>\n<li><a href=\"https:\/\/news.google.com\/rss\/articles\/CBMi6AFBVV95cUxPVG9XeDFrd1dNYjVHcmZOSWZvdHk5Y0NWV0lPV3RHRnRWdGhYNUcxZmdhQ1FiN0ZkVlJQeVFFZE9ibm9EdDcxczExb0VBZWl3ZWJVS2IzaWNuQzBzV2VDanNFaFd6ZnQ1YUJKbldkcTFsQW5rdG9vdkNQN25LN29KcWM4RXplWWVKeXRxNmtoRVcySEJwM3FxRGlBRU1tSzdsMkxvaF9lWjZlNjdYck9WdUlIajFMdXdXazY5TU5EUmY0RVNGLUkza1dVdjh0OGFGTlpaazdRRl91SmxBRG42dUdMMUZpQ3hk?oc=5\" target=\"_blank\" rel=\"nofollow noopener\">Sinner, Djokovic, Raducanu-Alcaraz, Swiatek, Venus Williams : le casting XXL du double mixte \u00e0 l&rsquo;US Open connu<\/a>&nbsp;&nbsp;L&rsquo;\u00c9quipe<\/li>\n<li><a href=\"https:\/\/news.google.com\/rss\/articles\/CBMirgFBVV95cUxPUTRSQWR0WE1ZRTBqU1BfRmNhenYxYUh4WUhwOHVFaW02RGwxdTRZckxkTUkzSTlyX1YtX2tQMUtpZjVuUDh3elhwVVhHLUREa0ZEN0ptR2NkSVNteVA1SGJER1NnTzBpZlFjcm50cmFjdV9mcEwyQ08wMm9Dd21SSmxVaEFYTmJPWGJTMkpSRHVsYjd6eFdieHlmV2ZVZi00UU5XWTY5aGhCZkdDWkE?oc=5\" target=\"_blank\" rel=\"nofollow noopener\">US Open, ATP &#8211; WTA &gt; Le nouveau partenaire de Badosa est connu apr\u00e8s sa rupture avec Tsitsipas<\/a>&nbsp;&nbsp;We Love Tennis<\/li>\n<li><a href=\"https:\/\/news.google.com\/rss\/articles\/CBMihAFBVV95cUxPQ2hFUlFYWDNqV3gwekw5Wkd5eDRiOWEzdmhGQkU4VjN4TEJPN3llYUdTaXdjc3RHYVFFXzVaV1hFNDRyLXNmVGxhV2FxYkw3ZnpSMkVROGpISFpxMEVRei0wam11MDFHUmROY2JENDhPc3czVENqYVI5ckZJbG9ULUVmSTE?oc=5\" target=\"_blank\" rel=\"nofollow noopener\">Badosa remplace Zheng et jouera aux c\u00f4t\u00e9s de Draper au double mixte de l\u2019US Open, la paire Kyrgios\/Osaka retir\u00e9e des participants<\/a>&nbsp;&nbsp;Tennis Temple<\/li>\n<li><a href=\"https:\/\/news.google.com\/rss\/articles\/CBMiogFBVV95cUxPVU5mbUM5Qi1UNE9IYm02dlNsbnN0d0FsNXc1aXZ0YXNubEFxV0NXT3JZbHNab0c2UXlXdm1fb2F6T3V6Q2VjMzRHa0pqUFRNN01acWsyQWhDZl9BX2pqRDZzczhndEhpUG45akkzS0dkVWtPTEx2cDlScWFUUWYtcGc2ZEp6c2IyR29LcGE3bDJMZDgwX2xHSDQzbjhMRVlvNnc?oc=5\" target=\"_blank\" rel=\"nofollow noopener\">US Open : les 14 premi\u00e8res \u00e9quipes du double mixte d\u00e9voil\u00e9es<\/a>&nbsp;&nbsp;Univers Tennis<\/li>\n<li><a href=\"https:\/\/news.google.com\/rss\/articles\/CBMitwFBVV95cUxPWVFMRlBpeVZXdWNma0xDRmZJNVFIbnF0WWlmcWJlbmNmUU5aLWNPdmNKc1NMeUFfLTE5d1RabnFua3VMbnBsck96MXI0TUtSek1zYnZMOGxIcHROSmZHb2d6amJ4T0xRTl9EcHZPZGN3RU9mYkFxdlVHM2ZsdDhDMmJYbGNzSnR6SjNHMm1mbkVGeUxqQUk2cUJPSnI4UFlCaXdfa3VxNHM1T0RuVjRIaGh0MVgwSmM?oc=5\" target=\"_blank\" rel=\"nofollow noopener\">US Open &#8211; Quel est le casting final pour le double mixte de l&rsquo;US Open 2025 ?<\/a>&nbsp;&nbsp;Tennis Actu<\/li>\n<\/ol>\n","protected":false},"excerpt":{"rendered":"Sinner, Djokovic, Raducanu-Alcaraz, Swiatek, Venus Williams : le casting XXL du double mixte \u00e0 l&rsquo;US Open connu&nbsp;&nbsp;L&rsquo;\u00c9quipe US&hellip;\n","protected":false},"author":2,"featured_media":282317,"comment_status":"","ping_status":"","sticky":false,"template":"","format":"standard","meta":{"footnotes":""},"categories":[1415],"tags":[1011,27,60,1467],"class_list":{"0":"post-282316","1":"post","2":"type-post","3":"status-publish","4":"format-standard","5":"has-post-thumbnail","7":"category-tennis","8":"tag-fr","9":"tag-france","10":"tag-sports","11":"tag-tennis"},"share_on_mastodon":{"url":"https:\/\/pubeurope.com\/@fr\/114937536757864500","error":""},"_links":{"self":[{"href":"https:\/\/www.europesays.com\/fr\/wp-json\/wp\/v2\/posts\/282316","targetHints":{"allow":["GET"]}}],"collection":[{"href":"https:\/\/www.europesays.com\/fr\/wp-json\/wp\/v2\/posts"}],"about":[{"href":"https:\/\/www.europesays.com\/fr\/wp-json\/wp\/v2\/types\/post"}],"author":[{"embeddable":true,"href":"https:\/\/www.europesays.com\/fr\/wp-json\/wp\/v2\/users\/2"}],"replies":[{"embeddable":true,"href":"https:\/\/www.europesays.com\/fr\/wp-json\/wp\/v2\/comments?post=282316"}],"version-history":[{"count":0,"href":"https:\/\/www.europesays.com\/fr\/wp-json\/wp\/v2\/posts\/282316\/revisions"}],"wp:featuredmedia":[{"embeddable":true,"href":"https:\/\/www.europesays.com\/fr\/wp-json\/wp\/v2\/media\/282317"}],"wp:attachment":[{"href":"https:\/\/www.europesays.com\/fr\/wp-json\/wp\/v2\/media?parent=282316"}],"wp:term":[{"taxonomy":"category","embeddable":true,"href":"https:\/\/www.europesays.com\/fr\/wp-json\/wp\/v2\/categories?post=282316"},{"taxonomy":"post_tag","embeddable":true,"href":"https:\/\/www.europesays.com\/fr\/wp-json\/wp\/v2\/tags?post=282316"}],"curies":[{"name":"wp","href":"https:\/\/api.w.org\/{rel}","templated":true}]}}