{"id":282318,"date":"2025-07-29T16:46:13","date_gmt":"2025-07-29T16:46:13","guid":{"rendered":"https:\/\/www.europesays.com\/fr\/282318\/"},"modified":"2025-07-29T16:46:13","modified_gmt":"2025-07-29T16:46:13","slug":"basket-lequipe-de-france-masculine-a-rouen-au-mans-et-a-pau-pour-les-qualifications-a-la-coupe-du-monde-2027-2","status":"publish","type":"post","link":"https:\/\/www.europesays.com\/fr\/282318\/","title":{"rendered":"BASKET : L&rsquo;\u00e9quipe de France masculine \u00e0 Rouen, au Mans et \u00e0 Pau, pour les qualifications \u00e0 la Coupe du Monde 2027"},"content":{"rendered":"<p><a href=\"https:\/\/www.elanchalon.com\/la-campagne-dabonnement-2025-2026-est-lancee\/\" target=\"_blank\" rel=\"nofollow noopener\"><img decoding=\"async\" border=\"0\" class=\"adImgWide\" src=\"https:\/\/www.europesays.com\/fr\/wp-content\/uploads\/2025\/07\/ad_innews_1_2_autun.jpg\"\/><\/a>La F\u00e9d\u00e9ration Fran\u00e7aise de Basket-Ball a d\u00e9voil\u00e9 les villes qui<br \/>\naccueilleront les rencontres de l\u2019\u00c9quipe de France masculine lors de la<br \/>\npremi\u00e8re phase de qualification \u00e0 la Coupe du Monde 2027.<br \/>L\u2019\u00c9quipe de<br \/>\n France masculine d\u00e9butera la premi\u00e8re phase des qualifications \u00e0 la<br \/>\nCoupe du Monde 2027 (Qatar, 27 ao\u00fbt \u2013 12 septembre 2027) en novembre<br \/>\n2025.<br \/>Six rencontres sont au programme d\u2019ici au mois de juillet 2026.<br \/>\n Dans la poule G, compos\u00e9e de quatre \u00e9quipes, les trois premiers du<br \/>\nclassement seront qualifi\u00e9s pour la deuxi\u00e8me phase qui se d\u00e9roulera du<br \/>\nmois d\u2019ao\u00fbt 2026 au mois de f\u00e9vrier 2027 (tous les r\u00e9sultats obtenus<br \/>\nlors de la premi\u00e8re phase sont conserv\u00e9s pour la seconde).<br \/>Lors des<br \/>\nmatches \u00e0 domicile de cette premi\u00e8re phase, les Bleus affronteront la<br \/>\nBelgique \u00e0 Rouen le 28 novembre 2025, un adversaire \u00e0 d\u00e9terminer<br \/>\n(Mac\u00e9doine du Nord, Hongrie ou Roumanie) au Mans le 1er mars 2026 et la<br \/>\nFinlande \u00e0 Pau le 6 juillet 2026.<br \/>Retrouvez le calendrier complet de la premi\u00e8re phase sur :\u00a0<a href=\"https:\/\/www.teamfrancebasket.com\" rel=\"nofollow noopener\" target=\"_blank\">www.teamfrancebasket.com<\/a>\t\t\t\t\t\t\t<\/p>\n","protected":false},"excerpt":{"rendered":"La F\u00e9d\u00e9ration Fran\u00e7aise de Basket-Ball a d\u00e9voil\u00e9 les villes qui accueilleront les rencontres de l\u2019\u00c9quipe de France masculine&hellip;\n","protected":false},"author":2,"featured_media":236531,"comment_status":"","ping_status":"","sticky":false,"template":"","format":"standard","meta":{"footnotes":""},"categories":[1414],"tags":[1465,1464,1011,27,60],"class_list":{"0":"post-282318","1":"post","2":"type-post","3":"status-publish","4":"format-standard","5":"has-post-thumbnail","7":"category-basket","8":"tag-basket","9":"tag-basketball","10":"tag-fr","11":"tag-france","12":"tag-sports"},"share_on_mastodon":{"url":"https:\/\/pubeurope.com\/@fr\/114937540526436564","error":""},"_links":{"self":[{"href":"https:\/\/www.europesays.com\/fr\/wp-json\/wp\/v2\/posts\/282318","targetHints":{"allow":["GET"]}}],"collection":[{"href":"https:\/\/www.europesays.com\/fr\/wp-json\/wp\/v2\/posts"}],"about":[{"href":"https:\/\/www.europesays.com\/fr\/wp-json\/wp\/v2\/types\/post"}],"author":[{"embeddable":true,"href":"https:\/\/www.europesays.com\/fr\/wp-json\/wp\/v2\/users\/2"}],"replies":[{"embeddable":true,"href":"https:\/\/www.europesays.com\/fr\/wp-json\/wp\/v2\/comments?post=282318"}],"version-history":[{"count":0,"href":"https:\/\/www.europesays.com\/fr\/wp-json\/wp\/v2\/posts\/282318\/revisions"}],"wp:featuredmedia":[{"embeddable":true,"href":"https:\/\/www.europesays.com\/fr\/wp-json\/wp\/v2\/media\/236531"}],"wp:attachment":[{"href":"https:\/\/www.europesays.com\/fr\/wp-json\/wp\/v2\/media?parent=282318"}],"wp:term":[{"taxonomy":"category","embeddable":true,"href":"https:\/\/www.europesays.com\/fr\/wp-json\/wp\/v2\/categories?post=282318"},{"taxonomy":"post_tag","embeddable":true,"href":"https:\/\/www.europesays.com\/fr\/wp-json\/wp\/v2\/tags?post=282318"}],"curies":[{"name":"wp","href":"https:\/\/api.w.org\/{rel}","templated":true}]}}