{"id":282319,"date":"2025-07-29T16:47:13","date_gmt":"2025-07-29T16:47:13","guid":{"rendered":"https:\/\/www.europesays.com\/fr\/282319\/"},"modified":"2025-07-29T16:47:13","modified_gmt":"2025-07-29T16:47:13","slug":"quels-pilotes-se-qualifient-systematiquement-mieux-que-leur-coequipier","status":"publish","type":"post","link":"https:\/\/www.europesays.com\/fr\/282319\/","title":{"rendered":"Quels pilotes se qualifient syst\u00e9matiquement mieux que leur co\u00e9quipier ?"},"content":{"rendered":"<p>Depuis le d\u00e9veloppement de l&rsquo;a\u00e9rodynamique et des correcteurs d&rsquo;assiette en MotoGP, se positionner le plus possible \u00e0 l&rsquo;avant de la grille de d\u00e9part est devenu pratiquement essentiel pour esp\u00e9rer obtenir un bon r\u00e9sultat sous le drapeau \u00e0 damier.<\/p>\n<p>Cela ne fait pas tout, bien s\u00fbr. <a href=\"https:\/\/fr.motorsport.com\/driver\/fabio-quartararo\/109400\/\" target=\"_blank\" rel=\"noopener\">Fabio Quartararo<\/a> en sait quelque chose, lui qui est parti quatre fois de la pole position cette ann\u00e9e et n&rsquo;a pu le traduire qu&rsquo;en un seul podium, obtenu \u00e0 Jerez o\u00f9 il venait de s&rsquo;\u00e9lancer du haut de la grille pour la premi\u00e8re fois en trois ans.\u00a0Au Mans et \u00e0 Silverstone, o\u00f9 il a \u00e9galement d\u00e9croch\u00e9 la pole, il a respectivement chut\u00e9 et a d\u00fb abandonner en raison d&rsquo;un probl\u00e8me m\u00e9canique alors qu&rsquo;il se trouvait en t\u00eate de la course.<\/p>\n<p>\u00c0 Assen non plus, le Fran\u00e7ais n&rsquo;a pas r\u00e9ussi \u00e0 faire fructifier sa premi\u00e8re place en Q2, terminant dixi\u00e8me au guidon d&rsquo;une Yamaha qui ne peine plus autant qu&rsquo;avant \u00e0 performer sur le tour lanc\u00e9 mais reste en d\u00e9licatesse sur la dur\u00e9e.\u00a0<a href=\"https:\/\/fr.motorsport.com\/driver\/pecco-bagnaia\/109394\/\" target=\"_blank\" rel=\"noopener\">Pecco Bagnaia<\/a> n&rsquo;a pas non plus r\u00e9ussi \u00e0 concr\u00e9tiser sa seule pole position de l&rsquo;ann\u00e9e \u00e0 Brno, puisqu&rsquo;il n&rsquo;a pu monter sur le podium ni le samedi lors du sprint, ni le dimanche lors de la course.<\/p>\n<p>Une pole n&rsquo;efface pas les difficult\u00e9s que peuvent conna\u00eetre leurs auteurs. N\u00e9anmoins, malgr\u00e9 quelques exceptions, partir des deux premi\u00e8res lignes de la grille est devenu indispensable pour pouvoir pr\u00e9tendre au podium, voire au top 5.<\/p>\n<p>Le leader incontest\u00e9 du championnat en est un bon exemple. \u00c0 l&rsquo;exception d&rsquo;Austin, o\u00f9 il est tomb\u00e9 en se d\u00e9concentrant comme il l&rsquo;a lui-m\u00eame admis, <a href=\"https:\/\/fr.motorsport.com\/driver\/marc-marquez\/92646\/\" target=\"_blank\" rel=\"noopener\">Marc M\u00e1rquez<\/a> a toujours remport\u00e9 les courses pour lesquelles il est parti de la pole position, qu&rsquo;il s&rsquo;agisse de sprints ou de courses longues. Cela a \u00e9t\u00e9 le cas en Tha\u00eflande, en Argentine, au Qatar, en Arag\u00f3n, en Italie et en Allemagne. Il a \u00e9galement gagn\u00e9 \u00e0 Assen en partant de la quatri\u00e8me place et \u00e0 Brno en partant de la deuxi\u00e8me place sur la grille.<\/p>\n<p>   <img decoding=\"async\" draggable=\"false\" src=\"https:\/\/www.europesays.com\/fr\/wp-content\/uploads\/2025\/07\/1753807633_939_marc-marquez-ducati-team.jpg\" alt=\"Marc M\u00e1rquez a domin\u00e9 les qualifications jusqu'ici.\" width=\"1200\" height=\"800\" loading=\"lazy\"\/> <\/p>\n<p class=\"title\">Marc M\u00e1rquez a domin\u00e9 les qualifications jusqu&rsquo;ici.<\/p>\n<p class=\"photographer\">Photo de: Gold and Goose Photography \/ LAT Images \/ via Getty Images<\/p>\n<p>En fait, M\u00e1rquez n&rsquo;a obtenu que d&rsquo;excellents r\u00e9sultats en qualifications \u00e0 ce stade de la saison. Il a r\u00e9ussi \u00e0 partir sept fois de la pole, trois fois de la deuxi\u00e8me position (Jerez, Le Mans et Brno) et deux fois de la quatri\u00e8me position (Silverstone et Assen), ce qui lui a permis de remporter huit victoires et de monter dix fois sur le podium le dimanche. En sprint, il n&rsquo;a manqu\u00e9 la victoire qu&rsquo;une seule fois, pour se contenter d&rsquo;une deuxi\u00e8me place.<\/p>\n<p>La sup\u00e9riorit\u00e9 de Marc M\u00e1rquez sur Pecco Bagnaia dans l&rsquo;exercice des qualifications cette ann\u00e9e est tr\u00e8s nette, avec neuf meilleurs r\u00e9sultats \u00e0 mettre au profit de l&rsquo;Espagnol contre trois pour son co\u00e9quipier. N\u00e9anmoins, elle n&rsquo;est pas la plus \u00e9crasante que l&rsquo;on ait pu observer dans les diff\u00e9rentes \u00e9quipes MotoGP durant la premi\u00e8re partie de ce championnat.<\/p>\n<p>Lire aussi :<\/p>\n<p>Cinq pilotes dominent compl\u00e8tement leur co\u00e9quipier<\/p>\n<p>On d\u00e9nombre cinq pilotes qui ont syst\u00e9matiquement battu leur co\u00e9quipier dans l&rsquo;exercice des qualifications cette ann\u00e9e, ce qui correspond \u00e0 pr\u00e8s de la moiti\u00e9 des <a href=\"https:\/\/fr.motorsport.com\/motogp\/teams\/\" target=\"_self\" rel=\"noopener\">\u00e9quipes MotoGP<\/a>.<\/p>\n<p>Parmi les \u00e9quipes d&rsquo;usine, on note en effet que Fabio Quartararo est toujours parti devant son acolyte chez Yamaha, <a href=\"https:\/\/fr.motorsport.com\/driver\/alex-rins\/109402\/\" target=\"_blank\" rel=\"noopener\">\u00c1lex Rins<\/a>, lors des 12 Grands Prix disput\u00e9s jusqu&rsquo;\u00e0 pr\u00e9sent. Chez KTM, <a href=\"https:\/\/fr.motorsport.com\/driver\/pedro-acosta\/840236\/\" target=\"_blank\" rel=\"noopener\">Pedro Acosta<\/a> a lui aussi toujours devanc\u00e9 <a href=\"https:\/\/fr.motorsport.com\/driver\/brad-binder\/109383\/\" target=\"_blank\" rel=\"noopener\">Brad Binder<\/a> sur la grille.<\/p>\n<p>Dans les formations satellites, <a href=\"https:\/\/fr.motorsport.com\/driver\/alex-marquez\/96324\/\" target=\"_blank\" rel=\"noopener\">\u00c1lex M\u00e1rquez<\/a> se d\u00e9marque en ayant toujours obtenu un meilleur emplacement que son co\u00e9quipier, le rookie\u00a0<a href=\"https:\/\/fr.motorsport.com\/driver\/fermin-aldeguer\/945314\/\" target=\"_blank\" rel=\"noopener\">Ferm\u00edn Aldeguer<\/a>. <a href=\"https:\/\/fr.motorsport.com\/driver\/johann-zarco\/96107\/\" target=\"_blank\" rel=\"noopener\">Johann Zarco<\/a> en a fait de m\u00eame chez LCR, face \u00e0 <a href=\"https:\/\/fr.motorsport.com\/driver\/somkiat-chantra\/823104\/\" target=\"_blank\" rel=\"noopener\">Somkiat Chantra<\/a> et \u00e0 <a href=\"https:\/\/fr.motorsport.com\/driver\/takaaki-nakagami\/109418\/\" target=\"_blank\" rel=\"noopener\">Takaaki Nakagami<\/a>. Enfin, c&rsquo;est chez Pramac Racing que l&rsquo;on a vu <a href=\"https:\/\/fr.motorsport.com\/driver\/jack-miller\/96423\/\" target=\"_blank\" rel=\"noopener\">Jack Miller<\/a> obtenir toujours la meilleure qualification, tant lorsqu&rsquo;il a couru aux c\u00f4t\u00e9s de <a href=\"https:\/\/fr.motorsport.com\/driver\/miguel-oliveira\/109382\/\" target=\"_blank\" rel=\"noopener\">Miguel Oliveira<\/a> que de son rempla\u00e7ant pendant la blessure du Portugais.<\/p>\n<p>   <img decoding=\"async\" draggable=\"false\" src=\"https:\/\/www.europesays.com\/fr\/wp-content\/uploads\/2025\/07\/1753807633_732_pedro-acosta-red-bull-ktm-fact.jpg\" alt=\"Pedro Acosta s'est toujours qualifi\u00e9 devant Brad Binder cette ann\u00e9e.\" width=\"1200\" height=\"800\" loading=\"lazy\"\/> <\/p>\n<p class=\"title\">Pedro Acosta s&rsquo;est toujours qualifi\u00e9 devant Brad Binder cette ann\u00e9e.<\/p>\n<p class=\"photographer\">Photo de: Gold and Goose Photography \/ LAT Images \/ via Getty Images<\/p>\n<p>Bezzecchi, Vi\u00f1ales, Morbidelli et Mir se d\u00e9marquent aussi<\/p>\n<p>Sans avoir battu syst\u00e9matiquement leur co\u00e9quipier, d&rsquo;autres pilotes ont particuli\u00e8rement brill\u00e9 en qualifications durant la premi\u00e8re moiti\u00e9 du championnat. On peut ainsi retenir la performance de\u00a0<a href=\"https:\/\/fr.motorsport.com\/driver\/maverick-vinales\/96553\/\" target=\"_blank\" rel=\"noopener\">Maverick Vi\u00f1ales<\/a> chez Tech3, qui s&rsquo;est qualifi\u00e9 devant <a href=\"https:\/\/fr.motorsport.com\/driver\/enea-bastianini\/109398\/\" target=\"_blank\" rel=\"noopener\">Enea Bastianini<\/a> \u00e0 neuf reprises sur les 11 Grands Prix pour lesquels Tech3 a qualifi\u00e9 deux motos. L&rsquo;Italien n&rsquo;a eu l&rsquo;avantage qu&rsquo;\u00e0 Silverstone, o\u00f9 il s&rsquo;est \u00e9lanc\u00e9 en 17e position, une place seulement devant Vi\u00f1ales, et \u00e0 Brno, o\u00f9 s&rsquo;est qualifi\u00e9 11e, devant <a href=\"https:\/\/fr.motorsport.com\/driver\/pol-espargaro\/94345\/\" target=\"_blank\" rel=\"noopener\">Pol Espargar\u00f3<\/a> (14e), qui rempla\u00e7ait Vi\u00f1ales, bless\u00e9.<\/p>\n<p>Chez Aprilia, la sup\u00e9riorit\u00e9 de <a href=\"https:\/\/fr.motorsport.com\/driver\/marco-bezzecchi\/441839\/\" target=\"_blank\" rel=\"noopener\">Marco Bezzecchi<\/a> a \u00e9t\u00e9 tr\u00e8s nette \u00e9galement. En r\u00e9alit\u00e9, l&rsquo;Italien n&rsquo;a manqu\u00e9 le score parfait qu&rsquo;en chutant lors des qualifications du GP d&rsquo;Arag\u00f3n, ce qui a permis \u00e0 <a href=\"https:\/\/fr.motorsport.com\/driver\/lorenzo-savadori\/408147\/\" target=\"_blank\" rel=\"noopener\">Lorenzo Savadori<\/a> de se placer un cran plus haut que lui. Mis \u00e0 part cet \u00e9pisode, Bezzecchi a syst\u00e9matiquement \u00e9t\u00e9 le mieux qualifi\u00e9 de son \u00e9quipe, que ce soit face \u00e0 Savadori ou face \u00e0 <a href=\"https:\/\/fr.motorsport.com\/driver\/jorge-martin\/109391\/\" target=\"_blank\" rel=\"noopener\">Jorge Mart\u00edn<\/a>.<\/p>\n<p>Au sein de l&rsquo;\u00e9quipe VR46, <a href=\"https:\/\/fr.motorsport.com\/driver\/franco-morbidelli\/109417\/\" target=\"_blank\" rel=\"noopener\">Franco Morbidelli<\/a> domine lui aussi nettement, ayant pris huit fois le d\u00e9part devant son co\u00e9quipier <a href=\"https:\/\/fr.motorsport.com\/driver\/fabio-di-giannantonio\/289538\/\" target=\"_blank\" rel=\"noopener\">Fabio Di Giannantonio<\/a>. Ce dernier a eu l&rsquo;avantage \u00e0 trois reprises, en plus de Brno, o\u00f9 Morbidelli n&rsquo;a pas couru en raison d&rsquo;une blessure et n&rsquo;a pas \u00e9t\u00e9 remplac\u00e9.<\/p>\n<p>Chez Honda, <a href=\"https:\/\/fr.motorsport.com\/driver\/joan-mir\/289392\/\" target=\"_blank\" rel=\"noopener\">Joan Mir<\/a> s&rsquo;est quant \u00e0 lui \u00e9lanc\u00e9 sept fois devant son voisin de stand, qu&rsquo;il s&rsquo;agisse de <a href=\"https:\/\/fr.motorsport.com\/driver\/luca-marini\/201098\/\" target=\"_blank\" rel=\"noopener\">Luca Marini<\/a> ou, pendant sa convalescence, d&rsquo;<a href=\"https:\/\/fr.motorsport.com\/driver\/aleix-espargaro\/90382\/\" target=\"_blank\" rel=\"noopener\">Aleix Espargar\u00f3<\/a> ou de Takaaki Nakagami.<\/p>\n<p>C&rsquo;est dans l&rsquo;\u00e9quipe Trackhouse que l&rsquo;on observe la situation la plus \u00e9quilibr\u00e9e, puisque sur les dix fois o\u00f9 les deux pilotes ont \u00e9t\u00e9 r\u00e9unis, <a href=\"https:\/\/fr.motorsport.com\/driver\/raul-fernandez\/443094\/\" target=\"_blank\" rel=\"noopener\">Ra\u00fal Fern\u00e1ndez<\/a> et <a href=\"https:\/\/fr.motorsport.com\/driver\/ai-ogura\/471489\/\" target=\"_blank\" rel=\"noopener\">Ai Ogura<\/a> sont partis cinq fois chacun devant l&rsquo;autre. Toutefois le d\u00e9s\u00e9quilibre s&rsquo;est cr\u00e9\u00e9 avec le temps car le Japonais a domin\u00e9 son co\u00e9quipier jusqu&rsquo;\u00e0 Jerez mais ne l&rsquo;a plus devanc\u00e9 sur la grille depuis.<\/p>\n<p><strong>Le comparatif des qualifications entre co\u00e9quipiers<\/strong><\/p>\n<p>Entre parenth\u00e8ses, le nombre de fois o\u00f9 le pilote a battu son co\u00e9quipier en qualifications cette saison. Nous ne prenons en compte que les Grands Prix pour lesquels deux pilotes d&rsquo;une m\u00eame \u00e9quipe se sont qualifi\u00e9s.<\/p>\n<tr>\n<p class=\"p3\">\u00c9quipe<\/p>\n<p class=\"p4\"><strong>Pilote<\/strong><\/p>\n<p class=\"p4\"><strong>Pilote<\/strong><\/p>\n<\/tr>\n<tr>\n<td class=\"td3\" style=\"width: 20%;\" valign=\"top\">\n<p class=\"p3\"><strong>Yamaha Factory<\/strong><\/p>\n<\/td>\n<td class=\"td4\" style=\"width: 40%;\" valign=\"top\">\n<p class=\"p3\">Fabio Quartararo (12)<\/p>\n<\/td>\n<td class=\"td5\" style=\"width: 40%;\" valign=\"top\">\n<p class=\"p3\">\u00c1lex Rins (0)<\/p>\n<\/td>\n<\/tr>\n<tr>\n<td class=\"td6\" style=\"width: 20%;\" valign=\"top\">\n<p class=\"p3\"><strong>Aprilia Racing<\/strong><\/p>\n<\/td>\n<td class=\"td7\" style=\"width: 40%;\" valign=\"top\">\n<p class=\"p3\">Marco Bezzecchi (11)<\/p>\n<\/td>\n<td class=\"td8\" style=\"width: 40%;\" valign=\"top\">\n<p class=\"p3\">Lorenzo Savadori\/Jorge Mart\u00edn (1)<\/p>\n<\/td>\n<\/tr>\n<tr>\n<td class=\"td6\" style=\"width: 20%;\" valign=\"top\">\n<p class=\"p3\"><strong>KTM Factory<\/strong><\/p>\n<\/td>\n<td class=\"td9\" style=\"width: 40%;\" valign=\"top\">\n<p class=\"p3\">Pedro Acosta (12)<\/p>\n<\/td>\n<td class=\"td10\" style=\"width: 40%;\" valign=\"top\">\n<p class=\"p3\">Brad Binder (0)<\/p>\n<\/td>\n<\/tr>\n<tr>\n<td class=\"td6\" style=\"width: 20%;\" valign=\"top\">\n<p class=\"p3\"><strong>Gresini Racing<\/strong><\/p>\n<\/td>\n<td class=\"td7\" style=\"width: 40%;\" valign=\"top\">\n<p class=\"p3\">\u00c1lex M\u00e1rquez (12)<\/p>\n<\/td>\n<td class=\"td8\" style=\"width: 40%;\" valign=\"top\">\n<p class=\"p3\">Ferm\u00edn Aldeguer (0)<\/p>\n<\/td>\n<\/tr>\n<tr>\n<td class=\"td11\" style=\"width: 20%;\" valign=\"top\">\n<p class=\"p3\"><strong>LCR Honda<\/strong><\/p>\n<\/td>\n<td class=\"td12\" style=\"width: 40%;\" valign=\"top\">\n<p class=\"p3\">Johann Zarco (10)<\/p>\n<\/td>\n<td class=\"td13\" style=\"width: 40%;\" valign=\"top\">\n<p class=\"p3\">Somkiat Chantra\/Takaaki Nakagami (0)<\/p>\n<\/td>\n<\/tr>\n<tr>\n<td class=\"td11\" style=\"width: 20%;\" valign=\"top\">\n<p class=\"p3\"><strong>Pramac Yamaha<\/strong><\/p>\n<\/td>\n<td class=\"td14\" style=\"width: 40%;\" valign=\"top\">\n<p class=\"p3\">Jack Miller (12)<\/p>\n<\/td>\n<td class=\"td15\" style=\"width: 40%;\" valign=\"top\">\n<p class=\"p3\">Miguel Oliveira\/Augusto Fern\u00e1ndez (0)<\/p>\n<\/td>\n<\/tr>\n<tr>\n<td style=\"width: 20%;\">\n<p class=\"p3\"><strong>Tech3 KTM<br \/><\/strong><\/p>\n<\/td>\n<td style=\"width: 40%;\">\n<p class=\"p3\">Maverick Vi\u00f1ales (9)<\/p>\n<\/td>\n<td style=\"width: 40%;\">\n<p class=\"p3\">Enea Bastianini (2)<\/p>\n<\/td>\n<\/tr>\n<tr>\n<td class=\"td6\" style=\"width: 20%;\" valign=\"top\">\n<p class=\"p3\"><strong>Ducati Team<\/strong><\/p>\n<\/td>\n<td class=\"td9\" style=\"width: 40%;\" valign=\"top\">\n<p class=\"p3\">Marc M\u00e1rquez (9)<\/p>\n<\/td>\n<td class=\"td10\" style=\"width: 40%;\" valign=\"top\">\n<p class=\"p3\">Pecco Bagnaia (3)<\/p>\n<\/td>\n<\/tr>\n<tr>\n<td class=\"td6\" style=\"width: 20%;\" valign=\"top\">\n<p class=\"p3\"><strong>VR46 Racing Team<\/strong><\/p>\n<\/td>\n<td class=\"td9\" style=\"width: 40%;\" valign=\"top\">\n<p class=\"p3\">Franco Morbidelli (8)<\/p>\n<\/td>\n<td class=\"td10\" style=\"width: 40%;\" valign=\"top\">\n<p class=\"p3\">Fabio Di Giannantonio (3)<\/p>\n<\/td>\n<\/tr>\n<tr>\n<td class=\"td11\" style=\"width: 20%;\" valign=\"top\">\n<p class=\"p3\"><strong>Honda HRC<\/strong><\/p>\n<\/td>\n<td class=\"td14\" style=\"width: 40%;\" valign=\"top\">\n<p class=\"p3\">Joan Mir (7)<\/p>\n<\/td>\n<td class=\"td15\" style=\"width: 40%;\" valign=\"top\">\n<p class=\"p3\">Luca Marini\/Aleix Espargar\u00f3\/Takaaki Nakagami (4)<\/p>\n<\/td>\n<\/tr>\n<tr>\n<td class=\"td6\" style=\"width: 20%;\" valign=\"top\">\n<p class=\"p3\"><strong>Trackhouse Racing<\/strong><\/p>\n<\/td>\n<td class=\"td9\" style=\"width: 40%;\" valign=\"top\">\n<p class=\"p3\">Ra\u00fal Fern\u00e1ndez (5)<\/p>\n<\/td>\n<td class=\"td10\" style=\"width: 40%;\" valign=\"top\">\n<p class=\"p3\">Ai Ogura (5)<\/p>\n<\/td>\n<\/tr>\n<p>Lire aussi :<\/p>\n<p>Dans cet article<\/p>\n<p>Soyez le premier inform\u00e9 et souscrivez aux alertes mails pour recevoir les infos en temps r\u00e9el<\/p>\n<p>    S&rsquo;abonner aux alertes de news<\/p>\n","protected":false},"excerpt":{"rendered":"Depuis le d\u00e9veloppement de l&rsquo;a\u00e9rodynamique et des correcteurs d&rsquo;assiette en MotoGP, se positionner le plus possible \u00e0 l&rsquo;avant&hellip;\n","protected":false},"author":2,"featured_media":282320,"comment_status":"","ping_status":"","sticky":false,"template":"","format":"standard","meta":{"footnotes":""},"categories":[1413],"tags":[3378,3563,3376,4950,3377,7277,1680,3453,1011,27,7985,3452,3345,12836,3346,1741,3564,15966,5038,1961,5712,3594,1457,1456,1458,4951,3070,3593,13596,3068,16689,60,3771,7276,3374,4084,7896,10648,3796],"class_list":{"0":"post-282319","1":"post","2":"type-post","3":"status-publish","4":"format-standard","5":"has-post-thumbnail","7":"category-moto","8":"tag-ai-ogura","9":"tag-aprilia-racing-team","10":"tag-brad-binder","11":"tag-ducati-team","12":"tag-enea-bastianini","13":"tag-fabio-di-giannantonio","14":"tag-fabio-quartararo","15":"tag-fermu00edn-aldeguer","16":"tag-fr","17":"tag-france","18":"tag-franco-morbidelli","19":"tag-gresini-racing","20":"tag-honda-hrc","21":"tag-jack-miller","22":"tag-joan-mir","23":"tag-johann-zarco","24":"tag-jorge-martu00edn","25":"tag-luca-marini","26":"tag-marc-mu00e1rquez","27":"tag-marco-bezzecchi","28":"tag-maverick-viu00f1ales","29":"tag-miguel-oliveira","30":"tag-moto","31":"tag-motocycle","32":"tag-motogp","33":"tag-pecco-bagnaia","34":"tag-pedro-acosta","35":"tag-pramac-racing","36":"tag-rau00fal-fernu00e1ndez","37":"tag-red-bull-ktm-factory-racing","38":"tag-somkiat-chantra","39":"tag-sports","40":"tag-team-lcr","41":"tag-team-vr46","42":"tag-tech-3","43":"tag-trackhouse-racing-team","44":"tag-u00c1lex-mu00e1rquez","45":"tag-u00c1lex-rins","46":"tag-yamaha-factory-racing"},"share_on_mastodon":{"url":"","error":"Validation failed: Text character limit of 500 exceeded"},"_links":{"self":[{"href":"https:\/\/www.europesays.com\/fr\/wp-json\/wp\/v2\/posts\/282319","targetHints":{"allow":["GET"]}}],"collection":[{"href":"https:\/\/www.europesays.com\/fr\/wp-json\/wp\/v2\/posts"}],"about":[{"href":"https:\/\/www.europesays.com\/fr\/wp-json\/wp\/v2\/types\/post"}],"author":[{"embeddable":true,"href":"https:\/\/www.europesays.com\/fr\/wp-json\/wp\/v2\/users\/2"}],"replies":[{"embeddable":true,"href":"https:\/\/www.europesays.com\/fr\/wp-json\/wp\/v2\/comments?post=282319"}],"version-history":[{"count":0,"href":"https:\/\/www.europesays.com\/fr\/wp-json\/wp\/v2\/posts\/282319\/revisions"}],"wp:featuredmedia":[{"embeddable":true,"href":"https:\/\/www.europesays.com\/fr\/wp-json\/wp\/v2\/media\/282320"}],"wp:attachment":[{"href":"https:\/\/www.europesays.com\/fr\/wp-json\/wp\/v2\/media?parent=282319"}],"wp:term":[{"taxonomy":"category","embeddable":true,"href":"https:\/\/www.europesays.com\/fr\/wp-json\/wp\/v2\/categories?post=282319"},{"taxonomy":"post_tag","embeddable":true,"href":"https:\/\/www.europesays.com\/fr\/wp-json\/wp\/v2\/tags?post=282319"}],"curies":[{"name":"wp","href":"https:\/\/api.w.org\/{rel}","templated":true}]}}