{"id":282325,"date":"2025-07-29T16:50:09","date_gmt":"2025-07-29T16:50:09","guid":{"rendered":"https:\/\/www.europesays.com\/fr\/282325\/"},"modified":"2025-07-29T16:50:09","modified_gmt":"2025-07-29T16:50:09","slug":"le-psg-va-accelerer-dans-le-dossier-zabarnyi","status":"publish","type":"post","link":"https:\/\/www.europesays.com\/fr\/282325\/","title":{"rendered":"Le PSG va acc\u00e9l\u00e9rer dans le dossier Zabarnyi"},"content":{"rendered":"<p>Dossier prioritaire du PSG pour renforcer sa d\u00e9fense<br \/>\ncentrale, Illya Zabarnyi est dans l\u2019attente d\u2019un accord entre le<br \/>\nclub parisien et Bournemouth.<\/p>\n<p>Apr\u00e8s une saison historique, le <strong>PSG<\/strong> poss\u00e8de<br \/>\nd\u00e9sormais un nouveau statut dans le football europ\u00e9en. Devenue<br \/>\nl\u2019\u00e9quipe \u00e0 battre, la formation de <strong>Luis Enrique<\/strong><br \/>\ndevra faire face \u00e0 une concurrence de plus en plus f\u00e9roce. Et pour<br \/>\nr\u00e9pondre aux nombreux objectifs de la saison \u00e0 venir, le technicien<br \/>\nespagnol attend des recrues pour am\u00e9liorer son effectif. Si le<br \/>\ndossier du <strong><a href=\"https:\/\/canal-supporters.com\/psg-lucas-chevalier-pour-faire-de-lombre-a-gigio-donnarumma\/\" title=\"\" target=\"_blank\" rel=\"noopener\">gardien de but<\/a><\/strong> cristallise actuellement les<br \/>\nattentions, le board parisien travaille aussi activement pour le<br \/>\nrecrutement d\u2019<strong><a href=\"https:\/\/canal-supporters.com\/mercato-le-psg-va-ameliorer-son-offre-pour-zabarnyi\/\" title=\"\" target=\"_blank\" rel=\"noopener\">Illya Zabarnyi<\/a><\/strong><br \/>\n(<strong>Bournemouth<\/strong>).<\/p>\n<p>Bournemouth<br \/>\nattend 70M\u20ac<\/p>\n<p>L\u2019une des r\u00e9v\u00e9lations de la <strong>Premier League<\/strong><br \/>\ns\u2019est d\u00e9j\u00e0 mis d\u2019accord avec les Rouge &amp; Bleu pour un contrat de<br \/>\ncinq ans. Mais le d\u00e9fenseur central de 22 ans, sous contrat<br \/>\njusqu\u2019en 2029 avec les Cherries, doit encore attendre un<br \/>\naccord entre les deux formations. Et comme le rapporte le<br \/>\njournaliste de Sky Sport, <strong><a href=\"https:\/\/gianlucadimarzio.com\/zabarnyi-psg-situazione-calciomercato-29-luglio-news\/\" target=\"_blank\" rel=\"noopener\" title=\"\">Luc Bendoni<\/a><\/strong>,<br \/>\ndes nouveaux contacts auront lieu entre les deux formations ces<br \/>\nprochaines heures. Apr\u00e8s avoir vendu <strong>Dean Huijsen<\/strong><br \/>\nau <strong>Real Madrid<\/strong> (59M\u20ac) puis <strong>Milos<br \/>\nKerkez<\/strong> \u00e0 <strong>Liverpool<\/strong> (46M\u20ac), les dirigeants<br \/>\nanglais ne sont pas press\u00e9s pour c\u00e9der leur international<br \/>\nukrainien. Pour convaincre <strong>Bournemouth<\/strong>, il faudra<br \/>\nd\u00e9bourser la somme de 70M\u20ac.<\/p>\n<p>Ainsi, le board parisien travaille sur une nouvelle offre pour<br \/>\nesp\u00e9rer conclure ce dossier.<br \/>\n\u00ab\u00a0<strong>Bournemouth<\/strong> a refus\u00e9 les deux premi\u00e8res<br \/>\noffres, mais le club fran\u00e7ais esp\u00e8re que la prochaine pourra \u00eatre<br \/>\nla bonne\u00a0\u00bb, conclut le journaliste de Sky Sport.<br \/>\nDe son c\u00f4t\u00e9, <strong>Fabrizio Romano<\/strong> confirme que le<br \/>\n<strong>PSG<\/strong> est pr\u00eat \u00e0 acc\u00e9l\u00e9rer dans le dossier<br \/>\n<strong>Illya Zabarnyi<\/strong>. L\u2019Ukrainien de 22 ans veut<br \/>\nseulement rejoindre le club de la capitale et <strong><a href=\"https:\/\/canal-supporters.com\/tottenham-pret-a-payer-le-prix-fort-pour-illia-zabarnyi\/\" title=\"\" target=\"_blank\" rel=\"noopener\">Tottenham<\/a><\/strong> n\u2019a jamais \u00e9t\u00e9 une option pour<br \/>\nlui.<\/p>\n<blockquote class=\"twitter-tweet\">\n<p lang=\"fr\" dir=\"ltr\">\ud83d\udea8 De nouveaux contacts entre le PSG et<br \/>\nBournemouth sont attendus dans les prochaines heures pour trouver<br \/>\nun ACCORD FINAL pour Zabarnyi selon <a href=\"https:\/\/twitter.com\/LucaBendoni?ref_src=twsrc%5Etfw\" target=\"_blank\" rel=\"noopener\">@LucaBendoni<\/a><\/p>\n<p>Confirm\u00e9 par <a href=\"https:\/\/twitter.com\/FabrizioRomano?ref_src=twsrc%5Etfw\" target=\"_blank\" rel=\"noopener\">@FabrizioRomano<\/a><br \/>\n: Le PSG est sur le point d\u2019ACC\u00c9L\u00c9RER pour signer Ilya Zabarnyi !<br \/>\n<a href=\"https:\/\/t.co\/pkV048t0Gu\">pic.twitter.com\/pkV048t0Gu<\/a><\/p>\n<p>\u2014 Canal Supporters (@CanalSupporters) <a href=\"https:\/\/twitter.com\/CanalSupporters\/status\/1950089992748904715?ref_src=twsrc%5Etfw\" target=\"_blank\" rel=\"noopener\"><br \/>\nJuly 29, 2025<\/a><\/p><\/blockquote>\n<p>Youtube : Canal Supporters<br \/>\nParis<\/p>\n<p><script async src=\"https:\/\/platform.twitter.com\/widgets.js\" charset=\"utf-8\"><\/script><\/p>\n","protected":false},"excerpt":{"rendered":"Dossier prioritaire du PSG pour renforcer sa d\u00e9fense centrale, Illya Zabarnyi est dans l\u2019attente d\u2019un accord entre le&hellip;\n","protected":false},"author":2,"featured_media":265137,"comment_status":"","ping_status":"","sticky":false,"template":"","format":"standard","meta":{"footnotes":""},"categories":[1410],"tags":[17618,81,787,40477,63,1011,27,40478,1434,1435,91,92,93,60,96,39685],"class_list":{"0":"post-282325","1":"post","2":"type-post","3":"status-publish","4":"format-standard","5":"has-post-thumbnail","7":"category-football","8":"tag-bournemouth","9":"tag-canal-supporters","10":"tag-cs","11":"tag-defense-psg","12":"tag-football","13":"tag-fr","14":"tag-france","15":"tag-illya-zabarnyi","16":"tag-mercato","17":"tag-mercato-psg","18":"tag-paris-saint-germain","19":"tag-paris-sg","20":"tag-psg","21":"tag-sports","22":"tag-une","23":"tag-zabarnyi-psg"},"share_on_mastodon":{"url":"https:\/\/pubeurope.com\/@fr\/114937556387252114","error":""},"_links":{"self":[{"href":"https:\/\/www.europesays.com\/fr\/wp-json\/wp\/v2\/posts\/282325","targetHints":{"allow":["GET"]}}],"collection":[{"href":"https:\/\/www.europesays.com\/fr\/wp-json\/wp\/v2\/posts"}],"about":[{"href":"https:\/\/www.europesays.com\/fr\/wp-json\/wp\/v2\/types\/post"}],"author":[{"embeddable":true,"href":"https:\/\/www.europesays.com\/fr\/wp-json\/wp\/v2\/users\/2"}],"replies":[{"embeddable":true,"href":"https:\/\/www.europesays.com\/fr\/wp-json\/wp\/v2\/comments?post=282325"}],"version-history":[{"count":0,"href":"https:\/\/www.europesays.com\/fr\/wp-json\/wp\/v2\/posts\/282325\/revisions"}],"wp:featuredmedia":[{"embeddable":true,"href":"https:\/\/www.europesays.com\/fr\/wp-json\/wp\/v2\/media\/265137"}],"wp:attachment":[{"href":"https:\/\/www.europesays.com\/fr\/wp-json\/wp\/v2\/media?parent=282325"}],"wp:term":[{"taxonomy":"category","embeddable":true,"href":"https:\/\/www.europesays.com\/fr\/wp-json\/wp\/v2\/categories?post=282325"},{"taxonomy":"post_tag","embeddable":true,"href":"https:\/\/www.europesays.com\/fr\/wp-json\/wp\/v2\/tags?post=282325"}],"curies":[{"name":"wp","href":"https:\/\/api.w.org\/{rel}","templated":true}]}}