{"id":282326,"date":"2025-07-29T16:51:12","date_gmt":"2025-07-29T16:51:12","guid":{"rendered":"https:\/\/www.europesays.com\/fr\/282326\/"},"modified":"2025-07-29T16:51:12","modified_gmt":"2025-07-29T16:51:12","slug":"la-reaction-de-florent-manaudou-affole-les-internautes","status":"publish","type":"post","link":"https:\/\/www.europesays.com\/fr\/282326\/","title":{"rendered":"la r\u00e9action de Florent Manaudou affole les internautes"},"content":{"rendered":"<p>Le 22 juillet dernier, \u00e0 l\u2019occasion de son anniversaire, la danseuse embl\u00e9matique de \u00abDanse avec les stars\u00bb sur TF1 a partag\u00e9 une vid\u00e9o \u00e0 laquelle le nageur a r\u00e9agi. Une r\u00e9action qui n\u2019est pas pass\u00e9e inaper\u00e7ue aupr\u00e8s des internautes.<\/p>\n<p class=\"fig-paragraph\">\u00abLe quart de si\u00e8cle\u00bb, a fi\u00e8rement \u00e9crit\u00a0<a href=\"https:\/\/www.lefigaro.fr\/tag\/elsa-bois\" target=\"_blank\" rel=\"noopener\" data-gtm-custom-categorie=\"navigation\" data-gtm-custom-action=\"crossclick\" data-gtm-custom-label=\"Contextuel\" data-gtm-event=\"customEventSPE\"><strong>Elsa Bois<\/strong><\/a> \u00a0sur son compte Instagram, pour son anniversaire qui a eu lieu le 22 juillet. La danseuse a post\u00e9 une courte vid\u00e9o suivie d\u2019une s\u00e9rie de photos retra\u00e7ant l\u2019\u00e9v\u00e8nement tr\u00e8s intimiste avec sa famille proche. \u00abEt tout le reste comme \u00e7a s\u2019il vous pla\u00eet, avec toujours autant d\u2019amour, de bonheur et de libert\u00e9\u00bb, a poursuivi la sportive de 25 ans d\u00e9sormais.<\/p>\n<p class=\"fig-paragraph\">Une publication \u00e0 laquelle\u00a0<a href=\"https:\/\/www.lefigaro.fr\/tag\/florent-manaudou\" target=\"_blank\" rel=\"noopener\" data-gtm-custom-categorie=\"navigation\" data-gtm-custom-action=\"crossclick\" data-gtm-custom-label=\"Contextuel\" data-gtm-event=\"customEventSPE\"><strong>Florent Manaudou<\/strong><\/a> \u00a0a souhait\u00e9 r\u00e9agir pour rendre hommage \u00e0 sa partenaire de\u00a0<a href=\"https:\/\/tvmag.lefigaro.fr\/programme-tv\/programme\/danse-avec-les-stars-d1081809778\" target=\"_blank\" rel=\"noopener\" data-gtm-custom-categorie=\"navigation\" data-gtm-custom-action=\"crossclick\" data-gtm-custom-label=\"Contextuel\" data-gtm-event=\"customEventSPE\">\u00abDanse avec les stars\u00bb<\/a>. Le nageur a comment\u00e9 avec un \u00e9moji en forme d\u2019un g\u00e2teau d\u2019anniversaire suivi d\u2019un ballon rouge. Un commentaire discret mais qui n\u2019est pas pass\u00e9 inaper\u00e7u aux yeux des fans, qui ont \u00e9t\u00e9 plus d\u2019un millier \u00e0 r\u00e9pondre au commentaire.<\/p>\n<p class=\"fig-body-link\">\n            \u00c0 lire aussi<br \/>\n        <a class=\"fig-body-link__link\" href=\"http:\/\/tvmag.lefigaro.fr\/programme-tv\/people\/florent-manaudou-et-elsa-bois-danse-avec-les-stars-complices-lors-d-un-moment-en-famille-20250519\" target=\"_blank\" data-fig-type=\"Article\" rel=\"noopener\" data-gtm-custom-categorie=\"navigation\" data-gtm-custom-action=\"crossclick\" data-gtm-custom-label=\"Contextuel\" data-gtm-event=\"customEventSPE\" data-fig-domain=\"TVMAG\">Florent Manaudou et Elsa Bois (\u00abDanse avec les stars\u00bb) complices lors d\u2019un moment en famille<br \/>\n    <\/a>\n<\/p>\n<p>                                    <a class=\"fig-a11y-skip a11y-hidden\" href=\"#fig-a11y-skip-main-inarticle\"><br \/>\n        Passer la publicit\u00e9<br \/>\n    <\/a><\/p>\n<p class=\"fig-paragraph\">\u00abIl \u00e9tait bon le g\u00e2teau\u00a0?\u00bb, peut-on lire plusieurs fois parmi ces r\u00e9ponses, insinuant ironiquement la pr\u00e9sence du sportif \u00e0 l\u2019\u00e9v\u00e8nement. On pr\u00eate au duo demi-finaliste de l\u2019\u00e9mission pr\u00e9sent\u00e9e par\u00a0<a href=\"https:\/\/www.lefigaro.fr\/tag\/camille-combal\" target=\"_blank\" rel=\"noopener\" data-gtm-custom-categorie=\"navigation\" data-gtm-custom-action=\"crossclick\" data-gtm-custom-label=\"Contextuel\" data-gtm-event=\"customEventSPE\">Camille Combal<\/a>\u00a0une pr\u00e9tendue relation amoureuse. Mais les principaux concern\u00e9s n\u2019ont jamais officialis\u00e9, malgr\u00e9 plusieurs apparitions publiques ensemble.<\/p>\n<p class=\"fig-paragraph\">En r\u00e9ponse au commentaire de Florent Manaudou, Elsa Bois n\u2019a post\u00e9 qu\u2019un ballon rouge \u00e9galement, certains y verront peut-\u00eatre un c\u0153ur cach\u00e9, signe discret de l\u2019affection qu\u2019ils se portent.<\/p>\n<p class=\"fig-paragraph\">La sportive avait \u00e9t\u00e9 victime de vagues de haine sur les r\u00e9seaux sociaux alors que les rumeurs menaient bon train pendant la diffusion de la saison de l\u2019\u00e9mission de TF1. Et pour cause, Elsa Bois venait \u00e0 peine d\u2019officialiser sa rupture avec le youtubeur\u00a0<a href=\"https:\/\/www.lefigaro.fr\/tag\/michou\" target=\"_blank\" rel=\"noopener\" data-gtm-custom-categorie=\"navigation\" data-gtm-custom-action=\"crossclick\" data-gtm-custom-label=\"Contextuel\" data-gtm-event=\"customEventSPE\">Michou<\/a>, rencontr\u00e9 \u00e9galement sur le parquet de \u00abDanse avec les stars\u00bb. Une nouvelle qui avait \u00e9branl\u00e9 les fans.<\/p>\n<blockquote class=\"fig-quote&#10;    \">\n<p class=\"fig-quote__text\">J\u2019ai mal v\u00e9cu le harc\u00e8lement qu\u2019elle a subi<\/p>\n<p>            Aliz\u00e9e Bois, s\u0153ur d\u2019Elsa Bois\n    <\/p><\/blockquote>\n<p class=\"fig-paragraph\">La s\u0153ur de l&rsquo;int\u00e9ress\u00e9e, Aliz\u00e9e Bois, s\u2019\u00e9tait d\u2019ailleurs confi\u00e9e, dans une vid\u00e9o Youtube publi\u00e9e le 13 juillet dernier, sur son lien avec son ancien beau-fr\u00e8re, Michou. \u00abQuand ils se sont s\u00e9par\u00e9s, pendant deux mois, on s\u2019est envoy\u00e9 des messages. C\u2019est un secret pour personne mais je m\u2019entendais vraiment tr\u00e8s bien avec lui, au-del\u00e0 d\u2019\u00eatre le copain d\u2019Elsa, je le consid\u00e9rais vraiment comme un ami. Maintenant, on ne s\u2019envoie plus trop de messages. Par interm\u00e9diaire, j\u2019ai tr\u00e8s mal v\u00e9cu le harc\u00e8lement qu\u2019Elsa a subi. J\u2019ai \u00e9t\u00e9 un peu d\u00e9\u00e7ue de l\u2019absence de r\u00e9action en face\u00bb, avait-elle r\u00e9v\u00e9l\u00e9 sans d\u00e9tour.<\/p>\n<p>Elsa Bois au casting d\u2019Ici tout commence<\/p>\n<p class=\"fig-paragraph\">En attendant, Elsa Bois va \u00eatre bien occup\u00e9e \u00e0 la rentr\u00e9e, puisque le 17 juin dernier, la jeune femme a rejoint le casting de la s\u00e9rie TF1 Ici tout commence. Les t\u00e9l\u00e9spectateurs pourront la retrouver sur leurs \u00e9crans d\u00e8s le 15 ao\u00fbt prochain. L\u2019apprentie actrice jouera la s\u0153ur de P\u00e9n\u00e9lope, Ninon, un personnage fleur bleu avec un c\u00f4t\u00e9 \u00abpremier de la classe\u00bb aga\u00e7ant, selon un communiqu\u00e9 de la cha\u00eene.<\/p>\n<p>                                    <a class=\"fig-a11y-skip a11y-hidden\" href=\"#fig-a11y-skip-main-inarticle_mtf\"><br \/>\n        Passer la publicit\u00e9<br \/>\n    <\/a><\/p>\n<p class=\"fig-paragraph\">Malgr\u00e9 un tournage dans le Gard, la danseuse continuera \u00abDanse avec les stars\u00bb dont la prochaine saison sera diffus\u00e9e \u00e0 l\u2019automne, d\u2019apr\u00e8s nos confr\u00e8res de\u00a0<a href=\"https:\/\/www.programme-tv.net\/news\/series-tv\/384244-exclu-elsa-bois-va-t-elle-quitter-danse-avec-les-stars-suite-a-son-arrivee-dans-ici-tout-commence-la-reponse\/\" target=\"_blank\" rel=\"noopener\" data-gtm-custom-categorie=\"navigation\" data-gtm-custom-action=\"crossclick\" data-gtm-custom-label=\"Contextuel\" data-gtm-event=\"customEventSPE\">T\u00e9l\u00e9-Loisirs<\/a> . Pour l\u2019heure, aucune information n\u2019a encore \u00e9t\u00e9 donn\u00e9e quant \u00e0 l\u2019organisation du planning de la chor\u00e9graphe. Malgr\u00e9 le rythme intense des deux projets que la jeune femme compte mener de front, elle pourrait poursuivre le tournage de la s\u00e9rie tout en s\u2019entra\u00eenant \u00e0 la danse, dans le Sud, comme cela avait \u00e9t\u00e9 le cas pour\u00a0<a href=\"https:\/\/www.lefigaro.fr\/tag\/claude-dartois\" target=\"_blank\" rel=\"noopener\" data-gtm-custom-categorie=\"navigation\" data-gtm-custom-action=\"crossclick\" data-gtm-custom-label=\"Contextuel\" data-gtm-event=\"customEventSPE\">Claude Dartois<\/a>, qui s\u2019entra\u00eenait \u00e0 Toulouse avec\u00a0<a href=\"https:\/\/www.lefigaro.fr\/tag\/katrina-patchett\" target=\"_blank\" rel=\"noopener\" data-gtm-custom-categorie=\"navigation\" data-gtm-custom-action=\"crossclick\" data-gtm-custom-label=\"Contextuel\" data-gtm-event=\"customEventSPE\">Katrina Patchett<\/a>\u00a0la saison derni\u00e8re. Le bin\u00f4me multipliait les allers-retours, toutes les semaines pour le tournage du prime time tourn\u00e9 \u00e0 Paris.<\/p>\n","protected":false},"excerpt":{"rendered":"Le 22 juillet dernier, \u00e0 l\u2019occasion de son anniversaire, la danseuse embl\u00e9matique de \u00abDanse avec les stars\u00bb sur&hellip;\n","protected":false},"author":2,"featured_media":282327,"comment_status":"","ping_status":"","sticky":false,"template":"","format":"standard","meta":{"footnotes":""},"categories":[1359],"tags":[194,58,59,925,1011,27,973,199],"class_list":{"0":"post-282326","1":"post","2":"type-post","3":"status-publish","4":"format-standard","5":"has-post-thumbnail","7":"category-people","8":"tag-danse-avec-les-stars","9":"tag-divertissement","10":"tag-entertainment","11":"tag-florent-manaudou","12":"tag-fr","13":"tag-france","14":"tag-people","15":"tag-tf1"},"share_on_mastodon":{"url":"https:\/\/pubeurope.com\/@fr\/114937560258090628","error":""},"_links":{"self":[{"href":"https:\/\/www.europesays.com\/fr\/wp-json\/wp\/v2\/posts\/282326","targetHints":{"allow":["GET"]}}],"collection":[{"href":"https:\/\/www.europesays.com\/fr\/wp-json\/wp\/v2\/posts"}],"about":[{"href":"https:\/\/www.europesays.com\/fr\/wp-json\/wp\/v2\/types\/post"}],"author":[{"embeddable":true,"href":"https:\/\/www.europesays.com\/fr\/wp-json\/wp\/v2\/users\/2"}],"replies":[{"embeddable":true,"href":"https:\/\/www.europesays.com\/fr\/wp-json\/wp\/v2\/comments?post=282326"}],"version-history":[{"count":0,"href":"https:\/\/www.europesays.com\/fr\/wp-json\/wp\/v2\/posts\/282326\/revisions"}],"wp:featuredmedia":[{"embeddable":true,"href":"https:\/\/www.europesays.com\/fr\/wp-json\/wp\/v2\/media\/282327"}],"wp:attachment":[{"href":"https:\/\/www.europesays.com\/fr\/wp-json\/wp\/v2\/media?parent=282326"}],"wp:term":[{"taxonomy":"category","embeddable":true,"href":"https:\/\/www.europesays.com\/fr\/wp-json\/wp\/v2\/categories?post=282326"},{"taxonomy":"post_tag","embeddable":true,"href":"https:\/\/www.europesays.com\/fr\/wp-json\/wp\/v2\/tags?post=282326"}],"curies":[{"name":"wp","href":"https:\/\/api.w.org\/{rel}","templated":true}]}}