{"id":282328,"date":"2025-07-29T16:52:10","date_gmt":"2025-07-29T16:52:10","guid":{"rendered":"https:\/\/www.europesays.com\/fr\/282328\/"},"modified":"2025-07-29T16:52:10","modified_gmt":"2025-07-29T16:52:10","slug":"a-versailles-un-studio-de-27-m%c2%b2-a-lesprit-vacances","status":"publish","type":"post","link":"https:\/\/www.europesays.com\/fr\/282328\/","title":{"rendered":"\u00c0 Versailles, un studio de 27 m\u00b2 \u00e0 l\u2019esprit vacances"},"content":{"rendered":"\n<p>\u00c0 deux pas du Ch\u00e2teau de Versailles, un petit appartement de 27 m\u00b2 a connu une r\u00e9novation compl\u00e8te pour devenir une location de charme \u00e0 l\u2019allure de boutique-h\u00f4tel. Gr\u00e2ce \u00e0 l\u2019alliance du blanc, du bois clair et de belles pi\u00e8ces vintage, ce studio baptis\u00e9 \u00ab\u00a0Studio 13 Versailles\u00a0\u00bb rayonne comme une bulle de vacances dans le c\u0153ur historique de la ville.<\/p>\n<p>    Un studio au charme ancien, r\u00e9invent\u00e9 pour s\u00e9duire <\/p>\n<p>Place du March\u00e9 Notre-Dame, dans le tr\u00e8s anim\u00e9 <strong>quartier des Antiquaires de Versailles<\/strong>, pav\u00e9s et fa\u00e7ades anciennes dessinent un d\u00e9cor plein de cachet. C\u2019est l\u00e0 qu\u2019Albane, la propri\u00e9taire, a eu un coup de c\u0153ur pour ce<strong><a href=\"https:\/\/www.lejournaldelamaison.fr\/le-journal-de-la-maison\/reportages-maisons\/appartements\/etienne-daho-quand-rentrais-dans-rue-javais-litteralement-epaules-tombaient-appartement-avenue-foch-achete-conseils-jacques-dutronc-516729.html\" rel=\"nofollow noopener\" target=\"_blank\"> petit appartement<\/a> de 27 m\u00b2<\/strong> destin\u00e9 \u00e0 la location courte dur\u00e9e. Malgr\u00e9 un agencement biscornu et une d\u00e9coration d\u2019un autre temps, le potentiel \u00e9tait bien l\u00e0 : deux grandes fen\u00eatres, une belle hauteur sous plafond (2,90 m), une vue d\u00e9gag\u00e9e sur les toits et le clocher de l\u2019\u00e9glise Notre-Dame.<br \/>Pour faire de ce <strong>studio<\/strong> un lieu aussi agr\u00e9able que fonctionnel, elle s\u2019est entour\u00e9e <strong>de l\u2019architecte C\u00e9cilia Georges.<\/strong> Premier geste fort : abattre une cloison centrale qui coupait la pi\u00e8ce principale en deux et bloquait la lumi\u00e8re. R\u00e9sultat, l\u2019espace gagne en fluidit\u00e9 et en <strong>luminosit\u00e9<\/strong>. <a href=\"https:\/\/www.lejournaldelamaison.fr\/le-journal-de-la-maison\/reportages-maisons\/appartements\/clara-luciani-cest-un-appartement-que-jai-du-prendre-tres-vite-quand-jai-appris-que-jetais-enceinte-son-nouveau-cocon-dans-le-9e-arrondissement-de-paris-ave-516087.html\" rel=\"nofollow noopener\" target=\"_blank\">Une cuisine ouverte<\/a> s\u2019ins\u00e8re d\u00e9sormais avec discr\u00e9tion dans le salon, tandis qu\u2019une chambre a \u00e9t\u00e9 cr\u00e9\u00e9e autour de la salle de bains existante, <strong>\u00e0 la mani\u00e8re d\u2019une suite d\u2019h\u00f4tel,<\/strong> puis d\u00e9limit\u00e9e par une verri\u00e8re laissant circuler la lumi\u00e8re naturelle.<\/p>\n<p>    Un esprit \u00ab\u00a0vacances chic\u00a0\u00bb entre design et brocante <\/p>\n<p>\u00ab\u00a0C\u00f4t\u00e9 design, je souhaitais cr\u00e9er une bo\u00eete blanche et l\u00a0\u00bbhabiller d&rsquo;un m\u00e9lange de meubles design, vintage et d&rsquo;objets anciens : un m\u00e9lange d&rsquo;\u00e9poques et de styles\u00a0\u00bb, raconte Albane. Cette esth\u00e9tique pens\u00e9e comme <strong>un patchwork \u00e9l\u00e9gant<\/strong> se traduit dans chaque recoin de l\u2019appartement. <a href=\"https:\/\/www.lejournaldelamaison.fr\/le-journal-de-la-maison\/actus-deco\/ligne-roset-tolix-trudon-magasins-dusine-deco-liste-complete-meilleures-adresses-france-516627.html\" rel=\"nofollow noopener\" target=\"_blank\">Le canap\u00e9 Togo de Ligne Roset<\/a> dialogue avec une table basse ancienne, les luminaires <strong>GUBI<\/strong> c\u00f4toient des appliques chin\u00e9es aux Puces, les chaises <strong>HAY Design<\/strong> entourent une table verte pleine de fra\u00eecheur, et le tout repose sur un sol graphique <strong>sign\u00e9 WOW Design<\/strong>.<br \/><a href=\"https:\/\/www.lejournaldelamaison.fr\/le-journal-de-la-maison\/piece-par-piece\/salle-de-bain-le-journal-de-la-maison\/douches-arrondies-courbes-niches-integrees-nouvelle-tendance-salle-de-bains-517592.html\" rel=\"nofollow noopener\" target=\"_blank\">La salle de bains,<\/a> v\u00e9ritable petit bijou, se pare d\u2019<strong>un carrelage ray\u00e9 blanc et jaune<\/strong> \u00e9voquant les cabines de plage, d\u2019un s\u00e8che-serviettes fa\u00e7on <strong>\u00e9chelle de piscine<\/strong> et d\u2019une poign\u00e9e de porte en forme de coquillage. Quant aux objets de d\u00e9coration, lithographie vintage, tabouret sculptural, vasque en c\u00e9ramique, suspensions en paille de la marque espagnole Balbanera, ils proviennent pour la plupart des <strong>antiquaires du quartier<\/strong>, en clin d\u2019\u0153il direct \u00e0 l\u2019\u00e2me du lieu.<\/p>\n<blockquote class=\"instagram-media \" style=\"background: #ffffff;border: 0;margin: 1px;width: 100%;padding: 0;max-width: 500px;\" data-instgrm-permalink=\"https:\/\/www.instagram.com\/p\/DHRLDLtNLmf\/?hl=fr\" data-instgrm-version=\"14\"\/><p>    Studio 13 Versailles : un cocon d\u2019exception au c\u0153ur royal <\/p>\n<p>Pens\u00e9 pour accueillir deux personnes, <strong>le Studio 13 Versailles<\/strong> ne ressemble \u00e0 aucun autre <a href=\"https:\/\/www.lejournaldelamaison.fr\/le-journal-de-la-maison\/actus-deco\/louez-maison-pollypocket-grandeur-nature-airbnb-usa-491146.html\" rel=\"nofollow noopener\" target=\"_blank\">Airbnb<\/a>. Son atmosph\u00e8re raffin\u00e9e et son d\u00e9cor chaleureux en font une adresse de charme pour un<strong> city break \u00e0 35 minutes de Paris.<\/strong> Nich\u00e9 \u00e0 quelques pas du Ch\u00e2teau, de la Galerie des Glaces ou encore du march\u00e9 Notre-Dame (fond\u00e9 par Louis XIV !), il invite \u00e0 une immersion dans l\u2019histoire\u2026 sans renoncer au confort contemporain.<br \/>C\u00f4t\u00e9 palette, <strong>bois blond, blanc \u00e9clatant, verts profonds, jaunes ensoleill\u00e9s et bruns<\/strong> enveloppants se r\u00e9pondent dans une harmonie apaisante. La pi\u00e8ce de vie en L, cr\u00e9\u00e9e sur mesure, maximise chaque m\u00e8tre carr\u00e9 sans jamais sacrifier l\u2019esth\u00e9tique. <strong>Avec ses 27 m\u00b2 optimis\u00e9s<\/strong> et son ambiance de <a href=\"https:\/\/www.lejournaldelamaison.fr\/le-journal-de-la-maison\/reportages-maisons\/maisons-reportages-maisons\/samuel-etienne-suis-vraiment-tombe-amoureux-lendroit-maison-vacances-idyllique-presquile-quiberon-morbihan-suis-mis-surf-515344.html\" rel=\"nofollow noopener\" target=\"_blank\">maison de vacances<\/a>, ce petit \u00e9crin lumineux prouve que la grandeur ne tient pas toujours \u00e0 la surface. \u00c0 Versailles, elle tient parfois dans un studio bien pens\u00e9.<\/p>\n<p>                <script async src=\"\/\/www.instagram.com\/embed.js\"><\/script><\/p>\n","protected":false},"excerpt":{"rendered":"\u00c0 deux pas du Ch\u00e2teau de Versailles, un petit appartement de 27 m\u00b2 a connu une r\u00e9novation compl\u00e8te&hellip;\n","protected":false},"author":2,"featured_media":282329,"comment_status":"","ping_status":"","sticky":false,"template":"","format":"standard","meta":{"footnotes":""},"categories":[1358],"tags":[1348,1384,1385,1386,58,59,1011,27,1638],"class_list":{"0":"post-282328","1":"post","2":"type-post","3":"status-publish","4":"format-standard","5":"has-post-thumbnail","7":"category-arts-et-design","8":"tag-arts","9":"tag-arts-and-design","10":"tag-arts-et-design","11":"tag-design","12":"tag-divertissement","13":"tag-entertainment","14":"tag-fr","15":"tag-france","16":"tag-has_diapo"},"share_on_mastodon":{"url":"https:\/\/pubeurope.com\/@fr\/114937564058308714","error":""},"_links":{"self":[{"href":"https:\/\/www.europesays.com\/fr\/wp-json\/wp\/v2\/posts\/282328","targetHints":{"allow":["GET"]}}],"collection":[{"href":"https:\/\/www.europesays.com\/fr\/wp-json\/wp\/v2\/posts"}],"about":[{"href":"https:\/\/www.europesays.com\/fr\/wp-json\/wp\/v2\/types\/post"}],"author":[{"embeddable":true,"href":"https:\/\/www.europesays.com\/fr\/wp-json\/wp\/v2\/users\/2"}],"replies":[{"embeddable":true,"href":"https:\/\/www.europesays.com\/fr\/wp-json\/wp\/v2\/comments?post=282328"}],"version-history":[{"count":0,"href":"https:\/\/www.europesays.com\/fr\/wp-json\/wp\/v2\/posts\/282328\/revisions"}],"wp:featuredmedia":[{"embeddable":true,"href":"https:\/\/www.europesays.com\/fr\/wp-json\/wp\/v2\/media\/282329"}],"wp:attachment":[{"href":"https:\/\/www.europesays.com\/fr\/wp-json\/wp\/v2\/media?parent=282328"}],"wp:term":[{"taxonomy":"category","embeddable":true,"href":"https:\/\/www.europesays.com\/fr\/wp-json\/wp\/v2\/categories?post=282328"},{"taxonomy":"post_tag","embeddable":true,"href":"https:\/\/www.europesays.com\/fr\/wp-json\/wp\/v2\/tags?post=282328"}],"curies":[{"name":"wp","href":"https:\/\/api.w.org\/{rel}","templated":true}]}}