{"id":282330,"date":"2025-07-29T16:53:22","date_gmt":"2025-07-29T16:53:22","guid":{"rendered":"https:\/\/www.europesays.com\/fr\/282330\/"},"modified":"2025-07-29T16:53:22","modified_gmt":"2025-07-29T16:53:22","slug":"biblius-franchit-le-cap-des-3-millions-demprunts-de-livres-numeriques","status":"publish","type":"post","link":"https:\/\/www.europesays.com\/fr\/282330\/","title":{"rendered":"Biblius franchit le cap des 3 millions d\u2019emprunts de livres num\u00e9riques"},"content":{"rendered":"<p>Former 400\u202f000 enseignants am\u00e9ricains \u00e0 l\u2019utilisation \u00e9thique et cr\u00e9ative de l\u2019IA : voil\u00e0 ce qu\u2019une initiative soutenue par Microsoft, OpenAI et Anthropic pr\u00e9voit, ce qui en ferait le plus vaste programme du genre destin\u00e9 au personnel scolaire. Dot\u00e9e d\u2019un financement de 23\u202fmillions $US et d\u2019un appui syndical, la National Academy for AI Instruction vise \u00e0 placer les enseignants au c\u0153ur de l\u2019int\u00e9gration de l\u2019intelligence artificielle en milieu scolaire.<\/p>\n","protected":false},"excerpt":{"rendered":"Former 400\u202f000 enseignants am\u00e9ricains \u00e0 l\u2019utilisation \u00e9thique et cr\u00e9ative de l\u2019IA : voil\u00e0 ce qu\u2019une initiative soutenue par&hellip;\n","protected":false},"author":2,"featured_media":282331,"comment_status":"","ping_status":"","sticky":false,"template":"","format":"standard","meta":{"footnotes":""},"categories":[1357],"tags":[1379,58,59,1011,27,1380],"class_list":{"0":"post-282330","1":"post","2":"type-post","3":"status-publish","4":"format-standard","5":"has-post-thumbnail","7":"category-livres","8":"tag-books","9":"tag-divertissement","10":"tag-entertainment","11":"tag-fr","12":"tag-france","13":"tag-livres"},"share_on_mastodon":{"url":"https:\/\/pubeurope.com\/@fr\/114937568068456547","error":""},"_links":{"self":[{"href":"https:\/\/www.europesays.com\/fr\/wp-json\/wp\/v2\/posts\/282330","targetHints":{"allow":["GET"]}}],"collection":[{"href":"https:\/\/www.europesays.com\/fr\/wp-json\/wp\/v2\/posts"}],"about":[{"href":"https:\/\/www.europesays.com\/fr\/wp-json\/wp\/v2\/types\/post"}],"author":[{"embeddable":true,"href":"https:\/\/www.europesays.com\/fr\/wp-json\/wp\/v2\/users\/2"}],"replies":[{"embeddable":true,"href":"https:\/\/www.europesays.com\/fr\/wp-json\/wp\/v2\/comments?post=282330"}],"version-history":[{"count":0,"href":"https:\/\/www.europesays.com\/fr\/wp-json\/wp\/v2\/posts\/282330\/revisions"}],"wp:featuredmedia":[{"embeddable":true,"href":"https:\/\/www.europesays.com\/fr\/wp-json\/wp\/v2\/media\/282331"}],"wp:attachment":[{"href":"https:\/\/www.europesays.com\/fr\/wp-json\/wp\/v2\/media?parent=282330"}],"wp:term":[{"taxonomy":"category","embeddable":true,"href":"https:\/\/www.europesays.com\/fr\/wp-json\/wp\/v2\/categories?post=282330"},{"taxonomy":"post_tag","embeddable":true,"href":"https:\/\/www.europesays.com\/fr\/wp-json\/wp\/v2\/tags?post=282330"}],"curies":[{"name":"wp","href":"https:\/\/api.w.org\/{rel}","templated":true}]}}