{"id":28234,"date":"2025-04-16T02:54:12","date_gmt":"2025-04-16T02:54:12","guid":{"rendered":"https:\/\/www.europesays.com\/fr\/28234\/"},"modified":"2025-04-16T02:54:12","modified_gmt":"2025-04-16T02:54:12","slug":"grossier-fake-et-refrain-complotiste-viktor-orban-fait-campagne-contre-ladhesion-de-lukraine-a-lunion-europeenne","status":"publish","type":"post","link":"https:\/\/www.europesays.com\/fr\/28234\/","title":{"rendered":"Grossier fake et refrain complotiste&#8230; Viktor Orban fait campagne contre l&rsquo;adh\u00e9sion de l&rsquo;Ukraine \u00e0 l&rsquo;Union europ\u00e9enne"},"content":{"rendered":"<p class=\"ap-StoryElement ap-StoryElement--mb js-paywall-target ap-StoryText\">Une salve de propagande \u00e0 laquelle il est impossible d&rsquo;\u00e9chapper a pr\u00e9par\u00e9 le terrain. Partout sur les r\u00e9seaux sociaux, le long des routes, sur les immeubles et les arr\u00eats des transports en commun, les m\u00eames affiches. Elles brocardent le triumvirat qui, assurent les autorit\u00e9s, \u0153uvre en coulisses pour imposer l&rsquo;entr\u00e9e expresse de l&rsquo;Ukraine dans l&rsquo;Union europ\u00e9enne, dans le dos des peuples europ\u00e9ens. Il s&rsquo;agit des pr\u00e9sidents de l&rsquo;Ukraine, de la Commission europ\u00e9enne et du Parti populaire europ\u00e9en, la premi\u00e8re force politique de l&rsquo;Union \u2013 respectivement Volodymyr Zelensky, Ursula von der Leyen et Manfred Weber. \u00ab\u00a0Nous ne les laisserons pas d\u00e9cider par-dessus nos t\u00eates\u00a0\u00bb, proclament les affiches.<\/p>\n<p><a href=\"https:\/\/www.lalibre.be\/international\/europe\/2024\/06\/25\/juste-avant-la-presidence-hongroise-leurope-ouvre-les-negociations-dadhesion-avec-lukraine-et-debloque-de-nouveaux-fonds-daide-KX5I76DKJNGVJNUBKEBYEGCGOE\/\" target=\"_blank\" rel=\"noopener noreferrer\" class=\"ap-StoryInterstitialLink ap-StoryElement ap-StoryElement--mb\">Juste avant la pr\u00e9sidence hongroise, l&rsquo;UE ouvre les n\u00e9gociations d&rsquo;adh\u00e9sion avec l&rsquo;Ukraine<\/a><\/p>\n<p class=\"ap-StoryElement ap-StoryElement--mb ap-StoryText\">Jusqu&rsquo;au retour de Donald Trump \u00e0 la Maison-Blanche, les Etats-Unis \u00e9taient le pays honni. C&rsquo;est aujourd&rsquo;hui l&rsquo;Ukraine qui tient ce r\u00f4le dans les m\u00e9dias du pouvoir. Ministres et secr\u00e9taires d&rsquo;Etat se relaient pour ass\u00e9ner que l&rsquo;adh\u00e9sion de l&rsquo;Ukraine \u00e0 l&rsquo;UE ferait la ruine de la Hongrie et de l&rsquo;Europe enti\u00e8re. Bal\u00e1zs Hidv\u00e9ghi, secr\u00e9taire d&rsquo;\u00c9tat au cabinet du Premier ministre, s&rsquo;est emport\u00e9 dans une vid\u00e9o diffus\u00e9e sur les r\u00e9seaux sociaux : \u00ab\u00a0La p\u00e8gre ukrainienne se d\u00e9cha\u00eenerait en Hongrie, alimentant criminalit\u00e9, trafic d&rsquo;armes et de drogue [\u2026] ; le syst\u00e8me de retraite serait boulevers\u00e9, sans parler des \u00e9pid\u00e9mies import\u00e9es qui mettraient en danger les enfants et les personnes \u00e2g\u00e9es\u00a0\u00bb.<\/p>\n<p class=\"ap-StoryElement ap-StoryElement--mb ap-StoryText\">Les \u00e9lections l\u00e9gislatives sont dans un an tout juste et les craintes des <a href=\"https:\/\/www.lalibre.be\/international\/2024\/05\/06\/peter-magyar-le-renegat-en-croisade-contre-viktor-orban-26ITYNP6BFF4HBQ25OCL5YGDEQ\/\" target=\"_blank\" rel=\"noopener\">Magyars <\/a>vis-\u00e0-vis de ce grand voisin oriental \u2013 six fois plus grand et quatre fois plus peupl\u00e9 \u2013 sont pour le gouvernement de Viktor Orb\u00e1n un levier \u00e0 exploiter. La Hongrie redoute en particulier la concurrence agricole de l&rsquo;Ukraine, dont elle a pu avoir un avant-go\u00fbt amer lorsque, il y a deux ans, les \u00ab\u00a0corridors de solidarit\u00e9\u00a0\u00bb europ\u00e9ens ont d\u00e9vers\u00e9 <a href=\"https:\/\/www.lalibre.be\/international\/europe\/2024\/03\/28\/les-vingt-sept-saccordent-sur-les-produits-agricoles-ukrainiens-7GVIFBEXJNCVTJJ56YWMWSGL5M\/\" target=\"_blank\" rel=\"noopener\">des c\u00e9r\u00e9ales moins ch\u00e8res<\/a> sur l&rsquo;Europe centrale.<\/p>\n<p class=\"ap-StoryElement ap-StoryElement--mb ap-StoryText\">La population hongroise est divis\u00e9e face \u00e0 la perspective d&rsquo;un \u00e9largissement de l&rsquo;UE \u00e0 l&rsquo;Ukraine. Selon l&rsquo;institut de sondage Medi\u00e1n, 55 % des Hongrois s&rsquo;y opposent, tandis que, selon l&rsquo;institut Republikon, 46 % y sont d\u00e9favorables. Les partisans du Fidesz au pouvoir sont r\u00e9solument contre, tandis que ceux de P\u00e9ter Magyar, grand rival de Viktor Orb\u00e1n, sont majoritairement pour.<\/p>\n<p class=\"ap-StoryElement ap-StoryElement--mb ap-StoryText\">Le conservateur de 44 ans a quitt\u00e9 le Fidesz au d\u00e9but de l&rsquo;ann\u00e9e 2024, a r\u00e9colt\u00e9 plus d&rsquo;un million de r\u00e9ponses \u00e0 une consultation men\u00e9e par son parti Tisza. Il en ressort que 58 % des r\u00e9pondants sont en faveur de l&rsquo;Ukraine dans l&rsquo;UE. Depuis qu&rsquo;une eurod\u00e9put\u00e9e de Tisza a commis la maladresse de sembler se r\u00e9jouir de ce que le gel de milliards de fonds europ\u00e9ens appauvrit les Hongrois et favorise l&rsquo;opposition, un tsunami de propagande s&rsquo;abat sur lui.<\/p>\n<p><a href=\"https:\/\/www.lalibre.be\/international\/2024\/05\/06\/peter-magyar-le-renegat-en-croisade-contre-viktor-orban-26ITYNP6BFF4HBQ25OCL5YGDEQ\/\" target=\"_blank\" rel=\"noopener noreferrer\" class=\"ap-StoryInterstitialLink ap-StoryElement ap-StoryElement--mb\">Peter Magyar, le ren\u00e9gat en croisade contre Viktor Orban<\/a><\/p>\n<p class=\"ap-StoryElement ap-StoryElement--mb ap-StoryText\">Une p\u00e9tition lanc\u00e9e par un obscur \u00ab\u00a0mouvement de la r\u00e9sistance nationale\u00a0\u00bb et relay\u00e9e par les t\u00e9nors du Fidesz d\u00e9nonce \u00ab\u00a0une conspiration entre Bruxelles et Tisza contre les Hongrois\u00a0\u00bb. Selon celle-ci, l&rsquo;UE ruinerait l&rsquo;\u00e9conomie hongroise au profit de l&rsquo;opposition qui, une fois au pouvoir, pourra servir les int\u00e9r\u00eats bellicistes de \u00ab\u00a0Bruxelles\u00a0\u00bb et favoriser l&rsquo;adh\u00e9sion de l&rsquo;Ukraine. Le Premier ministre Viktor Orb\u00e1n y est aussi all\u00e9 de son refrain complotiste dans une vid\u00e9o publi\u00e9e sur les r\u00e9seaux sociaux. Les influenceurs de Megafon, une puissante soci\u00e9t\u00e9 de communication li\u00e9e au Fidesz, inondent facebook d&rsquo;un grossier fake figurant P\u00e9ter Magyar brandissant un drapeau ukrainien. Ce drapeau jaune et bleu qui, aux yeux du Fidesz, est un repoussoir.<\/p>\n","protected":false},"excerpt":{"rendered":"Une salve de propagande \u00e0 laquelle il est impossible d&rsquo;\u00e9chapper a pr\u00e9par\u00e9 le terrain. Partout sur les r\u00e9seaux&hellip;\n","protected":false},"author":2,"featured_media":28235,"comment_status":"","ping_status":"","sticky":false,"template":"","format":"standard","meta":{"footnotes":""},"categories":[1586],"tags":[11,1777,674,1779,1011,27,1227,12,9914,25,1778,364],"class_list":{"0":"post-28234","1":"post","2":"type-post","3":"status-publish","4":"format-standard","5":"has-post-thumbnail","7":"category-europe","8":"tag-actualites","9":"tag-eu","10":"tag-europe","11":"tag-european-union","12":"tag-fr","13":"tag-france","14":"tag-horizontal","15":"tag-news","16":"tag-portrait-headshot","17":"tag-republique-francaise","18":"tag-ue","19":"tag-union-europeenne"},"share_on_mastodon":{"url":"https:\/\/pubeurope.com\/@fr\/114345388503020926","error":""},"_links":{"self":[{"href":"https:\/\/www.europesays.com\/fr\/wp-json\/wp\/v2\/posts\/28234","targetHints":{"allow":["GET"]}}],"collection":[{"href":"https:\/\/www.europesays.com\/fr\/wp-json\/wp\/v2\/posts"}],"about":[{"href":"https:\/\/www.europesays.com\/fr\/wp-json\/wp\/v2\/types\/post"}],"author":[{"embeddable":true,"href":"https:\/\/www.europesays.com\/fr\/wp-json\/wp\/v2\/users\/2"}],"replies":[{"embeddable":true,"href":"https:\/\/www.europesays.com\/fr\/wp-json\/wp\/v2\/comments?post=28234"}],"version-history":[{"count":0,"href":"https:\/\/www.europesays.com\/fr\/wp-json\/wp\/v2\/posts\/28234\/revisions"}],"wp:featuredmedia":[{"embeddable":true,"href":"https:\/\/www.europesays.com\/fr\/wp-json\/wp\/v2\/media\/28235"}],"wp:attachment":[{"href":"https:\/\/www.europesays.com\/fr\/wp-json\/wp\/v2\/media?parent=28234"}],"wp:term":[{"taxonomy":"category","embeddable":true,"href":"https:\/\/www.europesays.com\/fr\/wp-json\/wp\/v2\/categories?post=28234"},{"taxonomy":"post_tag","embeddable":true,"href":"https:\/\/www.europesays.com\/fr\/wp-json\/wp\/v2\/tags?post=28234"}],"curies":[{"name":"wp","href":"https:\/\/api.w.org\/{rel}","templated":true}]}}