{"id":282345,"date":"2025-07-29T17:01:10","date_gmt":"2025-07-29T17:01:10","guid":{"rendered":"https:\/\/www.europesays.com\/fr\/282345\/"},"modified":"2025-07-29T17:01:10","modified_gmt":"2025-07-29T17:01:10","slug":"leurope-doit-instaurer-sans-attendre-des-tarifs-douaniers-sur-les-geants-du-numerique","status":"publish","type":"post","link":"https:\/\/www.europesays.com\/fr\/282345\/","title":{"rendered":"\u00abL\u2019Europe doit instaurer sans attendre des tarifs douaniers sur les g\u00e9ants du num\u00e9rique\u00bb"},"content":{"rendered":"<p><strong>FIGAROVOX\/TRIBUNE &#8211; <\/strong>Par-del\u00e0 l\u2019accord, n\u00e9faste pour l\u2019Europe, conclu entre l\u2019UE et les \u00c9tats-Unis, il est temps de penser aux moyens de b\u00e2tir notre propre puissance, estime<br \/>l\u2019ancien premier ministre. Il dresse une s\u00e9rie de mesures pour r\u00e9instaurer un rapport de force face \u00e0 Trump.<\/p>\n<p class=\"fig-paragraph\">Ancien premier ministre, Gabriel Attal est pr\u00e9sident du groupe Ensemble pour la R\u00e9publique \u00e0 l\u2019Assembl\u00e9e nationale.<\/p>\n<p class=\"fig-paragraph\">Dimanche, l\u2019Union europ\u00e9enne a conclu un\u00a0<a href=\"http:\/\/www.lefigaro.fr\/conjoncture\/droits-de-douane-l-union-europeenne-se-resout-a-la-soumission-face-aux-etats-unis-denonce-francois-bayrou-20250728\" target=\"_blank\" data-fig-type=\"NewsFlash\" rel=\"noopener nofollow\" data-gtm-custom-categorie=\"navigation\" data-gtm-custom-action=\"crossclick\" data-gtm-custom-label=\"Contextuel\" data-gtm-event=\"customEventSPE\" data-fig-domain=\"LEFIGARO\">accord avec les \u00c9tats-Unis<\/a>. Cet accord, peut-on s\u2019en r\u00e9jouir\u00a0? Non.<\/p>\n<p class=\"fig-paragraph\">Non, parce qu\u2019il n\u2019a pour objet que de \u00ablimiter la casse\u00bb dans la guerre commerciale absurde enclench\u00e9e par les \u00c9tats-Unis. Ne faisons pas mine de le d\u00e9couvrir aujourd\u2019hui\u00a0: les discussions ont \u00e9t\u00e9 engag\u00e9es face \u00e0 la menace am\u00e9ricaine de droits de douane, dans une situation par nature d\u00e9s\u00e9quilibr\u00e9e. Alors oui, il est impossible de se r\u00e9jouir de cet accord.<\/p>\n<p class=\"fig-paragraph\">Mais cessons de perdre du temps \u00e0 vilipender tel ou tel. Personne ne peut affirmer avec certitude qu\u2019il aurait obtenu mieux. Tout cela est du temps perdu qui nous \u00e9loigne de l\u2019essentiel, car ce ne sont pas les personnes ou leurs capacit\u00e9s qui sont en cause, c\u2019est la structure m\u00eame de l\u2019Europe. Trop fragile, trop faite de plus petits d\u00e9nominateurs communs, trop p\u00e9nalis\u00e9e par la crainte de certains \u00e0 l\u2019id\u00e9e de\u2026<\/p>\n<p class=\"fig-premium-paywall__infos\">\n        Cet article est r\u00e9serv\u00e9 aux abonn\u00e9s.        Il vous reste 83% \u00e0 d\u00e9couvrir.\n    <\/p>\n<p>                <img  data- alt=\"Le Figaro\" class=\"fig-img--complete fig-img\"\/><\/p>\n<p class=\"fig-premium-paywall__title\">Vous avez envie de lire la suite ?<\/p>\n<p class=\"fig-premium-paywall__subtitle\">D\u00e9bloquez tous les articles imm\u00e9diatement.<\/p>\n<p class=\"fig-premium-paywall__connect\">\n                D\u00e9j\u00e0 abonn\u00e9\u00a0?                <a class=\"fig-premium-paywall__connect-link\" href=\"https:\/\/connect.lefigaro.fr\/login?client=horizon_web&amp;type=main&amp;redirect_uri=https%3A%2F%2Fwww.lefigaro.fr%2Fvox%2Fmonde%2Fgabriel-attal-l-europe-doit-instaurer-sans-attendre-des-tarifs-douaniers-sur-les-geants-du-numerique-20250729\" data-js-gtm=\"{&quot;customCategorie&quot;: &quot;conversion&quot;, &quot;customAction&quot;: &quot;before_Landing_Connexion_paywall_auto&quot;, &quot;customLabel&quot;: &quot;bGVmaWdhcm8uZnJfXzFmMDZjODg0LTRkZDQtNjQzMC1iOTJiLTdmOWIwM2VjZmM5ZF9fQXJ0aWNsZQ==_Gabriel Attal\u00a0: \u00abL\u2019Europe doit instaurer sans attendre des tarifs douaniers sur les g\u00e9ants du num\u00e9rique\u00bb_409&quot;, &quot;customIDSPE&quot;: &quot;bGVmaWdhcm8uZnJfXzFmMDZjODg0LTRkZDQtNjQzMC1iOTJiLTdmOWIwM2VjZmM5ZF9fQXJ0aWNsZQ==&quot;, &quot;event&quot;: &quot;customEventSPE&quot;}\" rel=\"nofollow noopener\" target=\"_blank\"><br \/>\n                    Connectez-vous<br \/>\n                <\/a>\n            <\/p>\n","protected":false},"excerpt":{"rendered":"FIGAROVOX\/TRIBUNE &#8211; Par-del\u00e0 l\u2019accord, n\u00e9faste pour l\u2019Europe, conclu entre l\u2019UE et les \u00c9tats-Unis, il est temps de penser&hellip;\n","protected":false},"author":2,"featured_media":282346,"comment_status":"","ping_status":"","sticky":false,"template":"","format":"standard","meta":{"footnotes":""},"categories":[6],"tags":[35,75,33,34,73,1011,27,1074],"class_list":{"0":"post-282345","1":"post","2":"type-post","3":"status-publish","4":"format-standard","5":"has-post-thumbnail","7":"category-economie","8":"tag-business","9":"tag-donald-trump","10":"tag-economie","11":"tag-economy","12":"tag-etats-unis","13":"tag-fr","14":"tag-france","15":"tag-guerre-commerciale"},"share_on_mastodon":{"url":"https:\/\/pubeurope.com\/@fr\/114937599334461768","error":""},"_links":{"self":[{"href":"https:\/\/www.europesays.com\/fr\/wp-json\/wp\/v2\/posts\/282345","targetHints":{"allow":["GET"]}}],"collection":[{"href":"https:\/\/www.europesays.com\/fr\/wp-json\/wp\/v2\/posts"}],"about":[{"href":"https:\/\/www.europesays.com\/fr\/wp-json\/wp\/v2\/types\/post"}],"author":[{"embeddable":true,"href":"https:\/\/www.europesays.com\/fr\/wp-json\/wp\/v2\/users\/2"}],"replies":[{"embeddable":true,"href":"https:\/\/www.europesays.com\/fr\/wp-json\/wp\/v2\/comments?post=282345"}],"version-history":[{"count":0,"href":"https:\/\/www.europesays.com\/fr\/wp-json\/wp\/v2\/posts\/282345\/revisions"}],"wp:featuredmedia":[{"embeddable":true,"href":"https:\/\/www.europesays.com\/fr\/wp-json\/wp\/v2\/media\/282346"}],"wp:attachment":[{"href":"https:\/\/www.europesays.com\/fr\/wp-json\/wp\/v2\/media?parent=282345"}],"wp:term":[{"taxonomy":"category","embeddable":true,"href":"https:\/\/www.europesays.com\/fr\/wp-json\/wp\/v2\/categories?post=282345"},{"taxonomy":"post_tag","embeddable":true,"href":"https:\/\/www.europesays.com\/fr\/wp-json\/wp\/v2\/tags?post=282345"}],"curies":[{"name":"wp","href":"https:\/\/api.w.org\/{rel}","templated":true}]}}