{"id":282353,"date":"2025-07-29T17:05:22","date_gmt":"2025-07-29T17:05:22","guid":{"rendered":"https:\/\/www.europesays.com\/fr\/282353\/"},"modified":"2025-07-29T17:05:22","modified_gmt":"2025-07-29T17:05:22","slug":"saint-etienne-bar-emblematique-de-la-ville-le-jean-jaures-a-su-conserver-lame-dune-brasserie","status":"publish","type":"post","link":"https:\/\/www.europesays.com\/fr\/282353\/","title":{"rendered":"Saint-Etienne. Bar embl\u00e9matique de la ville, le Jean Jaur\u00e8s a su conserver l\u2019\u00e2me d\u2019une brasserie"},"content":{"rendered":"<p>Autrefois connu sous le nom de Caf\u00e9 du commerce, le Jean Jaur\u00e8s a su rester un v\u00e9ritable point d\u2019ancrage pour les St\u00e9phanois, mais il attire \u00e9galement une client\u00e8le de passage.<\/p>\n<p>Son propri\u00e9taire actuel, Fabien Lashermes, est issu d\u2019une famille de primeurs de Saint-Chamond. Apr\u00e8s avoir cr\u00e9\u00e9 le Purple Caf\u00e9, rue Blanqui, avec ses parents, il a d\u00e9cid\u00e9 au bout de trois ans de travailler comme conducteur de travaux dans le b\u00e2timent. \u00ab\u00a0Mais j\u2019avais envie de me lancer et de reprendre un bar \u00e0 Saint-\u00c9tienne. Lorsque l\u2019entreprise dans laquelle je travaillais s\u2019est vendue \u00e0 un groupe, je me suis dit que c\u2019\u00e9tait le moment\u00a0\u00bb, confie-t-il.<\/p>\n<p>Seulement trois jours de fermeture dans l\u2019ann\u00e9e<\/p>\n<p>C\u2019est donc en ao\u00fbt\u00a02013 qu\u2019il a repris le caf\u00e9 Jean Jaur\u00e8s, une adresse connue et bien plac\u00e9e, mais qui \u00e9tait alors en perte&#8230;<\/p>\n","protected":false},"excerpt":{"rendered":"Autrefois connu sous le nom de Caf\u00e9 du commerce, le Jean Jaur\u00e8s a su rester un v\u00e9ritable point&hellip;\n","protected":false},"author":2,"featured_media":282354,"comment_status":"","ping_status":"","sticky":false,"template":"","format":"standard","meta":{"footnotes":""},"categories":[9653],"tags":[1111,11,2430,4406,33,7539,1777,674,1011,27,12,25,4001,7538],"class_list":{"0":"post-282353","1":"post","2":"type-post","3":"status-publish","4":"format-standard","5":"has-post-thumbnail","7":"category-saint-etienne","8":"tag-actu","9":"tag-actualites","10":"tag-auvergne-rhone-alpes","11":"tag-commerce-et-services","12":"tag-economie","13":"tag-edition-loire-sud","14":"tag-eu","15":"tag-europe","16":"tag-fr","17":"tag-france","18":"tag-news","19":"tag-republique-francaise","20":"tag-saint-etienne","21":"tag-saint-etienne-ville"},"share_on_mastodon":{"url":"https:\/\/pubeurope.com\/@fr\/114937615037824784","error":""},"_links":{"self":[{"href":"https:\/\/www.europesays.com\/fr\/wp-json\/wp\/v2\/posts\/282353","targetHints":{"allow":["GET"]}}],"collection":[{"href":"https:\/\/www.europesays.com\/fr\/wp-json\/wp\/v2\/posts"}],"about":[{"href":"https:\/\/www.europesays.com\/fr\/wp-json\/wp\/v2\/types\/post"}],"author":[{"embeddable":true,"href":"https:\/\/www.europesays.com\/fr\/wp-json\/wp\/v2\/users\/2"}],"replies":[{"embeddable":true,"href":"https:\/\/www.europesays.com\/fr\/wp-json\/wp\/v2\/comments?post=282353"}],"version-history":[{"count":0,"href":"https:\/\/www.europesays.com\/fr\/wp-json\/wp\/v2\/posts\/282353\/revisions"}],"wp:featuredmedia":[{"embeddable":true,"href":"https:\/\/www.europesays.com\/fr\/wp-json\/wp\/v2\/media\/282354"}],"wp:attachment":[{"href":"https:\/\/www.europesays.com\/fr\/wp-json\/wp\/v2\/media?parent=282353"}],"wp:term":[{"taxonomy":"category","embeddable":true,"href":"https:\/\/www.europesays.com\/fr\/wp-json\/wp\/v2\/categories?post=282353"},{"taxonomy":"post_tag","embeddable":true,"href":"https:\/\/www.europesays.com\/fr\/wp-json\/wp\/v2\/tags?post=282353"}],"curies":[{"name":"wp","href":"https:\/\/api.w.org\/{rel}","templated":true}]}}