{"id":282360,"date":"2025-07-29T17:10:12","date_gmt":"2025-07-29T17:10:12","guid":{"rendered":"https:\/\/www.europesays.com\/fr\/282360\/"},"modified":"2025-07-29T17:10:12","modified_gmt":"2025-07-29T17:10:12","slug":"insolite-toulon-presente-son-maillot-exterieur-sur-le-porte-avions-charles-de-gaulle","status":"publish","type":"post","link":"https:\/\/www.europesays.com\/fr\/282360\/","title":{"rendered":"Insolite. Toulon pr\u00e9sente son maillot ext\u00e9rieur sur le porte-avions Charles de Gaulle\u00a0!"},"content":{"rendered":"<p>            Par<br \/>\n        <strong><br \/>\n            <a href=\"https:\/\/actu.fr\/auteur\/anthony-assemat\" title=\"Consulter tous les articles de Anthony Assemat\" rel=\"nofollow noopener\" target=\"_blank\">Anthony Assemat<\/a><br \/>\n        <\/strong><\/p>\n<p>        Publi\u00e9 le<\/p>\n<p>            29 juil. 2025 \u00e0 12h01        <\/p>\n<p>La reprise \u00e0 Toulon, \u00e7a ne plaisante pas. A peine la saison 2024-2025 termin\u00e9e (avec un bon bilan de quart de finaliste de Champions Cup et de demi-finaliste de Top 14) que<a href=\"https:\/\/actu.fr\/sports\/rugby\/pro\/top-14-ce-n-etait-pas-acceptable-du-tout-la-colere-de-pierre-mignoni-apres-la-defaite-de-toulon-a-pau_62652884.html\" rel=\"nofollow noopener\" target=\"_blank\"> les Varois de Pierre Mignoni<\/a> sont d\u00e9j\u00e0 sur le pont pour la prochaine saison. Et l\u2019on ne croit pas si bien dire !<\/p>\n<p class=\" wall-content\">\n<p>Une allusion \u00e0 l\u2019univers de la marine<\/p>\n<p class=\" wall-content\">Lundi 28 juillet 2025, le club a d\u00e9voil\u00e9 sur les r\u00e9seaux sociaux<strong> son maillot ext\u00e9rieur 2025-2026<\/strong>. L\u2019originalit\u00e9 r\u00e9side dans le lieu de tournage de cette pr\u00e9sentation : rien de moins que le porte-avions Charles de Gaulle ! La couleur, elle, si elle n\u2019a rien de r\u00e9volutionnaire (blanc-gris teint\u00e9e de noir), fait une allusion au Charles de Gaulle et \u00e0 l\u2019univers de la marine.<\/p>\n<p class=\" wall-content\">Voir le pilier Danny Priso vous toiser avec, en fond, ce joyau de la France, a quelque chose d\u2019impressionnant on doit bien l\u2019avouer !\u00a0<\/p>\n<p class=\" wall-content\">\n<p class=\" wall-content\">Les hommes de Pierre Mignoni ont repris l\u2019entra\u00eenement lundi 28 juillet 2025. Ils d\u00e9buteront le Top 14 \u00e0 Montpellier le samedi 6 septembre avant de retrouver leur public de Mayol face \u00e0 Castres, samedi 13 septembre, <a href=\"https:\/\/actu.fr\/provence-alpes-cote-d-azur\/toulon_83137\/rugby-ma-a-nonu-portait-un-objet-interdit-lors-du-match-de-toulon-explications_62774952.html\" rel=\"nofollow noopener\" target=\"_blank\">pour les retrouvailles avec leurs victimes du match de barrage<\/a>, en juin dernier.<\/p>\n<p class=\" wall-content\">Suivez toute l\u2019actualit\u00e9 de vos villes et m\u00e9dias favoris en vous inscrivant \u00e0 <a href=\"https:\/\/moncompte.actu.fr\" title=\"D\u00e9couvez Mon Actu\" rel=\"nofollow noopener\" data-trk=\"{&quot;cta&quot;:{&quot;action&quot;:&quot;https:\\\/\\\/moncompte.actu.fr&quot;,&quot;category&quot;:&quot;mon compte&quot;,&quot;from&quot;:&quot;article footer&quot;,&quot;name&quot;:&quot;Mon actu&quot;,&quot;type&quot;:&quot;cta&quot;}}\" target=\"_blank\">Mon Actu<\/a>.<\/p>\n<ul class=\"ac-article-tag wall-content\">\n<li><a href=\"https:\/\/actu.fr\/tag\/rct-rugby-club-toulonnais\" data-trk=\"{&quot;cta&quot;:{&quot;action&quot;:&quot;RCT Rugby club toulonnais&quot;,&quot;category&quot;:&quot;tag&quot;,&quot;from&quot;:&quot;article footer&quot;,&quot;name&quot;:&quot;RCT Rugby club toulonnais&quot;,&quot;type&quot;:&quot;cta&quot;}}\" rel=\"nofollow noopener\" target=\"_blank\">#RCT Rugby club toulonnais<\/a><\/li>\n<li><a href=\"https:\/\/actu.fr\/tag\/toulon\" data-trk=\"{&quot;cta&quot;:{&quot;action&quot;:&quot;Toulon&quot;,&quot;category&quot;:&quot;tag&quot;,&quot;from&quot;:&quot;article footer&quot;,&quot;name&quot;:&quot;Toulon&quot;,&quot;type&quot;:&quot;cta&quot;}}\" rel=\"nofollow noopener\" target=\"_blank\">#Toulon<\/a><\/li>\n<\/ul>\n","protected":false},"excerpt":{"rendered":"Par Anthony Assemat Publi\u00e9 le 29 juil. 2025 \u00e0 12h01 La reprise \u00e0 Toulon, \u00e7a ne plaisante pas.&hellip;\n","protected":false},"author":2,"featured_media":282361,"comment_status":"","ping_status":"","sticky":false,"template":"","format":"standard","meta":{"footnotes":""},"categories":[9619],"tags":[1111,11,1777,674,1011,27,12,882,6717,25,479,60,478,2310],"class_list":{"0":"post-282360","1":"post","2":"type-post","3":"status-publish","4":"format-standard","5":"has-post-thumbnail","7":"category-toulon","8":"tag-actu","9":"tag-actualites","10":"tag-eu","11":"tag-europe","12":"tag-fr","13":"tag-france","14":"tag-news","15":"tag-provence-alpes-cote-dazur","16":"tag-rct-rugby-club-toulonnais","17":"tag-republique-francaise","18":"tag-rugby","19":"tag-sports","20":"tag-top-14","21":"tag-toulon"},"share_on_mastodon":{"url":"https:\/\/pubeurope.com\/@fr\/114937634691170612","error":""},"_links":{"self":[{"href":"https:\/\/www.europesays.com\/fr\/wp-json\/wp\/v2\/posts\/282360","targetHints":{"allow":["GET"]}}],"collection":[{"href":"https:\/\/www.europesays.com\/fr\/wp-json\/wp\/v2\/posts"}],"about":[{"href":"https:\/\/www.europesays.com\/fr\/wp-json\/wp\/v2\/types\/post"}],"author":[{"embeddable":true,"href":"https:\/\/www.europesays.com\/fr\/wp-json\/wp\/v2\/users\/2"}],"replies":[{"embeddable":true,"href":"https:\/\/www.europesays.com\/fr\/wp-json\/wp\/v2\/comments?post=282360"}],"version-history":[{"count":0,"href":"https:\/\/www.europesays.com\/fr\/wp-json\/wp\/v2\/posts\/282360\/revisions"}],"wp:featuredmedia":[{"embeddable":true,"href":"https:\/\/www.europesays.com\/fr\/wp-json\/wp\/v2\/media\/282361"}],"wp:attachment":[{"href":"https:\/\/www.europesays.com\/fr\/wp-json\/wp\/v2\/media?parent=282360"}],"wp:term":[{"taxonomy":"category","embeddable":true,"href":"https:\/\/www.europesays.com\/fr\/wp-json\/wp\/v2\/categories?post=282360"},{"taxonomy":"post_tag","embeddable":true,"href":"https:\/\/www.europesays.com\/fr\/wp-json\/wp\/v2\/tags?post=282360"}],"curies":[{"name":"wp","href":"https:\/\/api.w.org\/{rel}","templated":true}]}}