{"id":282364,"date":"2025-07-29T17:13:11","date_gmt":"2025-07-29T17:13:11","guid":{"rendered":"https:\/\/www.europesays.com\/fr\/282364\/"},"modified":"2025-07-29T17:13:11","modified_gmt":"2025-07-29T17:13:11","slug":"le-zevent-de-retour-au-profit-des-aidants-et-des-patients","status":"publish","type":"post","link":"https:\/\/www.europesays.com\/fr\/282364\/","title":{"rendered":"le ZEvent de retour au profit des aidants et des patients"},"content":{"rendered":"<p>\nLe ZEvent, c\u00e9l\u00e8bre marathon caritatif du jeu vid\u00e9o, revient du 4 au 7 septembre.<\/p>\n<p>\n\u00a9 Le ZEvent est de retour du 4 au 7 septembre \/ Cr\u00e9dit : Elliot Le Corre \u2013 ZEvent 2022.<\/p>\n<p>Plus de <a href=\"https:\/\/infoccitanie.fr\/montpellier-plus-de-10-millions-deuros-recoltes-lors-du-zevent-2024\/\" rel=\"nofollow noopener\" target=\"_blank\"><strong>10 millions d\u2019euros ont \u00e9t\u00e9 r\u00e9colt\u00e9s lors de l\u2019\u00e9dition 2024 du ZEvent<\/strong><\/a> au profit de cinq associations qui luttent contre la pr\u00e9carit\u00e9 et la mis\u00e8re.\u00a0L\u2019\u00e9v\u00e9nement est un marathon caritatif organis\u00e9 par le streamer\u00a0<strong>Adrien \u00ab\u00a0Zerator\u00a0\u00bb Nougaret\u00a0<\/strong>et son associ\u00e9\u00a0<strong>Alexandre \u00ab\u00a0Dach\u00a0\u00bb Dachary,<\/strong>\u00a0qui regroupe de nombreuses personnalit\u00e9s du \u00ab\u00a0streaming\u00a0\u00bb fran\u00e7ais. Cette ann\u00e9e, du 4 au 7 septembre, l\u2019\u00e9v\u00e9nement s\u2019engage pour le secteur de la sant\u00e9 en reversant l\u2019int\u00e9gralit\u00e9 des donations \u00e0 huit associations : <strong>La Ligue Contre le Cancer, l\u2019Association Fran\u00e7aise des Aidants, Helebor, Nightline, Le Rire M\u00e9decin, Sourire \u00e0 la Vie, L\u2019Envol et Sparadrap.<\/strong><\/p>\n<p>Un \u00e9v\u00e9nement ouvert \u00e0 toutes et tous<\/p>\n<p>Comme \u00e0 son habitude, le ZEvent est int\u00e9gralement diffus\u00e9 sur la plateforme en ligne \u00ab\u00a0Twitch\u00a0\u00bb sur les cha\u00eenes des diff\u00e9rents \u00ab\u00a0streamers\u00a0\u00bb et cr\u00e9ateurs de contenu pr\u00e9sents sur place. Depuis sa cr\u00e9ation en 2016, les participants se r\u00e9unissent exclusivement en physique, dans un lieu tenu secret aux abords de Montpellier. Mais depuis l\u2019ann\u00e9e derni\u00e8re, la formule du ZEvent a \u00e9volu\u00e9 avec la possibilit\u00e9 pour 100 streamers de participer en ligne, avec la volont\u00e9 que ce dernier devienne un \u00e9v\u00e9nement \u00ab\u00a0ouvert \u00e0 toutes et tous\u00a0\u00bb, comme le <a href=\"https:\/\/infoccitanie.fr\/montpellier-le-zevent-devrait-etre-ouvert-a-toutes-et-tous-zerator-a-bon-espoir-pour-le-futur-de-levenement\/\" rel=\"nofollow noopener\" target=\"_blank\"><strong>confiait ZeratoR en 2024<\/strong><\/a>. Cette ann\u00e9e c\u2019est chose faite. L\u2019inscription est accessible pour toutes et tous, sous couvert de quelques pr\u00e9requis, tels qu\u2019\u00eatre \u00ab\u00a0affili\u00e9 \u00e0 la plateforme Twitch\u00a0\u00bb ou encore avoir une moyenne de 50 spectateurs sur les 12 derniers mois. Sur place, plusieurs personnalit\u00e9s de renom de la plateforme seront pr\u00e9sentes comme <strong>Joyca, Mastu, Th\u00e9odort<\/strong>, ou encore l\u2019animateur <strong>Samuel Etienne<\/strong>. Ils seront accompagn\u00e9s des incontournables habitu\u00e9s de l\u2019\u00e9v\u00e9nement comme <strong>Antoine Daniel, Ultia, Baghera Jones, Etoiles ou encore MisterMV.<\/strong><\/p>\n<p>Un concert d\u2019introduction<\/p>\n<p>Le traditionnel <strong>concert caritatif <\/strong>du ZEvent se d\u00e9roule cette ann\u00e9e encore en pr\u00e9lude \u00e0 l\u2019\u00e9v\u00e9nement, le 4 septembre au Z\u00e9nith de Montpellier. \u00c0 l\u2019affiche de la soir\u00e9e d\u2019ouverture : <strong>IAM<\/strong>, <strong>Alonzo, Carbonne, PV Nova &amp; Marianne<\/strong> et l\u2019<strong>Orchestre Curieux<\/strong> avec les artistes <strong>Lorien Testard<\/strong> et <strong>Alice Duport-Percier<\/strong>, \u00e0 l\u2019origine des musiques du jeu vid\u00e9o made in Montpellier : <strong>Clair Obscur : Expedition 33<\/strong>.<strong> La <\/strong><a href=\"https:\/\/zevent.fr\/concert\" target=\"_blank\" rel=\"nofollow noopener\"><strong>billetterie <\/strong><\/a><strong>pour le concert ouvre ce mercredi 30 juillet.<\/strong><\/p>\n<p>Pour en savoir plus, rendez-vous sur le site <a href=\"https:\/\/zevent.fr\/\" target=\"_blank\" rel=\"nofollow noopener\"><strong>Zevent.fr<\/strong><\/a><\/p>\n","protected":false},"excerpt":{"rendered":"Le ZEvent, c\u00e9l\u00e8bre marathon caritatif du jeu vid\u00e9o, revient du 4 au 7 septembre. \u00a9 Le ZEvent est&hellip;\n","protected":false},"author":2,"featured_media":282365,"comment_status":"","ping_status":"","sticky":false,"template":"","format":"standard","meta":{"footnotes":""},"categories":[9599],"tags":[1111,11,1777,674,1011,27,2208,12,2680,25,42016],"class_list":{"0":"post-282364","1":"post","2":"type-post","3":"status-publish","4":"format-standard","5":"has-post-thumbnail","7":"category-montpellier","8":"tag-actu","9":"tag-actualites","10":"tag-eu","11":"tag-europe","12":"tag-fr","13":"tag-france","14":"tag-montpellier","15":"tag-news","16":"tag-occitanie","17":"tag-republique-francaise","18":"tag-zevent"},"share_on_mastodon":{"url":"https:\/\/pubeurope.com\/@fr\/114937646478971049","error":""},"_links":{"self":[{"href":"https:\/\/www.europesays.com\/fr\/wp-json\/wp\/v2\/posts\/282364","targetHints":{"allow":["GET"]}}],"collection":[{"href":"https:\/\/www.europesays.com\/fr\/wp-json\/wp\/v2\/posts"}],"about":[{"href":"https:\/\/www.europesays.com\/fr\/wp-json\/wp\/v2\/types\/post"}],"author":[{"embeddable":true,"href":"https:\/\/www.europesays.com\/fr\/wp-json\/wp\/v2\/users\/2"}],"replies":[{"embeddable":true,"href":"https:\/\/www.europesays.com\/fr\/wp-json\/wp\/v2\/comments?post=282364"}],"version-history":[{"count":0,"href":"https:\/\/www.europesays.com\/fr\/wp-json\/wp\/v2\/posts\/282364\/revisions"}],"wp:featuredmedia":[{"embeddable":true,"href":"https:\/\/www.europesays.com\/fr\/wp-json\/wp\/v2\/media\/282365"}],"wp:attachment":[{"href":"https:\/\/www.europesays.com\/fr\/wp-json\/wp\/v2\/media?parent=282364"}],"wp:term":[{"taxonomy":"category","embeddable":true,"href":"https:\/\/www.europesays.com\/fr\/wp-json\/wp\/v2\/categories?post=282364"},{"taxonomy":"post_tag","embeddable":true,"href":"https:\/\/www.europesays.com\/fr\/wp-json\/wp\/v2\/tags?post=282364"}],"curies":[{"name":"wp","href":"https:\/\/api.w.org\/{rel}","templated":true}]}}