{"id":282366,"date":"2025-07-29T17:16:24","date_gmt":"2025-07-29T17:16:24","guid":{"rendered":"https:\/\/www.europesays.com\/fr\/282366\/"},"modified":"2025-07-29T17:16:24","modified_gmt":"2025-07-29T17:16:24","slug":"deux-bebes-transportes-a-lhopital-de-rouen","status":"publish","type":"post","link":"https:\/\/www.europesays.com\/fr\/282366\/","title":{"rendered":"deux b\u00e9b\u00e9s transport\u00e9s \u00e0 l&rsquo;h\u00f4pital de Rouen"},"content":{"rendered":"<p>            Par<br \/>\n        <strong><br \/>\n            <a href=\"https:\/\/actu.fr\/auteur\/eaube\" title=\"Consulter tous les articles de Elo\u00efse Aub\u00e9\" rel=\"nofollow noopener\" target=\"_blank\">Elo\u00efse Aub\u00e9<\/a><br \/>\n        <\/strong><\/p>\n<p>        Publi\u00e9 le<\/p>\n<p>            29 juil. 2025 \u00e0 16h10        <\/p>\n<p>Ce mardi 29\u00a0juillet 2025, les sapeurs-pompiers sont appel\u00e9s un peu avant 14\u00a0heures pour <strong>un feu dans un immeuble<\/strong> situ\u00e9 rue Martial-Spinneweber au Petit-Quevilly pr\u00e8s de <a href=\"https:\/\/actu.fr\/normandie\/rouen_76540\" rel=\"nofollow noopener\" target=\"_blank\">Rouen<\/a> (Seine-Maritime).<\/p>\n<p class=\" wall-content\">Sur place, les pompiers font \u00e9tat \u00ab\u2009d\u2019aliments rest\u00e9s dans un four au deuxi\u00e8me \u00e9tage, qui ont provoqu\u00e9 un fort d\u00e9gagement de fum\u00e9e\u2009\u00bb, note le Sdis (Service D\u00e9partemental d\u2019incendie et de Secours).<\/p>\n<p>De jeunes enfants parmi les victimes<\/p>\n<p class=\" wall-content\">Plusieurs personnes ont \u00e9vacu\u00e9 les appartements. <strong>Deux enfants, \u00e2g\u00e9s de 4\u00a0mois et un an<\/strong> ont \u00e9t\u00e9 transport\u00e9s, l\u00e9g\u00e8rement intoxiqu\u00e9s, ont \u00e9t\u00e9 transport\u00e9s au CHU en service p\u00e9diatrie.<\/p>\n<p>Suivez l\u2019actualit\u00e9 de Rouen sur notre <a href=\"https:\/\/www.whatsapp.com\/channel\/0029VaKfnf99hXF2ddApFB1D\" rel=\"nofollow noopener\" target=\"_blank\">cha\u00eene WhatsApp<\/a> et sur notre <a href=\"https:\/\/www.tiktok.com\/@76actu.fr?lang=fr\" rel=\"nofollow noopener\" target=\"_blank\">compte TikTok<\/a><\/p>\n<p class=\" wall-content\">Suivez toute l\u2019actualit\u00e9 de vos villes et m\u00e9dias favoris en vous inscrivant \u00e0 <a href=\"https:\/\/moncompte.actu.fr\" title=\"D\u00e9couvez Mon Actu\" rel=\"nofollow noopener\" data-trk=\"{&quot;cta&quot;:{&quot;action&quot;:&quot;https:\\\/\\\/moncompte.actu.fr&quot;,&quot;category&quot;:&quot;mon compte&quot;,&quot;from&quot;:&quot;article footer&quot;,&quot;name&quot;:&quot;Mon actu&quot;,&quot;type&quot;:&quot;cta&quot;}}\" target=\"_blank\">Mon Actu<\/a>.<\/p>\n<p>                    <script async src=\"\/\/www.tiktok.com\/embed.js\"><\/script><\/p>\n","protected":false},"excerpt":{"rendered":"Par Elo\u00efse Aub\u00e9 Publi\u00e9 le 29 juil. 2025 \u00e0 16h10 Ce mardi 29\u00a0juillet 2025, les sapeurs-pompiers sont appel\u00e9s&hellip;\n","protected":false},"author":2,"featured_media":282367,"comment_status":"","ping_status":"","sticky":false,"template":"","format":"standard","meta":{"footnotes":""},"categories":[9587],"tags":[1111,11,1719,1777,674,118,1011,27,1310,12,5161,1311,25,9590],"class_list":{"0":"post-282366","1":"post","2":"type-post","3":"status-publish","4":"format-standard","5":"has-post-thumbnail","7":"category-rouen","8":"tag-actu","9":"tag-actualites","10":"tag-enfants","11":"tag-eu","12":"tag-europe","13":"tag-faits-divers","14":"tag-fr","15":"tag-france","16":"tag-incendie","17":"tag-news","18":"tag-normandie","19":"tag-pompiers","20":"tag-republique-francaise","21":"tag-rouen"},"share_on_mastodon":{"url":"https:\/\/pubeurope.com\/@fr\/114937658252705521","error":""},"_links":{"self":[{"href":"https:\/\/www.europesays.com\/fr\/wp-json\/wp\/v2\/posts\/282366","targetHints":{"allow":["GET"]}}],"collection":[{"href":"https:\/\/www.europesays.com\/fr\/wp-json\/wp\/v2\/posts"}],"about":[{"href":"https:\/\/www.europesays.com\/fr\/wp-json\/wp\/v2\/types\/post"}],"author":[{"embeddable":true,"href":"https:\/\/www.europesays.com\/fr\/wp-json\/wp\/v2\/users\/2"}],"replies":[{"embeddable":true,"href":"https:\/\/www.europesays.com\/fr\/wp-json\/wp\/v2\/comments?post=282366"}],"version-history":[{"count":0,"href":"https:\/\/www.europesays.com\/fr\/wp-json\/wp\/v2\/posts\/282366\/revisions"}],"wp:featuredmedia":[{"embeddable":true,"href":"https:\/\/www.europesays.com\/fr\/wp-json\/wp\/v2\/media\/282367"}],"wp:attachment":[{"href":"https:\/\/www.europesays.com\/fr\/wp-json\/wp\/v2\/media?parent=282366"}],"wp:term":[{"taxonomy":"category","embeddable":true,"href":"https:\/\/www.europesays.com\/fr\/wp-json\/wp\/v2\/categories?post=282366"},{"taxonomy":"post_tag","embeddable":true,"href":"https:\/\/www.europesays.com\/fr\/wp-json\/wp\/v2\/tags?post=282366"}],"curies":[{"name":"wp","href":"https:\/\/api.w.org\/{rel}","templated":true}]}}