{"id":282372,"date":"2025-07-29T17:19:15","date_gmt":"2025-07-29T17:19:15","guid":{"rendered":"https:\/\/www.europesays.com\/fr\/282372\/"},"modified":"2025-07-29T17:19:15","modified_gmt":"2025-07-29T17:19:15","slug":"la-place-des-femmes-au-coeur-de-la-29e-edition-des-estivales-de-lorgue-a-rennes","status":"publish","type":"post","link":"https:\/\/www.europesays.com\/fr\/282372\/","title":{"rendered":"La place des femmes au c\u0153ur de la 29e \u00e9dition des Estivales de l\u2019orgue \u00e0 Rennes"},"content":{"rendered":"<p><strong>\u00ab\u00a0Saviez-vous qu\u2019il y a trois mots dans la langue fran\u00e7aise qui sont masculins au singulier et f\u00e9minin au pluriel\u00a0: amour, d\u00e9lice, et orgues\u00a0?\u00a0\u00bb<\/strong>, sourit Louis-Marie Belliard, organiste et programmateur du festival Estivales de l\u2019orgue, dont la 29e \u00e9dition propose cinq doubles rendez-vous, du 1er\u00a0ao\u00fbt au 31\u00a0ao\u00fbt 2025.<\/p>\n<p>Double rendez-vous car chaque concert organis\u00e9 le dimanche, \u00e0 16\u00a0h, sera pr\u00e9c\u00e9d\u00e9 le vendredi, \u00e0 16\u00a0h\u00a030 (\u00e0 l\u2019exception du troisi\u00e8me dimanche dont la visite est pr\u00e9vue jeudi 14\u00a0ao\u00fbt au lieu du vendredi 15\u00a0ao\u00fbt) par une visite de l\u2019orgue avec l\u2019office de tourisme Destination Rennes.<\/p>\n<p>Quant \u00e0 la programmation, l\u2019\u00e9dition 2025 va donner un coup de projecteur sur l\u2019orgue au f\u00e9minin, \u00e0 travers des compositrices, des interpr\u00e8tes et un r\u00e9pertoire qui balaiera 1\u00a0000\u00a0d\u2019histoire du c\u00e9leste instrument depuis Hildegarde de Bingen (XIIe\u00a0si\u00e8cle) aux compositrices contemporaines<a href=\"https:\/\/tanyayashvili.com\/\" target=\"_blank\" rel=\"nofollow noopener\"> Tetiana Yashvili<\/a> ou <a href=\"https:\/\/www.liseborel.com\/\" target=\"_blank\" rel=\"nofollow noopener\">Lise Borel<\/a>.<\/p>\n<p><strong>\u00ab\u00a0L\u2019histoire de la musique et la musicologie ont principalement mis en lumi\u00e8re les \u0153uvres d\u2019hommes et souvent invisibilis\u00e9 celles de leurs consoeurs, pourtant excellentes musiciennes.\u00a0\u00bb<\/strong> Le festival rennais va, \u00e0 sa mesure, contribuer \u00e0 r\u00e9parer cette injustice.<\/p>\n<p>Des organistes de tr\u00e8s haut niveau<\/p>\n<p>Pour l\u2019ouverture du festival, rendez-vous dimanche 3\u00a0ao\u00fbt, en l\u2019\u00e9glise Saint-Paul (35, rue de Brest), avec <a href=\"https:\/\/saint-brieuc.maville.com\/actu\/actudet_-jeune-organiste-emmanuel-isambert-ovationne-a-saint-brieuc-_52683-5372649_actu.Htm\" target=\"_blank\" rel=\"nofollow noopener\">l\u2019organiste form\u00e9 \u00e0 Rennes Emmanuel Isambert<\/a> et <a href=\"https:\/\/voixdestras.eu\/\" target=\"_blank\" rel=\"nofollow noopener\">l\u2019ensemble Voix de Stras\u2019<\/a>pour un programme intitul\u00e9 Des berceuses pour nos \u00e2mes qui revisitera les ma\u00eetres de l\u2019orgue fran\u00e7ais Louis Vierne, Gabriel Faur\u00e9 et C\u00e9sar Franck, avec des \u0153uvres de Tetiana Yashvili, Catherine Bolzinger et Lise Borel.<\/p>\n<p>Second rendez-vous dimanche 10\u00a0ao\u00fbt, \u00e0 l\u2019\u00e9glise Saint-Martin (2, rue de la Pompe) avec l\u2019organiste <a href=\"https:\/\/academie-musique-arts-sacres.fr\/veronique-le-guen\/\" target=\"_blank\" rel=\"nofollow noopener\">V\u00e9ronique Le Guen<\/a>, titulaire du grand orgue de l\u2019\u00e9glise Saint-S\u00e9verin (Paris) avec un programme Assomptions qui associera donc des \u0153uvres \u00e0 la Vierge Marie, la musique fran\u00e7aise et des compositrices comme Alice R.Lesur, Clara Schuman ou Ethel Smyth.<\/p>\n<p>Le dimanche 17\u00a0ao\u00fbt, \u00e0 l\u2019\u00e9glise Saint-H\u00e9lier131 rue Saint-H\u00e9lier), <a href=\"https:\/\/www.constancetaillard.com\/\" target=\"_blank\" rel=\"nofollow noopener\">l\u2019organiste et Claveciniste Constance Taillard<\/a> fera d\u00e9couvrir des \u0153uvres du XIIe\u00a0si\u00e8cle d\u2019Hildegarde de Bingen avant de revenir au XVIIIe\u00a0si\u00e8cle avec Elisabeth Jacquet de la Guerre et Anne-Am\u00e9lie de Prusse puis \u00e0 la charni\u00e8re des XIX et XXe\u00a0si\u00e8cle avec la Su\u00e9doise Elfrida Andr\u00e9e.<\/p>\n<p>Un \u00e9v\u00e9nement gratuit<\/p>\n<p>Dimanche 24\u00a0ao\u00fbt, rendez-vous \u00e0 l\u2019abbatiale Notre-Dame-en-Saint-Melaine (place Saint-Melaine) avec <a href=\"https:\/\/toulouse-les-orgues.org\/artiste\/orlova\/\" target=\"_blank\" rel=\"nofollow noopener\">l\u2019organiste Anne Orlova<\/a> qui fera d\u00e9couvrir <a href=\"https:\/\/www.radiofrance.fr\/francemusique\/elsa-barraine-compositrice-oubliee-musicienne-engagee-et-pedagogue-humaniste-5467708\" target=\"_blank\" rel=\"nofollow noopener\">la compositrice fran\u00e7aise Elsa Barraine<\/a> laur\u00e9ate en 1929 du Grand Prix de Rome, \u00e0 l\u2019\u00e2ge de 19\u00a0ans, \u00e0 l\u2019aune d\u2019\u0153uvre de Jean-S\u00e9bastien Bach et Franz Liszt.<\/p>\n<p>C\u2019est l\u2019orgue de l\u2019\u00e9glise Sainte-Jeanne d\u2019Arc (rue Danton) qui accompagnera la cl\u00f4ture du festival, dimanche 31\u00a0ao\u00fbt, avec Maude Gratton et la formation Les Basses r\u00e9unies (violoncelles, violes et contrebasses).<\/p>\n<p><strong>Pratique<\/strong>. Entr\u00e9e libre aux concerts et visites gratuites. Renseignements\u00a0: orguesarennes@gmail.com Programme complet sur le site internet\u00a0: <a href=\"https:\/\/orguesarennes.fr\/\" target=\"_blank\" rel=\"nofollow noopener\">orguesarennes.fr<\/a><\/p>\n<p>\u00a0<\/p>\n","protected":false},"excerpt":{"rendered":"\u00ab\u00a0Saviez-vous qu\u2019il y a trois mots dans la langue fran\u00e7aise qui sont masculins au singulier et f\u00e9minin au&hellip;\n","protected":false},"author":2,"featured_media":282373,"comment_status":"","ping_status":"","sticky":false,"template":"","format":"standard","meta":{"footnotes":""},"categories":[2821],"tags":[42145,1111,11,829,4660,27337,1777,674,4651,1011,27,12,20788,5536,3086,584,25,11489],"class_list":{"0":"post-282372","1":"post","2":"type-post","3":"status-publish","4":"format-standard","5":"has-post-thumbnail","7":"category-rennes","8":"tag-29e","9":"tag-actu","10":"tag-actualites","11":"tag-bretagne","12":"tag-edition","13":"tag-estivales","14":"tag-eu","15":"tag-europe","16":"tag-femmes","17":"tag-fr","18":"tag-france","19":"tag-news","20":"tag-orgue","21":"tag-place","22":"tag-redon","23":"tag-rennes","24":"tag-republique-francaise","25":"tag-ur"},"share_on_mastodon":{"url":"","error":""},"_links":{"self":[{"href":"https:\/\/www.europesays.com\/fr\/wp-json\/wp\/v2\/posts\/282372","targetHints":{"allow":["GET"]}}],"collection":[{"href":"https:\/\/www.europesays.com\/fr\/wp-json\/wp\/v2\/posts"}],"about":[{"href":"https:\/\/www.europesays.com\/fr\/wp-json\/wp\/v2\/types\/post"}],"author":[{"embeddable":true,"href":"https:\/\/www.europesays.com\/fr\/wp-json\/wp\/v2\/users\/2"}],"replies":[{"embeddable":true,"href":"https:\/\/www.europesays.com\/fr\/wp-json\/wp\/v2\/comments?post=282372"}],"version-history":[{"count":0,"href":"https:\/\/www.europesays.com\/fr\/wp-json\/wp\/v2\/posts\/282372\/revisions"}],"wp:featuredmedia":[{"embeddable":true,"href":"https:\/\/www.europesays.com\/fr\/wp-json\/wp\/v2\/media\/282373"}],"wp:attachment":[{"href":"https:\/\/www.europesays.com\/fr\/wp-json\/wp\/v2\/media?parent=282372"}],"wp:term":[{"taxonomy":"category","embeddable":true,"href":"https:\/\/www.europesays.com\/fr\/wp-json\/wp\/v2\/categories?post=282372"},{"taxonomy":"post_tag","embeddable":true,"href":"https:\/\/www.europesays.com\/fr\/wp-json\/wp\/v2\/tags?post=282372"}],"curies":[{"name":"wp","href":"https:\/\/api.w.org\/{rel}","templated":true}]}}