{"id":282382,"date":"2025-07-29T17:24:14","date_gmt":"2025-07-29T17:24:14","guid":{"rendered":"https:\/\/www.europesays.com\/fr\/282382\/"},"modified":"2025-07-29T17:24:14","modified_gmt":"2025-07-29T17:24:14","slug":"diallo-sengage-en-faveur-de-logc-nice","status":"publish","type":"post","link":"https:\/\/www.europesays.com\/fr\/282382\/","title":{"rendered":"Diallo s\u2019engage en faveur de l\u2019OGC Nice"},"content":{"rendered":"<p>                            <img decoding=\"async\" src=\"https:\/\/www.europesays.com\/fr\/wp-content\/uploads\/2025\/07\/zoum-16-9.jpg\" loading=\"lazy\"\/><\/p>\n<p>\n                    Officiel<\/p>\n<p class=\"accroche\">L\u2019OGC Nice officialise la signature de l\u2019attaquant Zoumana Diallo (20 ans). Form\u00e9 au Racing Club de Strasbourg, il int\u00e8grera le groupe Elite du Gym cette saison.<\/p>\n<p>Pur produit de la formation strasbourgeoise, Zoumana Diallo a grignot\u00e9 ses premi\u00e8res minutes en professionnel en 8e de finale de la coupe de France avec le Racing. Apr\u00e8s plusieurs saisons en Alsace, c\u2019est \u00e0 l\u2019OGC Nice que ce franco-malien d\u20191m85 a souhait\u00e9 poursuivre sa carri\u00e8re, en int\u00e9grant dans un premier temps le groupe Elite de l\u2019Acad\u00e9mie rouge et noir.<\/p>\n<p><strong>\u00ab\u00a0Zoumana pr\u00e9sente des qualit\u00e9s physiques \u00e9videntes, et il n\u2019est pas avare d\u2019efforts\u00a0\u00bb<\/strong>, souligne Florian Maurice, directeur sportif de l\u2019OGC Nice. <strong>\u00ab\u00a0C\u2019est un attaquant axial qui aime la profondeur, un profil toujours tr\u00e8s int\u00e9ressant \u00bb.<\/strong><\/p>\n<p><strong><img loading=\"lazy\" decoding=\"async\" alt=\"\" height=\"1080\" src=\"https:\/\/www.europesays.com\/fr\/wp-content\/uploads\/2025\/07\/FM-JS-Zoum-16-9.jpg\" width=\"1920\"\/><\/strong><\/p>\n<p>Dans son parcours, il avait fait ses classes dans les cat\u00e9gories de jeunes de Strasbourg, \u00e9t\u00e9 pr\u00eat\u00e9 en Belgique au Royal Excelsior Virton, et avait remport\u00e9 le championnat d\u2019Europe avec l\u2019\u00e9quipe de France U17 en 2022.<\/p>\n<p><strong>\u00ab\u00a0Rejoindre l\u2019OGC Nice est une grande satisfaction et un motif de fiert\u00e9\u00a0\u00bb<\/strong>, appr\u00e9cie Zoumana Diallo. <strong>\u00ab\u00a0Tout m\u2019incitait \u00e0 signer ici. Le discours des dirigeants, tout comme le cadre de travail que j\u2019y ai d\u00e9couvert. C\u2019est id\u00e9al pour que je poursuive ma progression\u00a0\u00bb.<\/strong><\/p>\n<p><strong><img loading=\"lazy\" decoding=\"async\" alt=\"\" height=\"1080\" src=\"https:\/\/www.europesays.com\/fr\/wp-content\/uploads\/2025\/07\/zoum-16-9-news.jpg\" width=\"1920\"\/><\/strong><\/p>\n<p>Pour Fabrice Bocquet, <strong>\u00ab\u00a0son arriv\u00e9e est une opportunit\u00e9 int\u00e9ressante, d\u00e9j\u00e0 pour le groupe Elite sur lequel nous comptons beaucoup cette ann\u00e9e. On va \u00eatre attentif \u00e0 son \u00e9volution.\u00a0Zoumana a toutes les qualit\u00e9s pour faire ses armes avec le groupe de Julien <\/strong>(directeur du centre de formation et entraineur du groupe Elite)<strong> et s\u2019\u00e9panouir chez nous \u00bb.<\/strong><\/p>\n","protected":false},"excerpt":{"rendered":"Officiel L\u2019OGC Nice officialise la signature de l\u2019attaquant Zoumana Diallo (20 ans). Form\u00e9 au Racing Club de Strasbourg,&hellip;\n","protected":false},"author":2,"featured_media":282383,"comment_status":"","ping_status":"","sticky":false,"template":"","format":"standard","meta":{"footnotes":""},"categories":[2819],"tags":[1111,11,1777,674,1011,27,12,2401,882,25],"class_list":{"0":"post-282382","1":"post","2":"type-post","3":"status-publish","4":"format-standard","5":"has-post-thumbnail","7":"category-nice","8":"tag-actu","9":"tag-actualites","10":"tag-eu","11":"tag-europe","12":"tag-fr","13":"tag-france","14":"tag-news","15":"tag-nice","16":"tag-provence-alpes-cote-dazur","17":"tag-republique-francaise"},"share_on_mastodon":{"url":"https:\/\/pubeurope.com\/@fr\/114937689856887045","error":""},"_links":{"self":[{"href":"https:\/\/www.europesays.com\/fr\/wp-json\/wp\/v2\/posts\/282382","targetHints":{"allow":["GET"]}}],"collection":[{"href":"https:\/\/www.europesays.com\/fr\/wp-json\/wp\/v2\/posts"}],"about":[{"href":"https:\/\/www.europesays.com\/fr\/wp-json\/wp\/v2\/types\/post"}],"author":[{"embeddable":true,"href":"https:\/\/www.europesays.com\/fr\/wp-json\/wp\/v2\/users\/2"}],"replies":[{"embeddable":true,"href":"https:\/\/www.europesays.com\/fr\/wp-json\/wp\/v2\/comments?post=282382"}],"version-history":[{"count":0,"href":"https:\/\/www.europesays.com\/fr\/wp-json\/wp\/v2\/posts\/282382\/revisions"}],"wp:featuredmedia":[{"embeddable":true,"href":"https:\/\/www.europesays.com\/fr\/wp-json\/wp\/v2\/media\/282383"}],"wp:attachment":[{"href":"https:\/\/www.europesays.com\/fr\/wp-json\/wp\/v2\/media?parent=282382"}],"wp:term":[{"taxonomy":"category","embeddable":true,"href":"https:\/\/www.europesays.com\/fr\/wp-json\/wp\/v2\/categories?post=282382"},{"taxonomy":"post_tag","embeddable":true,"href":"https:\/\/www.europesays.com\/fr\/wp-json\/wp\/v2\/tags?post=282382"}],"curies":[{"name":"wp","href":"https:\/\/api.w.org\/{rel}","templated":true}]}}