{"id":282384,"date":"2025-07-29T17:25:13","date_gmt":"2025-07-29T17:25:13","guid":{"rendered":"https:\/\/www.europesays.com\/fr\/282384\/"},"modified":"2025-07-29T17:25:13","modified_gmt":"2025-07-29T17:25:13","slug":"disparu-il-y-a-8-ans-sa-famille-le-retrouve-la-double-vie-du-chat-eclair-pres-de-nantes","status":"publish","type":"post","link":"https:\/\/www.europesays.com\/fr\/282384\/","title":{"rendered":"Disparu il y a 8 ans, sa famille le retrouve : la double vie du chat \u00c9clair pr\u00e8s de Nantes"},"content":{"rendered":"<tr wp_automatic_readability=\"6.8645161290323\">\n<td valign=\"middle\" align=\"center\" class=\"col-logo\" wp_automatic_readability=\"5\">\n    <img decoding=\"async\" src=\"https:\/\/maville.com\/design\/images\/logo-of-monetise.svg?version=20130627\" alt=\"logo Ouest-France\" height=\"66\"\/><\/p>\n<p>Contenu r\u00e9serv\u00e9 aux abonn\u00e9s<\/p>\n<\/td>\n<td class=\"col-titre\">\n\t\t\tMardi 29 juillet 2025 18:00<br \/>\n\t\t\t<a class=\"icon-bulle sizeL count\" href=\"#ancreAvis\"><br \/>\n\t&#8230;<br \/>\n<\/a><\/td>\n<\/tr>\n<p>\t\t<a class=\"mavillebox2 elmt-photo\" href=\"https:\/\/maville.com\/photosmvi\/2025\/07\/29\/P35380880D6917869G.jpg\" title=\" Gazoline ou \u00c9clair a d\u00e9sormais deux foyers.  \u00a9  \u00a0Ouest-France  &lt;!--TAG-BLC credit--&gt;\" rel=\"galerie_actu nofollow noopener\" target=\"_blank\"><br \/>\n\t<img decoding=\"async\" src=\"https:\/\/www.europesays.com\/fr\/wp-content\/uploads\/2025\/07\/P35380880D6917869G_crop_640-330_.jpg\" alt=\"photo  gazoline ou \u00e9clair a d\u00e9sormais deux foyers.  \u00a9  \u00a0ouest-france \"\/><br \/>\n\t1<br \/>\n<\/a><\/p>\n<p class=\"elmt-legende\"> Gazoline ou \u00c9clair a d\u00e9sormais deux foyers.  \u00a9  \u00a0Ouest-France  <\/p>\n<p>\t\tAu d\u00e9but du mois de juillet, \u00c9clair, un chat disparu depuis huit ans, retrouvait sa famille \u00e0 Sainte-Luce-sur-Loire (Loire-Atlantique). Mais l\u2019histoire ne s\u2019est pas arr\u00eat\u00e9e l\u00e0\u00a0: ce week-end, ses anciens propri\u00e9taires ont \u00e9galement retrouv\u00e9 la trace de l\u2019autre personne, qui avait partag\u00e9 la vie du f\u00e9lin, le temps de sa disparition.<\/p>\n<p><b>Cet article est r\u00e9serv\u00e9 aux abonn\u00e9s<\/b><\/p>\n<p>Pour un acc\u00e8s imm\u00e9diat, abonnez-vous<\/p>\n<p><b>1\u00e8re semaine offerte<\/b><\/p>\n<p>\t\t Zo\u00e9 FRASLIN. \u00a0\u00a0<br \/>\n\t\tOuest-France<\/p>\n<p>Retrouvez d&rsquo;autres actus sur les communes de :<\/p>\n<p>\t\t&#13;<\/p>\n","protected":false},"excerpt":{"rendered":"Contenu r\u00e9serv\u00e9 aux abonn\u00e9s Mardi 29 juillet 2025 18:00 &#8230; 1 Gazoline ou \u00c9clair a d\u00e9sormais deux foyers.&hellip;\n","protected":false},"author":2,"featured_media":282385,"comment_status":"","ping_status":"","sticky":false,"template":"","format":"standard","meta":{"footnotes":""},"categories":[2818],"tags":[15765,1111,11,1438,1764,7654,5796,3391,42146,1777,674,652,1011,27,766,12,2636,3762,25,4256,4717],"class_list":{"0":"post-282384","1":"post","2":"type-post","3":"status-publish","4":"format-standard","5":"has-post-thumbnail","7":"category-nantes","8":"tag-15765","9":"tag-actu","10":"tag-actualites","11":"tag-angers","12":"tag-ans","13":"tag-chat","14":"tag-disparu","15":"tag-double","16":"tag-eclair","17":"tag-eu","18":"tag-europe","19":"tag-famille","20":"tag-fr","21":"tag-france","22":"tag-nantes","23":"tag-news","24":"tag-pays-de-la-loire","25":"tag-pres","26":"tag-republique-francaise","27":"tag-retrouve","28":"tag-vie"},"share_on_mastodon":{"url":"https:\/\/pubeurope.com\/@fr\/114937693796542468","error":""},"_links":{"self":[{"href":"https:\/\/www.europesays.com\/fr\/wp-json\/wp\/v2\/posts\/282384","targetHints":{"allow":["GET"]}}],"collection":[{"href":"https:\/\/www.europesays.com\/fr\/wp-json\/wp\/v2\/posts"}],"about":[{"href":"https:\/\/www.europesays.com\/fr\/wp-json\/wp\/v2\/types\/post"}],"author":[{"embeddable":true,"href":"https:\/\/www.europesays.com\/fr\/wp-json\/wp\/v2\/users\/2"}],"replies":[{"embeddable":true,"href":"https:\/\/www.europesays.com\/fr\/wp-json\/wp\/v2\/comments?post=282384"}],"version-history":[{"count":0,"href":"https:\/\/www.europesays.com\/fr\/wp-json\/wp\/v2\/posts\/282384\/revisions"}],"wp:featuredmedia":[{"embeddable":true,"href":"https:\/\/www.europesays.com\/fr\/wp-json\/wp\/v2\/media\/282385"}],"wp:attachment":[{"href":"https:\/\/www.europesays.com\/fr\/wp-json\/wp\/v2\/media?parent=282384"}],"wp:term":[{"taxonomy":"category","embeddable":true,"href":"https:\/\/www.europesays.com\/fr\/wp-json\/wp\/v2\/categories?post=282384"},{"taxonomy":"post_tag","embeddable":true,"href":"https:\/\/www.europesays.com\/fr\/wp-json\/wp\/v2\/tags?post=282384"}],"curies":[{"name":"wp","href":"https:\/\/api.w.org\/{rel}","templated":true}]}}