{"id":282386,"date":"2025-07-29T17:26:23","date_gmt":"2025-07-29T17:26:23","guid":{"rendered":"https:\/\/www.europesays.com\/fr\/282386\/"},"modified":"2025-07-29T17:26:23","modified_gmt":"2025-07-29T17:26:23","slug":"au-sud-de-nantes-un-eleveur-va-vendre-son-cheptel-apres-une-enieme-exaction","status":"publish","type":"post","link":"https:\/\/www.europesays.com\/fr\/282386\/","title":{"rendered":"au sud de Nantes, un \u00e9leveur va vendre son cheptel apr\u00e8s une \u00e9ni\u00e8me exaction"},"content":{"rendered":"<p>D\u00e9courag\u00e9 par des actes de vandalisme \u00e0 r\u00e9p\u00e9tition ainsi que par ce qu\u2019il d\u00e9crit comme des intimidations, un fermier de Loire-Atlantique d\u00e9nonce le laxisme des autorit\u00e9s.<\/p>\n<p class=\"fig-paragraph\">C\u2019\u00e9tait la goutte de trop. Un \u00e9leveur de Machecoul-Saint-M\u00eame, \u00e0 une vingtaine de kilom\u00e8tres au sud\u00a0<a href=\"https:\/\/www.lefigaro.fr\/nantes\" target=\"_blank\" data-fig-type=\"Section\" rel=\"noopener nofollow\" data-gtm-custom-categorie=\"navigation\" data-gtm-custom-action=\"crossclick\" data-gtm-custom-label=\"Contextuel\" data-gtm-event=\"customEventSPE\" data-fig-domain=\"LEFIGARO\">de Nantes<\/a>\u00a0(Loire-Atlantique), envisage de vendre son cheptel d\u2019une trentaine de b\u00eates apr\u00e8s que ses animaux ont \u00e9t\u00e9 victimes d\u2019un \u00e9ni\u00e8me incident, le week-end dernier. Dans la nuit du jeudi 24 au vendredi 25 juillet, des v\u00e9hicules se seraient introduits sur le terrain d\u2019une ferme familiale, percutant voire \u00e9crasant deux agneaux et une brebis de l\u2019\u00e9levage local. Une\u00a0<a href=\"https:\/\/www.lefigaro.fr\/actualite-france\/la-delinquance-gagne-la-france-des-campagnes-20210110\" target=\"_blank\" data-fig-type=\"Article\" rel=\"noopener nofollow\" data-gtm-custom-categorie=\"navigation\" data-gtm-custom-action=\"crossclick\" data-gtm-custom-label=\"Contextuel\" data-gtm-event=\"customEventSPE\" data-fig-domain=\"LEFIGARO\">violence insupportable<\/a>, d\u00e9nonce leur propri\u00e9taire.<\/p>\n<p class=\"fig-paragraph\">\u00abOn voyait encore la trace des pneus sur le corps des b\u00eates. Deux d\u2019entre d\u2019elles ont eu la t\u00eate \u00e9cras\u00e9e. Une autre a agonis\u00e9 toute la journ\u00e9e de vendredi, j\u2019ai d\u00fb l\u2019emmener se faire euthanasier samedi. Qu\u2019on s\u2019en prenne \u00e0 du mat\u00e9riel, passe encore, mais ceux qui ont \u00e9cras\u00e9 mes agneaux sont tout simplement des l\u00e2ches\u00bb, d\u00e9crit Alberto Mazzobel, l\u2019\u00e9leveur propri\u00e9taire, avec sa femme, de la ferme vis\u00e9e par l\u2019intrusion mortelle. Une quatri\u00e8me b\u00eate, un b\u00e9lier, a \u00e9galement \u00e9t\u00e9 gravement bless\u00e9e. L\u2019une de ses cornes a \u00e9t\u00e9 arrach\u00e9e, indique le fermier, confirmant des informations de nos confr\u00e8res de\u00a0<a href=\"https:\/\/www.ouest-france.fr\/societe\/faits-divers\/on-a-course-mes-betes-leleveur-du-pays-de-retz-perd-quatre-brebis-ecrasees-dans-un-champ-218c117c-6bc6-11f0-b16b-d94f68dc0538\" target=\"_blank\" rel=\"sponsored noopener nofollow\" data-gtm-custom-categorie=\"navigation\" data-gtm-custom-action=\"crossclick\" data-gtm-custom-label=\"Contextuel\" data-gtm-event=\"customEventSPE\">Presse Oc\u00e9an<\/a> .<\/p>\n<p>                                    <a class=\"fig-a11y-skip a11y-hidden\" href=\"#fig-a11y-skip-main-inarticle\"><br \/>\n        Passer la publicit\u00e9<br \/>\n    <\/a><\/p>\n<p>Se recentrer sur l\u2019apiculture et les g\u00eetes<\/p>\n<p class=\"fig-paragraph\">Selon la victime, ce petit massacre pourrait \u00eatre li\u00e9 \u00e0 diff\u00e9rents conflits de voisinage, dans le sud du pays de Retz. Voil\u00e0 cinq ans environ que la ferme du couple serait le th\u00e9\u00e2tre de vols ou d\u2019actes de vandalismes \u00e0 r\u00e9p\u00e9tition, avec des cl\u00f4tures ouvertes, des jets de projectile voire des coups de fusil tir\u00e9s sur des roulottes. L\u2019int\u00e9ress\u00e9 \u00e9voque \u00abdes jeunes en motocross\u00bb,\u00a0<a href=\"http:\/\/www.lefigaro.fr\/actualite-france\/agressions-rodeos-cette-violence-routiere-qui-inquiete-les-autorites-20240509\" target=\"_blank\" data-fig-type=\"Article\" rel=\"noopener nofollow\" data-gtm-custom-categorie=\"navigation\" data-gtm-custom-action=\"crossclick\" data-gtm-custom-label=\"Contextuel\" data-gtm-event=\"customEventSPE\" data-fig-domain=\"LEFIGARO\">amateurs de rod\u00e9os<\/a>\u00a0en rase campagne, qui r\u00f4dent autour de sa parcelle, o\u00f9 ils avaient autrefois leurs habitudes. L\u2019\u00e9leveur assure avoir \u00e9galement \u00e9t\u00e9 victime de pr\u00e9c\u00e9dentes tentatives d\u2019intimidation li\u00e9es \u00e0 des \u00abjalousies\u00bb ind\u00e9termin\u00e9es.<\/p>\n<p class=\"fig-paragraph\">\u00abDes gamins nous ont m\u00eame mis en joue par le pass\u00e9, avec des carabines de 12\u00a0mm. On a l\u2019impression que la justice est quand m\u00eame tr\u00e8s laxiste en France, ce n\u2019est pas normal\u00bb, rumine Alberto Mazzobel, qui avait pourtant investi dans des cam\u00e9ras pour s\u00e9curiser son terrain. D\u00e9pit\u00e9 par la situation, le fermier compte d\u00e9sormais se s\u00e9parer des b\u00eates restantes et se concentrer sur ses autres activit\u00e9s, comme les g\u00eetes et l\u2019apiculture. Une plainte a \u00e9t\u00e9 d\u00e9pos\u00e9e \u00e0 la gendarmerie nationale.<\/p>\n","protected":false},"excerpt":{"rendered":"D\u00e9courag\u00e9 par des actes de vandalisme \u00e0 r\u00e9p\u00e9tition ainsi que par ce qu\u2019il d\u00e9crit comme des intimidations, un&hellip;\n","protected":false},"author":2,"featured_media":282387,"comment_status":"","ping_status":"","sticky":false,"template":"","format":"standard","meta":{"footnotes":""},"categories":[2818],"tags":[1111,11,19398,1777,674,1011,27,766,12,2636,25],"class_list":{"0":"post-282386","1":"post","2":"type-post","3":"status-publish","4":"format-standard","5":"has-post-thumbnail","7":"category-nantes","8":"tag-actu","9":"tag-actualites","10":"tag-elevage","11":"tag-eu","12":"tag-europe","13":"tag-fr","14":"tag-france","15":"tag-nantes","16":"tag-news","17":"tag-pays-de-la-loire","18":"tag-republique-francaise"},"share_on_mastodon":{"url":"https:\/\/pubeurope.com\/@fr\/114937697688131374","error":""},"_links":{"self":[{"href":"https:\/\/www.europesays.com\/fr\/wp-json\/wp\/v2\/posts\/282386","targetHints":{"allow":["GET"]}}],"collection":[{"href":"https:\/\/www.europesays.com\/fr\/wp-json\/wp\/v2\/posts"}],"about":[{"href":"https:\/\/www.europesays.com\/fr\/wp-json\/wp\/v2\/types\/post"}],"author":[{"embeddable":true,"href":"https:\/\/www.europesays.com\/fr\/wp-json\/wp\/v2\/users\/2"}],"replies":[{"embeddable":true,"href":"https:\/\/www.europesays.com\/fr\/wp-json\/wp\/v2\/comments?post=282386"}],"version-history":[{"count":0,"href":"https:\/\/www.europesays.com\/fr\/wp-json\/wp\/v2\/posts\/282386\/revisions"}],"wp:featuredmedia":[{"embeddable":true,"href":"https:\/\/www.europesays.com\/fr\/wp-json\/wp\/v2\/media\/282387"}],"wp:attachment":[{"href":"https:\/\/www.europesays.com\/fr\/wp-json\/wp\/v2\/media?parent=282386"}],"wp:term":[{"taxonomy":"category","embeddable":true,"href":"https:\/\/www.europesays.com\/fr\/wp-json\/wp\/v2\/categories?post=282386"},{"taxonomy":"post_tag","embeddable":true,"href":"https:\/\/www.europesays.com\/fr\/wp-json\/wp\/v2\/tags?post=282386"}],"curies":[{"name":"wp","href":"https:\/\/api.w.org\/{rel}","templated":true}]}}