{"id":282390,"date":"2025-07-29T17:28:10","date_gmt":"2025-07-29T17:28:10","guid":{"rendered":"https:\/\/www.europesays.com\/fr\/282390\/"},"modified":"2025-07-29T17:28:10","modified_gmt":"2025-07-29T17:28:10","slug":"on-vit-comme-des-cafards-la-prison-de-bordeaux-gradignan-reflet-dune-politique-penitentiaire-indigne","status":"publish","type":"post","link":"https:\/\/www.europesays.com\/fr\/282390\/","title":{"rendered":"\u00ab\u00a0On vit comme des cafards \u00bb\u00a0: la prison de Bordeaux-Gradignan, reflet d\u2019une politique p\u00e9nitentiaire indigne"},"content":{"rendered":"<p>\u00ab\u00a0On vit comme des cafards ici\u00a0! Les \u00e9viers sont cass\u00e9s\u00a0! On n\u2019en peut plus d\u2019\u00eatre \u00e0 3 par cellule\u00a0!\u00a0\u00bb, \u00ab\u00a0On n\u2019est pas des criminels on a juste gliss\u00e9 dans la d\u00e9linquance, trouvez-nous du travail, on va vous prouver qu\u2019on n\u2019est pas des fain\u00e9ants\u00a0!\u00a0\u00bb, crient des prisonniers du centre p\u00e9nitentiaire de Bordeaux-Gradignan (CPBG) par les fen\u00eatres qui surplombent les filets jonch\u00e9s de d\u00e9tritus.<\/p>\n<p>\u00ab\u00a0Ils ont aper\u00e7u des visiteurs et veulent se faire entendre\u00a0\u00bb, commente le directeur Arnaud Moumaneix, qui accompagne l\u2019eurod\u00e9put\u00e9e \u00e9cologiste Marie Toussaint, en visite parlementaire dans l\u2019\u00e9tablissement. Le directeur invite le petit groupe o\u00f9 s\u2019est gliss\u00e9e l\u2019Humanit\u00e9 \u00e0 presser le pas pour sortir du champ de vision des d\u00e9tenus et ne pas \u00ab\u00a0les exciter davantage\u00a0\u00bb.<\/p>\n<p>Une prison neuve\u2026 gangren\u00e9e par l\u2019insalubrit\u00e9<\/p>\n<p>L\u2019homme \u00e0 la stature imposante a pris ses fonctions en 2024 dans cette prison \u00ab\u00a0en transition\u00a0\u00bb qui concentre pr\u00e8s d\u2019un millier de d\u00e9tenus hommes, femmes et mineurs, pr\u00e9venus et condamn\u00e9s, dans plusieurs b\u00e2timents. Une partie des locaux, flambant neufs, a \u00e9t\u00e9 livr\u00e9e il y a \u00e0 peine un an.<\/p>\n<p>L\u2019autre, qui a vocation \u00e0 \u00eatre d\u00e9truite, est terriblement insalubre, mais continue d\u2019\u00eatre utilis\u00e9e. \u00ab\u00a0La p\u00e9nitentiaire a tout int\u00e9r\u00eat \u00e0 montrer ses r\u00e9alit\u00e9s, assure Arnaud Moumaneix, pr\u00e9venu la veille de la venue de l\u2019\u00e9lue. Mais une visite parlementaire est toujours quelque peu contraignante car elle mobilise du personnel alors que nous sommes en sous-effectif.\u00a0\u00bb<\/p>\n<p>Comme dans la plupart des \u00e9tablissements, la situation au CPBG est en effet critique\u00a0: sur les 381 postes de surveillants (sur 501 personnels au total), 42 sont non pourvus. \u00ab\u00a0S\u2019ajoutent \u00e0 cela 43 absents, pour des raisons parfaitement l\u00e9gitimes pour la plupart. Certains \u00e9tant un peu lass\u00e9s\u00a0\u00bb, euph\u00e9mise le directeur pour \u00e9voquer un personnel \u00e9puis\u00e9 \u00e0 force de pallier les carences d\u2019un syst\u00e8me \u00e0 bout de souffle.<\/p>\n<p>\u00ab\u00a0Avec un surveillant pour 90 d\u00e9tenus, le fonctionnement en mode d\u00e9grad\u00e9 s\u2019impose, m\u00eame si les officiers viennent parfois en renfort\u00a0\u00bb, justifie le responsable. En ce week-end du 14\u00a0juillet, les services m\u00e9dicaux sont ferm\u00e9s, et les activit\u00e9s tr\u00e8s r\u00e9duites&#8230;.<\/p>\n","protected":false},"excerpt":{"rendered":"\u00ab\u00a0On vit comme des cafards ici\u00a0! Les \u00e9viers sont cass\u00e9s\u00a0! On n\u2019en peut plus d\u2019\u00eatre \u00e0 3 par&hellip;\n","protected":false},"author":2,"featured_media":282391,"comment_status":"","ping_status":"","sticky":false,"template":"","format":"standard","meta":{"footnotes":""},"categories":[2817],"tags":[1111,11,1997,42147,1777,674,1011,27,42148,12,2219,41471,806,25,42149],"class_list":{"0":"post-282390","1":"post","2":"type-post","3":"status-publish","4":"format-standard","5":"has-post-thumbnail","7":"category-bordeaux","8":"tag-actu","9":"tag-actualites","10":"tag-bordeaux","11":"tag-emprisonnement","12":"tag-eu","13":"tag-europe","14":"tag-fr","15":"tag-france","16":"tag-marie-toussaint","17":"tag-news","18":"tag-nouvelle-aquitaine","19":"tag-oip","20":"tag-prison","21":"tag-republique-francaise","22":"tag-surpopulation-carcu00e9rale"},"share_on_mastodon":{"url":"https:\/\/pubeurope.com\/@fr\/114937705505839737","error":""},"_links":{"self":[{"href":"https:\/\/www.europesays.com\/fr\/wp-json\/wp\/v2\/posts\/282390","targetHints":{"allow":["GET"]}}],"collection":[{"href":"https:\/\/www.europesays.com\/fr\/wp-json\/wp\/v2\/posts"}],"about":[{"href":"https:\/\/www.europesays.com\/fr\/wp-json\/wp\/v2\/types\/post"}],"author":[{"embeddable":true,"href":"https:\/\/www.europesays.com\/fr\/wp-json\/wp\/v2\/users\/2"}],"replies":[{"embeddable":true,"href":"https:\/\/www.europesays.com\/fr\/wp-json\/wp\/v2\/comments?post=282390"}],"version-history":[{"count":0,"href":"https:\/\/www.europesays.com\/fr\/wp-json\/wp\/v2\/posts\/282390\/revisions"}],"wp:featuredmedia":[{"embeddable":true,"href":"https:\/\/www.europesays.com\/fr\/wp-json\/wp\/v2\/media\/282391"}],"wp:attachment":[{"href":"https:\/\/www.europesays.com\/fr\/wp-json\/wp\/v2\/media?parent=282390"}],"wp:term":[{"taxonomy":"category","embeddable":true,"href":"https:\/\/www.europesays.com\/fr\/wp-json\/wp\/v2\/categories?post=282390"},{"taxonomy":"post_tag","embeddable":true,"href":"https:\/\/www.europesays.com\/fr\/wp-json\/wp\/v2\/tags?post=282390"}],"curies":[{"name":"wp","href":"https:\/\/api.w.org\/{rel}","templated":true}]}}