{"id":282392,"date":"2025-07-29T17:29:14","date_gmt":"2025-07-29T17:29:14","guid":{"rendered":"https:\/\/www.europesays.com\/fr\/282392\/"},"modified":"2025-07-29T17:29:14","modified_gmt":"2025-07-29T17:29:14","slug":"trois-toulousains-en-lice-pour-diriger-les-jeunes-en-marche-haute-garonne","status":"publish","type":"post","link":"https:\/\/www.europesays.com\/fr\/282392\/","title":{"rendered":"Trois Toulousains en lice pour diriger les Jeunes en Marche &#8211; Haute Garonne"},"content":{"rendered":"<p>                    <img width=\"959\" height=\"1280\" src=\"https:\/\/www.europesays.com\/fr\/wp-content\/uploads\/2025\/07\/Collectif_Reunis_6_Juillet_2025_Paris.jpg\" class=\"img-fluid portrait wp-post-image\" alt=\"L'ensemble du collectif r\u00e9uni le 6 juillet \u00e0 Paris\" itemprop=\"image\" decoding=\"async\" fetchpriority=\"high\"  \/>                    <\/p>\n<p itemprop=\"name\">\n                                                L&rsquo;ensemble du collectif r\u00e9uni le 6 juillet \u00e0 Paris<br \/>\n                         Cr\u00e9dits :<br \/>\n                            MS31\n                                                <\/p>\n<p><strong>Florian Delrieu, Clara Hiton et Pierre Fournier portent la liste \u00ab\u00a0R\u00e9unis\u00a0\u00bb men\u00e9e par Nolwenn Pelven lors des \u00e9lections internes du mouvement. Leur ambition : redonner le pouvoir aux territoires.<\/strong>&#13;<br \/>\n&#13;<br \/>\nDans le cadre des \u00e9lections internes des Jeunes en Marche, trois militants de Haute-Garonne se pr\u00e9sentent \u00e0 des postes strat\u00e9giques au sein du bureau national. Ils repr\u00e9sentent la liste \u00ab\u00a0R\u00e9unis\u00a0\u00bb, men\u00e9e par Nolwenn Pelven.&#13;<br \/>\n&#13;<br \/>\nFlorian Delrieu, 27 ans, brigue le poste de secr\u00e9taire g\u00e9n\u00e9ral. Cet ing\u00e9nieur dans le ferroviaire milite depuis 2017 et occupe actuellement le poste de conseiller national en charge des municipales 2026. Il a \u00e9t\u00e9 candidat aux l\u00e9gislatives sur la 9\u00e8me circonscription de Haute-Garonne et colistier sur la liste \u00ab\u00a0Aimer Toulouse\u00a0\u00bb de Jean-Luc Moudenc en 2020.&#13;<br \/>\n&#13;<br \/>\nClara Hiton, 22 ans, candidate \u00e0 la vice-pr\u00e9sidence en charge de la communication, est l&rsquo;actuelle responsable communication des Jeunes en Marche Occitanie. Originaire des Landes, elle poursuit un master en communication et territoires \u00e0 UT1 et UT3.&#13;<br \/>\n&#13;<br \/>\nPierre Fournier, 28 ans, vise le poste de d\u00e9l\u00e9gu\u00e9 national au num\u00e9rique, \u00e0 l&rsquo;IA et \u00e0 la mobilisation. R\u00e9f\u00e9rent des Jeunes en Marche de Haute-Garonne, cet ing\u00e9nieur logiciel travaille dans le secteur spatial toulousain.&#13;<br \/>\n&#13;<br \/>\n\u00ab\u00a0Avec Nolwenn et le collectif R\u00e9unis, nous portons une ligne exigeante et concr\u00e8te : d\u00e9centraliser les moyens, responsabiliser les acteurs locaux, professionnaliser nos outils\u00a0\u00bb, d\u00e9clarent les trois candidats.<\/p>\n<p>                Cet article est r\u00e9serv\u00e9 aux abonn\u00e9s.<\/p>\n<p class=\"signature\" itemscope=\"\" itemprop=\"Author\" itemtype=\"http:\/\/schema.org\/Person\">\n                MS31\n            <\/p>\n","protected":false},"excerpt":{"rendered":"L&rsquo;ensemble du collectif r\u00e9uni le 6 juillet \u00e0 Paris Cr\u00e9dits : MS31 Florian Delrieu, Clara Hiton et Pierre&hellip;\n","protected":false},"author":2,"featured_media":282393,"comment_status":"","ping_status":"","sticky":false,"template":"","format":"standard","meta":{"footnotes":""},"categories":[2816],"tags":[1111,11,1777,674,1011,27,12,2680,301,25,2312],"class_list":{"0":"post-282392","1":"post","2":"type-post","3":"status-publish","4":"format-standard","5":"has-post-thumbnail","7":"category-toulouse","8":"tag-actu","9":"tag-actualites","10":"tag-eu","11":"tag-europe","12":"tag-fr","13":"tag-france","14":"tag-news","15":"tag-occitanie","16":"tag-premium","17":"tag-republique-francaise","18":"tag-toulouse"},"share_on_mastodon":{"url":"https:\/\/pubeurope.com\/@fr\/114937709526169696","error":""},"_links":{"self":[{"href":"https:\/\/www.europesays.com\/fr\/wp-json\/wp\/v2\/posts\/282392","targetHints":{"allow":["GET"]}}],"collection":[{"href":"https:\/\/www.europesays.com\/fr\/wp-json\/wp\/v2\/posts"}],"about":[{"href":"https:\/\/www.europesays.com\/fr\/wp-json\/wp\/v2\/types\/post"}],"author":[{"embeddable":true,"href":"https:\/\/www.europesays.com\/fr\/wp-json\/wp\/v2\/users\/2"}],"replies":[{"embeddable":true,"href":"https:\/\/www.europesays.com\/fr\/wp-json\/wp\/v2\/comments?post=282392"}],"version-history":[{"count":0,"href":"https:\/\/www.europesays.com\/fr\/wp-json\/wp\/v2\/posts\/282392\/revisions"}],"wp:featuredmedia":[{"embeddable":true,"href":"https:\/\/www.europesays.com\/fr\/wp-json\/wp\/v2\/media\/282393"}],"wp:attachment":[{"href":"https:\/\/www.europesays.com\/fr\/wp-json\/wp\/v2\/media?parent=282392"}],"wp:term":[{"taxonomy":"category","embeddable":true,"href":"https:\/\/www.europesays.com\/fr\/wp-json\/wp\/v2\/categories?post=282392"},{"taxonomy":"post_tag","embeddable":true,"href":"https:\/\/www.europesays.com\/fr\/wp-json\/wp\/v2\/tags?post=282392"}],"curies":[{"name":"wp","href":"https:\/\/api.w.org\/{rel}","templated":true}]}}