{"id":282404,"date":"2025-07-29T17:36:18","date_gmt":"2025-07-29T17:36:18","guid":{"rendered":"https:\/\/www.europesays.com\/fr\/282404\/"},"modified":"2025-07-29T17:36:18","modified_gmt":"2025-07-29T17:36:18","slug":"vers-une-union-des-gauches-sans-lfi-derriere-gregory-doucet-des-le-1er-tour","status":"publish","type":"post","link":"https:\/\/www.europesays.com\/fr\/282404\/","title":{"rendered":"vers une union des gauches sans LFI derri\u00e8re Gr\u00e9gory Doucet d\u00e8s le 1er tour"},"content":{"rendered":"<p>            Par<br \/>\n        <strong><br \/>\n            <a href=\"https:\/\/actu.fr\/auteur\/nicolas-zaugra\" title=\"Consulter tous les articles de Nicolas Zaugra\" rel=\"nofollow noopener\" target=\"_blank\">Nicolas Zaugra<\/a><br \/>\n        <\/strong><\/p>\n<p>        Publi\u00e9 le<\/p>\n<p>            29 juil. 2025 \u00e0 18h32<br \/>\n        ; mis \u00e0 jour le 29 juil. 2025 \u00e0 18h33    <\/p>\n<p><strong>INFO ACTU LYON<\/strong>. Le maire \u00e9cologiste sortant <a href=\"https:\/\/actu.fr\/auvergne-rhone-alpes\/lyon_69123\/gregory-doucet-tacle-durement-francois-bayrou-le-maire-de-lyon-tape-du-poing-sur-la-table_62920596.html\" rel=\"nofollow noopener\" target=\"_blank\">Gr\u00e9gory Doucet<\/a> va-t-il r\u00e9ussir \u00e0 faire l\u2019union \u00e0 gauche d\u00e8s le premier tour derri\u00e8re sa candidature aux <a href=\"https:\/\/actu.fr\/tag\/municipales-2026\" rel=\"nofollow noopener\" target=\"_blank\">municipales 2026<\/a> ? <br \/>Selon nos informations, confirm\u00e9es par plusieurs sources au fait des n\u00e9gociations, les discussions sont <strong>en bonne voie pour une alliance entre \u00e9cologistes, socialistes et communistes d\u00e8s le premier tour<\/strong> \u00e0 <a href=\"https:\/\/actu.fr\/auvergne-rhone-alpes\/lyon_69123\" rel=\"nofollow noopener\" target=\"_blank\">Lyon<\/a> en vue de listes communes. <br \/>Avec la France insoumise en revanche, les \u00e9changes sont plus difficiles, tandis que <a href=\"https:\/\/actu.fr\/auvergne-rhone-alpes\/lyon_69123\/municipales-a-lyon-georges-kepenekian-devoile-son-plan-revolutionnaire-contre-la-canicule_62886950.html\" rel=\"nofollow noopener\" target=\"_blank\">Georges K\u00e9p\u00e9n\u00e9kian<\/a>, courtis\u00e9 par Gr\u00e9gory Doucet et <a href=\"https:\/\/actu.fr\/auvergne-rhone-alpes\/lyon_69123\/lyon-vrais-lyonnais-derive-nazie-jean-michel-aulas-et-les-ecologistes-s-attaquent-de-maniere-inedite_62967484.html\" rel=\"nofollow noopener\" target=\"_blank\">Jean-Michel Aulas<\/a>, poursuit une campagne en solitaire.<\/p>\n<p>Les socialistes veulent repartir avec Gr\u00e9gory Doucet<\/p>\n<p class=\" wall-content\">Selon nos informations, les socialistes sont finalement partants pour soutenir Gr\u00e9gory Doucet et s\u2019allier aux \u00e9cologistes d\u00e8s le 1er tour face \u00e0 la menace Aulas. Deux options sont sur la table (une liste PS\/ PRG ou une alliance) mais celle d\u2019un soutien au maire de Lyon est celle qui est la plus probable.<\/p>\n<p class=\" wall-content\">\u00ab\u00a0On avance, les n\u00e9gociations sont bien parties, on sent les \u00e9cologistes ouverts \u00e0 faire des changements\u00a0\u00bb, confie une source socialiste. Le parti d\u2019<a href=\"https:\/\/actu.fr\/politique\/congres-du-ps-olivier-faure-reelu-au-poste-de-premier-secretaire-du-parti-apres-des-resultats-serres_62737055.html\" rel=\"nofollow noopener\" target=\"_blank\">Olivier Faure<\/a> est bien plus gourmand qu\u2019en 2020 pour confirmer son soutien \u00e0 Gr\u00e9gory Doucet.<\/p>\n<p class=\" wall-content\">Deux \u00e0 quatre mairies d\u2019arrondissement sur neuf, davantage de postes d\u2019adjoints et des accords programmatiques comme un budget plus \u00e9lev\u00e9 pour la r\u00e9novation des \u00e9coles, un pas de plus vers la <a href=\"https:\/\/actu.fr\/auvergne-rhone-alpes\/lyon_69123\/lyon-municipales-2026-jean-michel-aulas-propose-d-etendre-la-gratuite-des-tcl-aux-lyonnais_62732394.html\" rel=\"nofollow noopener\" target=\"_blank\">gratuit\u00e9 des TCL<\/a> (le week-end par exemple)\u2026 <strong>\u00ab\u00a0Ils ne peuvent pas passer tout le budget dans les pistes cyclables et les arbres\u00a0\u00bb<\/strong>, l\u00e2che un \u00e9lu PS. \u00ab\u00a0Il faut aussi \u00eatre plus attentif aux commer\u00e7ants\u00a0\u00bb.\u00a0<\/p>\n<p>    <img   decoding=\"async\" loading=\"lazy\" src=\"https:\/\/www.europesays.com\/fr\/wp-content\/uploads\/2025\/07\/doucet-nouveau-front-populaire-legislatives-960x640.jpg\" alt=\"Marie-Charlotte Garin, (candidate NFP dans la 3e circo) , Anais Belouassa Cherifi (candidate NFP dans la 1ere circo), Gregory Doucet (maire de Lyon), Sandrine Runel (candidate NFP dans la 4e circo) et Boris Tavernier (candidat NFP dans la 2e circo) au cours de la soir\u00e9e \u00e9lectorale \u00e0 la Pr\u00e9fecture du Rh\u00f4ne \u00e0 Lyon.\" width=\"960\" height=\"640\"\/><br \/>\n    Marie-Charlotte Garin, (d\u00e9put\u00e9e \u00e9cologiste de Lyon), Anais Belouassa Cherifi (LFI), Gregory Doucet (maire de Lyon), Sandrine Runel (d\u00e9put\u00e9e PS) et Boris Tavernier (d\u00e9put\u00e9 \u00e9cologiste) au cours de la soir\u00e9e \u00e9lectorale \u00e0 la Pr\u00e9fecture du Rh\u00f4ne \u00e0 Lyon lors des l\u00e9gislatives 2024. (\u00a9PHOTOPQR\/Maxime JEGAT\/MAXPPP)<\/p>\n<p class=\" wall-content\">Au PS, on \u00e9met des critiques : moins de verticalit\u00e9, plus de concertation et de justice sociale. \u00ab\u00a0Ils font une politique pour les gens qui vont bien, il faut \u00e9largir. Il faut trouver un contrat de gouvernance\u00a0\u00bb, confie-t-on dans le parti.<\/p>\n<p class=\" wall-content\">Chez les socialistes, on estime en tout cas que la <strong>candidature de Jean-Michel Aulas et la nouvelle loi PLM, <\/strong>qui modifie le mode de scrutin municipal, p\u00e8sent dans la balance pour une alliance d\u00e8s le premier tour. Pour la d\u00e9put\u00e9e <a href=\"https:\/\/actu.fr\/auvergne-rhone-alpes\/lyon_69123\/sandrine-runel-deputee-ps-du-rhone-je-regrette-les-choix-du-maire-de-lyon_62007940.html\" rel=\"nofollow noopener\" target=\"_blank\">Sandrine Runel<\/a>, il\u00a0y a aussi le risque de froisser la base \u00e9lectorale de gauche qui est pour l\u2019union et celui de faire un faible score sur son nom.<\/p>\n<p class=\" wall-content\">Selon nos informations, elle pourrait en tout cas se porter candidate dans le 6e arrondissement et porter une liste d\u2019union de la gauche et affronter, s\u2019il est candidat dans ce secteur, Jean-Michel Aulas.<\/p>\n<p>Les \u00e9cologistes pr\u00eats \u00e0 faire des compromis<\/p>\n<p class=\" wall-content\">Du c\u00f4t\u00e9 des \u00e9cologistes, on affirme vouloir faire de la place aux autres partis de gauche. Le maire Gr\u00e9gory Doucet, d\u00e9fenseur de la Nupes de 2022 et du NFP de 2024, appelle depuis des mois \u00e0 une large union de la gauche derri\u00e8re lui.\u00a0<\/p>\n<p class=\" wall-content\">\u00ab\u00a0Le rapport de force de 2020 a chang\u00e9, c\u2019est normal de r\u00e9\u00e9quilibrer les choses\u00a0\u00bb, conc\u00e8de Thomas Dossus, s\u00e9nateur \u00e9cologiste du Rh\u00f4ne \u00e0 la man\u0153uvre pour n\u00e9gocier au nom des \u00e9cologistes lyonnais.<\/p>\n<p class=\" wall-content\">Il confirme que les discussions entre socialistes et \u00e9cologistes vont reprendre fin ao\u00fbt.\u00a0<\/p>\n<blockquote class=\"ac-article-quote wall-content\">\n<p>Le danger en 2026 c&rsquo;est le retour de la droite \u00e0 Lyon. Nous voulons garder Lyon \u00e0 gauche. Nous sommes pr\u00eats \u00e0 faire l&rsquo;union avec tous ceux qui sont partants. On a dirig\u00e9 la ville avec nos partenaires et \u00e7a s&rsquo;est bien pass\u00e9, \u00e0 un an de la pr\u00e9sidentielle, \u00e7a ne sert \u00e0 rien de cr\u00e9er des divisions artificielles. Et en cas de match Aulas\/ Doucet, il y n&rsquo;y aura pas d&rsquo;espace pour les autres candidats.<\/p>\n<p>    <strong>Thomas Dossus, s\u00e9nateur \u00e9colo du Rh\u00f4ne<\/strong>\n            <\/p><\/blockquote>\n<p>Avec les communistes, c\u2019est quasi sign\u00e9<\/p>\n<p class=\" wall-content\">Toujours selon nos informations, une alliance des communistes derri\u00e8re Doucet, c\u2019est act\u00e9e. \u00ab\u00a0Les discussions sont tr\u00e8s tr\u00e8s avanc\u00e9es, c\u2019est quasi act\u00e9 avec eux, il y a encore des discussions au niveau de la M\u00e9tropole\u00a0\u00bb, assure Thomas Dossus \u00e0 actu Lyon.\u00a0<\/p>\n<p class=\" wall-content\">Mais du c\u00f4t\u00e9 de LFI, l\u2019union, ce n\u2019est pas pour tout de suite. Il y a quelques jours, la d\u00e9put\u00e9e de Lyon <a href=\"https:\/\/actu.fr\/auvergne-rhone-alpes\/lyon_69123\/lyon-70-de-chances-que-la-france-insoumise-se-lance-aux-municipales-2026-au-1er-tour_62964104.html\" rel=\"nofollow noopener\" target=\"_blank\">Anais Belouassa Cherifi<\/a> affirmait qu\u2019il y a \u00ab\u00a070% de chances que La France insoumise se lance seule dans la bataille\u00a0\u00bb.\u00a0<\/p>\n<p>\u00ab\u00a0On n\u2019a pas le m\u00eame logiciel que les \u00c9cologistes\u00a0\u00bb, selon LFI<\/p>\n<p class=\" wall-content\">\u00ab\u00a0On n\u2019a pas le m\u00eame logiciel que les \u00c9cologistes. On a les m\u00eames objectifs, mais pas la m\u00eame m\u00e9thode\u00a0\u00bb, disait-elle vendredi \u00e0 l\u2019AFP. \u00ab\u00a0Il y aura une liste insoumise \u00e0 Paris, Lyon et Marseille\u00a0\u00bb, a m\u00eame promis <strong>Jean-Luc M\u00e9lenchon<\/strong> au d\u00e9but du mois.\u00a0<\/p>\n<p class=\" wall-content\">\u00ab\u00a0\u00c0 LFI, c\u2019est d\u00e9cid\u00e9 nationalement, c\u2019est donc difficile d\u2019avoir des discussions locales sur les municipales\u00a0\u00bb, reconna\u00eet Thomas Dossus. \u00ab\u00a0Si on ne s\u2019entend pas au 1\u1d49\u02b3 tour, \u00e7a sera au second\u00a0\u00bb, veut croire le s\u00e9nateur. \u00ab\u00a0Notre porte est toujours ouverte\u00a0\u00bb.<\/p>\n<p class=\" wall-content\">Mais les insoumis ont mis en sc\u00e8ne leurs d\u00e9saccords avec les \u00e9cologistes ces derni\u00e8res semaines, sur la s\u00e9curit\u00e9, la <a href=\"https:\/\/actu.fr\/auvergne-rhone-alpes\/lyon_69123\/lfi-veut-desarmer-la-police-municipale-a-lyon-et-retirer-les-cameras-la-mairie-reagit_62903790.html\" rel=\"nofollow noopener\" target=\"_blank\">police municipale<\/a> et la vid\u00e9osurveillance, <a href=\"https:\/\/actu.fr\/auvergne-rhone-alpes\/lyon_69123\/lyon-le-campement-de-la-honte-l-un-des-plus-grands-de-la-ville-evacue-par-la-police_62940045.html\" rel=\"nofollow noopener\" target=\"_blank\">l\u2019h\u00e9bergement d\u2019urgence<\/a> ou encore la ZFE.<\/p>\n<p class=\" wall-content\">En \u00e9tant <strong>mesur\u00e9 dans les sondages \u00e0 12-14%<\/strong>, LFI pense qu\u2019elle peut encore nettement progresser en campagne et imposer plus de demandes \u00e0 Gr\u00e9gory Doucet au second tour.\u00a0<\/p>\n<p><img decoding=\"async\" src=\"https:\/\/www.europesays.com\/fr\/wp-content\/uploads\/2025\/07\/georges-kepenekian-lyon-640x427.jpg\" alt=\"\" width=\"640\" height=\"427\" loading=\"lazy\"\/>Georges K\u00e9p\u00e9n\u00e9kian courtis\u00e9 par Gr\u00e9gory Doucet et Jean-Michel Aulas<\/p>\n<p>Il aurait aim\u00e9 \u00eatre au centre du jeu pour sa propre candidature, mais Jean-Michel Aulas est venu tout perturber. L&rsquo;ancien socialiste et macroniste (devenu sans \u00e9tiquette) Georges K\u00e9p\u00e9n\u00e9kian est courtis\u00e9, mais pour une alliance afin de se ranger derri\u00e8re Doucet ou Aulas.<\/p>\n<p>Selon nos informations, apr\u00e8s trois rencontres avec l&rsquo;ex-patron de l&rsquo;OL, les discussions n&rsquo;avancent pas pour un ralliement. L&rsquo;ancien maire de Lyon regrette que Jean-Michel Aulas ne pr\u00e9cise pas suffisamment sa vision et son programme pour la ville tout en \u00e9tant tr\u00e8s proche de la droite \u00ab\u00a0tendance Wauquiez\u00a0\u00bb. Mais le futur candidat \u00e0 la mairie continue de draguer Georges K\u00e9p\u00e9n\u00e9kian pour faire alliance.<\/p>\n<p>Avec Gr\u00e9gory Doucet et les \u00e9cologistes, des discussions informelles existent et les portes ne sont pas ferm\u00e9es, d&rsquo;un c\u00f4t\u00e9 comme de l&rsquo;autre. Mais Georges K\u00e9p\u00e9n\u00e9kian ne veut pas LFI dans la partie et voudrait que le maire sortant s&rsquo;\u00e9loigne de l&rsquo;\u00e9tiquette \u00e9cologiste. Difficile \u00e0 imaginer. \u00ab\u00a0C&rsquo;est \u00e0 lui de dire s&rsquo;il veut s&rsquo;allier avec la droite. C&rsquo;est un homme de gauche. Nous, notre p\u00e9rim\u00e8tre de discussion, c&rsquo;est le Nouveau front populaire, \u00e0 voir s&rsquo;il s&rsquo;y inscrit\u00a0\u00bb, tranche Thomas Dossus.<\/p>\n<p>L&rsquo;ancien maire centriste poursuit donc sa campagne, persuad\u00e9 qu&rsquo;il existe un espace pour un candidat sans \u00e9tiquette entre la gauche et Aulas, soutenu par la droite et le centre.<\/p>\n<p class=\" wall-content\">Dans un dernier <a href=\"https:\/\/actu.fr\/auvergne-rhone-alpes\/lyon_69123\/exclusif-municipales-a-lyon-jean-michel-aulas-largement-en-tete-devant-gregory-doucet-sondage_62837313.html\" rel=\"nofollow noopener\" target=\"_blank\">sondage<\/a> publi\u00e9 en juin, la liste \u00e9cologiste, socialiste et communiste men\u00e9e par Gr\u00e9gory Doucet \u00e9tait en tout cas cr\u00e9dit\u00e9e de 27% au 1er tour contre 36% pour Jean-Michel Aulas. Gr\u00e9gory Doucet seul avec les communistes avait \u00e9t\u00e9 mesur\u00e9 \u00e0 22% en juin dernier.<\/p>\n<p class=\" wall-content\">Suivez toute l\u2019actualit\u00e9 de vos villes et m\u00e9dias favoris en vous inscrivant \u00e0 <a href=\"https:\/\/moncompte.actu.fr\" title=\"D\u00e9couvez Mon Actu\" rel=\"nofollow noopener\" data-trk=\"{&quot;cta&quot;:{&quot;action&quot;:&quot;https:\\\/\\\/moncompte.actu.fr&quot;,&quot;category&quot;:&quot;mon compte&quot;,&quot;from&quot;:&quot;article footer&quot;,&quot;name&quot;:&quot;Mon actu&quot;,&quot;type&quot;:&quot;cta&quot;}}\" target=\"_blank\">Mon Actu<\/a>.<\/p>\n","protected":false},"excerpt":{"rendered":"Par Nicolas Zaugra Publi\u00e9 le 29 juil. 2025 \u00e0 18h32 ; mis \u00e0 jour le 29 juil. 2025&hellip;\n","protected":false},"author":2,"featured_media":282405,"comment_status":"","ping_status":"","sticky":false,"template":"","format":"standard","meta":{"footnotes":""},"categories":[1889],"tags":[1111,11,2430,4188,1777,674,1011,27,5226,2428,3434,12,4484,316,25],"class_list":{"0":"post-282404","1":"post","2":"type-post","3":"status-publish","4":"format-standard","5":"has-post-thumbnail","7":"category-lyon","8":"tag-actu","9":"tag-actualites","10":"tag-auvergne-rhone-alpes","11":"tag-elections-municipales","12":"tag-eu","13":"tag-europe","14":"tag-fr","15":"tag-france","16":"tag-gregory-doucet","17":"tag-lyon","18":"tag-municipales-2026","19":"tag-news","20":"tag-parti-socialiste-ps","21":"tag-politique","22":"tag-republique-francaise"},"share_on_mastodon":{"url":"https:\/\/pubeurope.com\/@fr\/114937737213958964","error":""},"_links":{"self":[{"href":"https:\/\/www.europesays.com\/fr\/wp-json\/wp\/v2\/posts\/282404","targetHints":{"allow":["GET"]}}],"collection":[{"href":"https:\/\/www.europesays.com\/fr\/wp-json\/wp\/v2\/posts"}],"about":[{"href":"https:\/\/www.europesays.com\/fr\/wp-json\/wp\/v2\/types\/post"}],"author":[{"embeddable":true,"href":"https:\/\/www.europesays.com\/fr\/wp-json\/wp\/v2\/users\/2"}],"replies":[{"embeddable":true,"href":"https:\/\/www.europesays.com\/fr\/wp-json\/wp\/v2\/comments?post=282404"}],"version-history":[{"count":0,"href":"https:\/\/www.europesays.com\/fr\/wp-json\/wp\/v2\/posts\/282404\/revisions"}],"wp:featuredmedia":[{"embeddable":true,"href":"https:\/\/www.europesays.com\/fr\/wp-json\/wp\/v2\/media\/282405"}],"wp:attachment":[{"href":"https:\/\/www.europesays.com\/fr\/wp-json\/wp\/v2\/media?parent=282404"}],"wp:term":[{"taxonomy":"category","embeddable":true,"href":"https:\/\/www.europesays.com\/fr\/wp-json\/wp\/v2\/categories?post=282404"},{"taxonomy":"post_tag","embeddable":true,"href":"https:\/\/www.europesays.com\/fr\/wp-json\/wp\/v2\/tags?post=282404"}],"curies":[{"name":"wp","href":"https:\/\/api.w.org\/{rel}","templated":true}]}}