{"id":282415,"date":"2025-07-29T17:43:11","date_gmt":"2025-07-29T17:43:11","guid":{"rendered":"https:\/\/www.europesays.com\/fr\/282415\/"},"modified":"2025-07-29T17:43:11","modified_gmt":"2025-07-29T17:43:11","slug":"linvitation-dune-delegation-parlementaire-russe-en-suisse-vivement-critiquee","status":"publish","type":"post","link":"https:\/\/www.europesays.com\/fr\/282415\/","title":{"rendered":"L&rsquo;invitation d&rsquo;une d\u00e9l\u00e9gation parlementaire russe en Suisse vivement critiqu\u00e9e"},"content":{"rendered":"<p>          <img decoding=\"async\" class=\"c-ad__placeholder__logo\" src=\"https:\/\/static.euronews.com\/website\/images\/logos\/logo-euronews-stacked-outlined-72x72-grey-9.svg\" width=\"72\" height=\"72\" alt=\"\" loading=\"lazy\"\/><br \/>\n          PUBLICIT\u00c9<\/p>\n<p>Une possibilit\u00e9 de dialogue pour certains&#8230; une insidieuse lev\u00e9e des sanctions contre la Russie, pour d&rsquo;autres.<\/p>\n<p>Une d\u00e9l\u00e9gation russe avec \u00e0 sa t\u00eate la pr\u00e9sidente du Conseil de la F\u00e9d\u00e9ration (S\u00e9nat, chambre haute du Parlement russe) Valentina Matvienko s&rsquo;est rendue en Suisse pour assister \u00e0 la Conf\u00e9rence mondiale des pr\u00e9sidents de parlement, du 29 au 31 juillet ; matvienko devait \u00e9galement participer au Sommet des femmes pr\u00e9sidentes de parlement, qui a eu lieu le 28 juillet. <\/p>\n<p>La d\u00e9l\u00e9gation comprenait, entre autres, le vice-pr\u00e9sident du S\u00e9nat, Konstantin Kosachev, le vice-pr\u00e9sident de la Douma (chambre basse), Piotr Tolsto\u00ef, le pr\u00e9sident du parti lib\u00e9ral-d\u00e9mocrate (LDPR, en fait, d&rsquo;extr\u00eame-droite populiste), Leonid Sloutski, ainsi que les \u00ab\u00a0s\u00e9nateurs\u00a0\u00bb Lilia Goumerova et Andre\u00ef Denissov (<strong>tous sous le coup des sanctions internationales<\/strong>). <\/p>\n<p>L<a href=\"https:\/\/www.swissinfo.ch\/rus\/%D0%B2%D0%BD%D0%B5%D1%88%D0%BD%D1%8F%D1%8F-%D0%BF%D0%BE%D0%BB%D0%B8%D1%82%D0%B8%D0%BA%D0%B0\/%D0%B2%D0%B0%D0%BB%D0%B5%D0%BD%D1%82%D0%B8%D0%BD%D0%B0-%D0%BC%D0%B0%D1%82%D0%B2%D0%B8%D0%B5%D0%BD%D0%BA%D0%BE-%D0%B2%D1%8B%D1%81%D1%82%D1%83%D0%BF%D0%B8%D0%BB%D0%B0-%D0%B2-%D0%B6%D0%B5%D0%BD%D0%B5%D0%B2%D0%B5-%D0%B2%D0%BE%D0%BF%D1%80%D0%B5%D0%BA%D0%B8-%D1%81%D0%B0%D0%BD%D0%BA%D1%86%D0%B8%D1%8F%D0%BC\/89749898\" target=\"_blank\" rel=\"noreferrer noopener\">&lsquo;agence de presse suisse Keystone-SDA<\/a> a d\u00e9j\u00e0 qualifi\u00e9 cette visite d&rsquo;un \u00ab succ\u00e8s diplomatique du Kremlin \u00bb.<\/p>\n<p>Matvienko elle-m\u00eame est soumise aux sanctions occidentales depuis 2014, comme pr\u00e9cise <a href=\"https:\/\/meduza.io\/feature\/2025\/07\/29\/valentina-matvienko-vystupila-na-konferentsii-v-shveytsarii-ona-pod-sanktsiyami-s-ney-byli-esche-neskolko-chelovek-kotorye-tozhe-pod-sanktsiyami\" target=\"_blank\" rel=\"noreferrer noopener\">Meduza<\/a>, pour avoir soutenu l&rsquo;annexion de la Crim\u00e9e par la Russie. Mais si \u00e0 l&rsquo;\u00e9poque les sanctions comprenaient r\u00e9guli\u00e8rement des d\u00e9rogations pour des visites parlementaires (ce qui a permis \u00e0 Matvienko de voyager d\u00e9j\u00e0 en Suisse en 2016 ou 2019, ainsi qu&rsquo;en France en 2018), la visite actuelle est bel et bien <strong>premi\u00e8re apr\u00e8s l&rsquo;invasion russe en Ukraine \u00e0 grande \u00e9chelle<\/strong> &#8211; que les membres de la d\u00e9l\u00e9gation actuelle ont <strong>unanimement soutenue<\/strong>.<\/p>\n<p>Relais de propagande russe<\/p>\n<p>Et, si le D\u00e9partement f\u00e9d\u00e9ral des affaires \u00e9trang\u00e8res suisse, expliquant pourquoi Matvienko a \u00e9t\u00e9 autoris\u00e9e \u00e0 entrer dans le pays, a rappel\u00e9 que les autorit\u00e9s doivent faciliter l&rsquo;entr\u00e9e des d\u00e9l\u00e9gu\u00e9s officiels pour participer aux \u00e9v\u00e9nements organis\u00e9s par des organisations internationales, un tel laxisme a \u00e9t\u00e9 mis \u00e0 mal par le contenu du discours de la speakerine russe. <\/p>\n<p>Dans son discours \u00e0 la conf\u00e9rence, Matvienko <a href=\"https:\/\/t.me\/youlistenedmayak\/38171\" target=\"_blank\" rel=\"noreferrer\">a repris les th\u00e8ses de la propagande russe sur la guerre<\/a>. Elle a accus\u00e9 l&rsquo;Ukraine d&rsquo;avoir \u00ab bombard\u00e9 des r\u00e9gions pacifiques du Donbass \u00bb et tu\u00e9 des civils avant le d\u00e9but de l&rsquo;invasion russe \u00e0 grande \u00e9chelle, qualifiant cette derni\u00e8re de \u00ab n\u00e9cessaire \u00bb.<\/p>\n<p>Matvienko a accus\u00e9 les pays occidentaux de tenir un \u00ab discours anti-russe \u00bb et de mener une guerre de l&rsquo;information. Elle a appel\u00e9 \u00e0 lever les sanctions et \u00e0 \u00ab d\u00e9fendre la paix \u00bb.<\/p>\n<p>Kyiv vent debout<\/p>\n<p>Entendant de tels propos, et, de surcro\u00eet, sur une sc\u00e8ne internationale, Kyiv a, \u00e9videmment, vu rouge.<\/p>\n<p>Le porte-parole du minist\u00e8re des Affaires \u00e9trang\u00e8res, Heorhii Tykhyi, a critiqu\u00e9 la participation de Matvienko \u00e0 la conf\u00e9rence genevoise.<\/p>\n<p>Selon lui, <strong>la place de Matvienko est \u00ab sur le banc des accus\u00e9s, et non dans les conf\u00e9rences internationales \u00bb<\/strong>, et son admission \u00e0 Gen\u00e8ve \u00ab est honteuse et n&rsquo;aurait pas d\u00fb avoir lieu \u00bb.<\/p>\n<p>\u00ab La g\u00e9nocidaire Matvienko porte une responsabilit\u00e9 personnelle pour le crime d&rsquo;agression et tous les crimes internationaux commis par la suite apr\u00e8s avoir publiquement soutenu l&rsquo;utilisation des forces arm\u00e9es russes sur le territoire ukrainien \u00bb, a-t-il d\u00e9clar\u00e9.<\/p>\n<p>Tikhyi a appel\u00e9 les participants \u00e0 la conf\u00e9rence de Gen\u00e8ve \u00e0 ne pas serrer la main de Matvienko, \u00ab qui est couverte du sang des Ukrainiens \u00bb.<\/p>\n<p>\u00ab Nous continuerons \u00e0 travailler sans rel\u00e2che pour que Valentina Matvienko obtienne ce qu&rsquo;elle m\u00e9rite vraiment, \u00e0 savoir un voyage \u00e0 La Haye, o\u00f9 le Tribunal sp\u00e9cial charg\u00e9 de juger le crime d&rsquo;agression contre l&rsquo;Ukraine commencera bient\u00f4t ses travaux \u00bb, a conclu le porte-parole du minist\u00e8re des Affaires \u00e9trang\u00e8res.<\/p>\n<p>La Verkhovna Rada (le Parlement ukrainien) a appel\u00e9 ses partenaires \u00e0 boycotter les \u00e9v\u00e9nements auxquels participe la d\u00e9l\u00e9gation russe.<\/p>\n<p>La vice-pr\u00e9sidente de la Rada, Olena Kondratiuk, qui repr\u00e9sente l&rsquo;Ukraine \u00e0 la conf\u00e9rence, <a href=\"https:\/\/www.facebook.com\/reel\/1221193883088816\" target=\"_blank\" rel=\"noreferrer noopener\">a appel\u00e9 les autres pr\u00e9sidents de parlement<\/a> \u00e0 \u00e9viter toute interaction avec Matvienko.<\/p>\n<p>La vice-pr\u00e9sidente a ajout\u00e9 qu&rsquo;elle \u00e9tait choqu\u00e9e par la pr\u00e9sence de la d\u00e9l\u00e9gation russe :  \u00ab J&rsquo;appelle les participants \u00e0 la conf\u00e9rence des pr\u00e9sidents \u00e0 boycotter toute manifestation publique \u00e0 laquelle participe cette criminelle internationale qu&rsquo;est Matvienko. Toute photo commune ou poign\u00e9e de main avec elle signifie se ranger du c\u00f4t\u00e9 de l&rsquo;agresseur. Et cela sera forc\u00e9ment utilis\u00e9 par la propagande russe pour justifier les crimes de la F\u00e9d\u00e9ration de Russie&#8230; Nous ne pouvons pas permettre la pr\u00e9sence honteuse de criminels sans r\u00e9agir. Les personnes sanctionn\u00e9es ne peuvent pas se rendre tranquillement \u00e0 des r\u00e9unions internationales ! Elles ne peuvent pas diffuser leurs discours sur les plateformes les plus repr\u00e9sentatives. Quel est alors le sens des sanctions ? \u00bb.<\/p>\n<p>Kondratyuk a indiqu\u00e9 que, pour sa part, elle pr\u00e9voyait de parler lors de cet \u00e9v\u00e9nement de ce que vit l&rsquo;Ukraine en temps de guerre, de rappeler les enfants enlev\u00e9s par la Russie et d&rsquo;appeler \u00e0 un renforcement de la politique de sanctions.<\/p>\n<p>Le m\u00eame son de cloche chez l&rsquo;opposition russe et les utilisateurs de r\u00e9seaux sociaux<\/p>\n<p>Le FBK (Fond de la lutte contre la corruption, du feu Alexe\u00ef Navalny) a qualifi\u00e9 la visite de Matvienko de \u00ab <a href=\"https:\/\/x.com\/teamnavalny\/status\/1949762210093244775\" target=\"_blank\" rel=\"noreferrer\">lev\u00e9e insidieuse et r\u00e9pugnante des sanctions<\/a> \u00bb et a exprim\u00e9 sa crainte que ce voyage ne cr\u00e9e un pr\u00e9c\u00e9dent qui \u00ab r\u00e9duirait \u00e0 n\u00e9ant \u00bb tous les efforts visant \u00e0 faire pression sur le r\u00e9gime de Vladimir Poutine : \u00ab La logique est simple : si on l&rsquo;a laiss\u00e9 entrer en Europe une fois, pourquoi ne pas le laisser entrer la prochaine fois ? \u00bb \u00ab Celle qui a pris la d\u00e9cision d&rsquo;envahir l&rsquo;Ukraine [en tant que membre du Conseil de s\u00e9curit\u00e9 de la F\u00e9d\u00e9ration de Russie] s&rsquo;est rendue \u00e0 Gen\u00e8ve. Quelle honte \u00bb, a \u00e9crit, pour sa part, Ivan Jdanov, directeur du FBK.<\/p>\n<p>Les utilisateurs russes des r\u00e9seaux sociaux \u00e9galement n&rsquo;ont pas \u00e9t\u00e9 tendres avec les organisateurs de la conf\u00e9rence. Selon <a href=\"https:\/\/www.facebook.com\/adagamov\/posts\/pfbid02MNVYU37zsXYbjKrrtsrLbCxskC5LqmWmFSB2yjD8HvcMQLCMaZJ1JjRxzoyvaqgil\" target=\"_blank\" rel=\"noreferrer noopener\">le blogueur populaire Roustem Adagamov<\/a>, \u00ab\u00a0c&rsquo;est exactement ce dont r\u00eave le Kremlin : la normalisation du r\u00e9gime criminel de Poutine gr\u00e2ce aux m\u00e9canismes du \u00ab dialogue international \u00bb. Les repr\u00e9sentants d&rsquo;un pouvoir qui d\u00e9truit la d\u00e9mocratie dans leur propre pays et qui a d\u00e9clench\u00e9 la plus grande guerre en Europe depuis la Seconde Guerre mondiale continuent de se l\u00e9gitimer en tant que \u00ab partenaires de coop\u00e9ration parlementaire \u00bb\u00a0\u00bb . <\/p>\n<p>Les r\u00e9seaux sociaux ont \u00e9galement rappel\u00e9 les menaces prof\u00e9r\u00e9es par les membres de la d\u00e9l\u00e9gation \u00e0 l&rsquo;encontre de l&rsquo;Occident, en particulier la menace de Piotr Tolsto\u00ef de \u00ab d\u00e9truire ces humanistes europ\u00e9ens au napalm \u00bb.<\/p>\n<p>Finalement, les utilisateurs pointent les liens d&rsquo;apparence \u00e9troites entre la pr\u00e9sidente de l&rsquo;Union interparlementaire (UIP), Dr Tulia Ackson, \u00e0 l&rsquo;origine de la conf\u00e9rence actuelle, et la Russie : Ackson a <a href=\"https:\/\/dailynews.co.tz\/dr-tulia-my-visits-in-russia-align-with-ipus-mission\/\" target=\"_blank\" rel=\"noreferrer noopener\">visit\u00e9 le pays en 2024 <\/a>en rencontrant le pr\u00e9sident Poutine et Matvienko, entre autres.<\/p>\n<p>Les membres de la soci\u00e9t\u00e9 civile russe en Suisse ont lanc\u00e9 <a href=\"https:\/\/docs.google.com\/document\/d\/1Zmtd4Qrm2bLbDoofqFtSTaIzhhGWwU7NN2LbJ2KqzVQ\/\" target=\"_blank\" rel=\"noreferrer noopener\">une p\u00e9tition <\/a>demandant de ne plus autoriser les personnes sous le coup des sanctions \u00e0 acc\u00e9der aux plateformes internationales et d&rsquo;enqu\u00eater sur les raisons pour lesquelles elles ont \u00e9t\u00e9 autoris\u00e9es \u00e0 entrer en Suisse. <\/p>\n<p>Une manifestation est \u00e9galement pr\u00e9vue ce mardi soir en face du b\u00e2timent de l&rsquo;ONU Place des Nations \u00e0 Gen\u00e8ve. <\/p>\n","protected":false},"excerpt":{"rendered":"PUBLICIT\u00c9 Une possibilit\u00e9 de dialogue pour certains&#8230; une insidieuse lev\u00e9e des sanctions contre la Russie, pour d&rsquo;autres. Une&hellip;\n","protected":false},"author":2,"featured_media":282416,"comment_status":"","ping_status":"","sticky":false,"template":"","format":"standard","meta":{"footnotes":""},"categories":[1591],"tags":[11,1887,131,3482,2025,12,1885,1886,132,7185],"class_list":{"0":"post-282415","1":"post","2":"type-post","3":"status-publish","4":"format-standard","5":"has-post-thumbnail","7":"category-russie","8":"tag-actualites","9":"tag-federation-de-russie","10":"tag-guerre-en-ukraine","11":"tag-guerre-russie-ukraine","12":"tag-invasion-de-la-russie-en-ukraine","13":"tag-news","14":"tag-russia","15":"tag-russian-federation","16":"tag-russie","17":"tag-sanctions"},"share_on_mastodon":{"url":"https:\/\/pubeurope.com\/@fr\/114937764514543601","error":""},"_links":{"self":[{"href":"https:\/\/www.europesays.com\/fr\/wp-json\/wp\/v2\/posts\/282415","targetHints":{"allow":["GET"]}}],"collection":[{"href":"https:\/\/www.europesays.com\/fr\/wp-json\/wp\/v2\/posts"}],"about":[{"href":"https:\/\/www.europesays.com\/fr\/wp-json\/wp\/v2\/types\/post"}],"author":[{"embeddable":true,"href":"https:\/\/www.europesays.com\/fr\/wp-json\/wp\/v2\/users\/2"}],"replies":[{"embeddable":true,"href":"https:\/\/www.europesays.com\/fr\/wp-json\/wp\/v2\/comments?post=282415"}],"version-history":[{"count":0,"href":"https:\/\/www.europesays.com\/fr\/wp-json\/wp\/v2\/posts\/282415\/revisions"}],"wp:featuredmedia":[{"embeddable":true,"href":"https:\/\/www.europesays.com\/fr\/wp-json\/wp\/v2\/media\/282416"}],"wp:attachment":[{"href":"https:\/\/www.europesays.com\/fr\/wp-json\/wp\/v2\/media?parent=282415"}],"wp:term":[{"taxonomy":"category","embeddable":true,"href":"https:\/\/www.europesays.com\/fr\/wp-json\/wp\/v2\/categories?post=282415"},{"taxonomy":"post_tag","embeddable":true,"href":"https:\/\/www.europesays.com\/fr\/wp-json\/wp\/v2\/tags?post=282415"}],"curies":[{"name":"wp","href":"https:\/\/api.w.org\/{rel}","templated":true}]}}