{"id":282419,"date":"2025-07-29T17:45:11","date_gmt":"2025-07-29T17:45:11","guid":{"rendered":"https:\/\/www.europesays.com\/fr\/282419\/"},"modified":"2025-07-29T17:45:11","modified_gmt":"2025-07-29T17:45:11","slug":"usa-megafusion-dans-le-fret-ferroviaire-pour-contrer-lemergence-du-transport-routier","status":"publish","type":"post","link":"https:\/\/www.europesays.com\/fr\/282419\/","title":{"rendered":"USA: m\u00e9gafusion dans le fret ferroviaire pour contrer l&rsquo;\u00e9mergence du transport routier"},"content":{"rendered":"<p class=\"ap-StoryElement ap-StoryElement--mb ap-StoryText\">Les deux compagnies ont dit mardi tabler sur une finalisation de leur union d\u00e9but 2027.<\/p>\n<p class=\"ap-StoryElement ap-StoryElement--mb ap-StoryText\">Ce mariage raccorde le r\u00e9seau de Norfolk Southern, concentr\u00e9 dans le tiers est du pays, \u00e0 celui d&rsquo;Union Pacific, qui couvre les deux autres tiers jusqu&rsquo;\u00e0 la c\u00f4t\u00e9 pacifique.<\/p>\n<p class=\"ap-StoryElement ap-StoryElement--mb ap-StoryText\">L&rsquo;ensemble comptera plus de 80.000 km de rails, r\u00e9partis dans 43 Etats.<\/p>\n<p class=\"ap-StoryElement ap-StoryElement--mb ap-StoryText\">\u00ab\u00a0Cette industrie souffre d&rsquo;une contraction depuis deux d\u00e9cennies\u00a0\u00bb, a comment\u00e9 le directeur g\u00e9n\u00e9ral de Norfolk Southern, Mark George, lors de la conf\u00e9rence t\u00e9l\u00e9phonique.<\/p>\n<p class=\"ap-StoryElement ap-StoryElement--mb ap-StoryText\">La proportion de marchandises achemin\u00e9es par rail est ainsi pass\u00e9 de plus de 14% \u00e0 6% entre 1998 et 2022, selon des chiffres du minist\u00e8re am\u00e9ricain des Transports.<\/p>\n<p class=\"ap-StoryElement ap-StoryElement--mb ap-StoryText\">\u00ab\u00a0Nous avons abandonn\u00e9 des parts de march\u00e9 aux camions, et ceci (la fusion) est un moyen de renverser cette tendance\u00a0\u00bb, a estim\u00e9 Mark George.<\/p>\n<p class=\"ap-StoryElement ap-StoryElement--mb ap-StoryText\">L&rsquo;entit\u00e9 fusionn\u00e9e d\u00e9passerait le n\u00b01 actuel du fret ferroviaire, BNSF, contr\u00f4l\u00e9 par la holding de Warren Buffett, Berkshire Hathaway, depuis 2009.<\/p>\n","protected":false},"excerpt":{"rendered":"Les deux compagnies ont dit mardi tabler sur une finalisation de leur union d\u00e9but 2027. Ce mariage raccorde&hellip;\n","protected":false},"author":2,"featured_media":25030,"comment_status":"","ping_status":"","sticky":false,"template":"","format":"standard","meta":{"footnotes":""},"categories":[1589],"tags":[11,313,73,1866,8390,12,2803,1864,1865,1863,308],"class_list":{"0":"post-282419","1":"post","2":"type-post","3":"status-publish","4":"format-standard","5":"has-post-thumbnail","7":"category-etats-unis","8":"tag-actualites","9":"tag-entreprises","10":"tag-etats-unis","11":"tag-etats-unis-damerique","12":"tag-ferroviaire","13":"tag-news","14":"tag-transport","15":"tag-united-states","16":"tag-united-states-of-america","17":"tag-us","18":"tag-usa"},"share_on_mastodon":{"url":"https:\/\/pubeurope.com\/@fr\/114937772342562106","error":""},"_links":{"self":[{"href":"https:\/\/www.europesays.com\/fr\/wp-json\/wp\/v2\/posts\/282419","targetHints":{"allow":["GET"]}}],"collection":[{"href":"https:\/\/www.europesays.com\/fr\/wp-json\/wp\/v2\/posts"}],"about":[{"href":"https:\/\/www.europesays.com\/fr\/wp-json\/wp\/v2\/types\/post"}],"author":[{"embeddable":true,"href":"https:\/\/www.europesays.com\/fr\/wp-json\/wp\/v2\/users\/2"}],"replies":[{"embeddable":true,"href":"https:\/\/www.europesays.com\/fr\/wp-json\/wp\/v2\/comments?post=282419"}],"version-history":[{"count":0,"href":"https:\/\/www.europesays.com\/fr\/wp-json\/wp\/v2\/posts\/282419\/revisions"}],"wp:featuredmedia":[{"embeddable":true,"href":"https:\/\/www.europesays.com\/fr\/wp-json\/wp\/v2\/media\/25030"}],"wp:attachment":[{"href":"https:\/\/www.europesays.com\/fr\/wp-json\/wp\/v2\/media?parent=282419"}],"wp:term":[{"taxonomy":"category","embeddable":true,"href":"https:\/\/www.europesays.com\/fr\/wp-json\/wp\/v2\/categories?post=282419"},{"taxonomy":"post_tag","embeddable":true,"href":"https:\/\/www.europesays.com\/fr\/wp-json\/wp\/v2\/tags?post=282419"}],"curies":[{"name":"wp","href":"https:\/\/api.w.org\/{rel}","templated":true}]}}