{"id":28242,"date":"2025-04-16T02:59:13","date_gmt":"2025-04-16T02:59:13","guid":{"rendered":"https:\/\/www.europesays.com\/fr\/28242\/"},"modified":"2025-04-16T02:59:13","modified_gmt":"2025-04-16T02:59:13","slug":"le-tvb-frappe-un-grand-coup-contre-le-leader-robinsonnais","status":"publish","type":"post","link":"https:\/\/www.europesays.com\/fr\/28242\/","title":{"rendered":"le TVB frappe un grand coup contre le leader robinsonnais"},"content":{"rendered":"<p><strong>Tours\u00a0VB\u00a0&#8211; Plessis-Robinson\u00a0VB\u00a0: 3-1<\/strong><\/p>\n<p>Pour la derni\u00e8re \u00e0 la maison de la saison, ce dimanche, l\u2019\u00e9quipe avenir du TVB s\u2019est accroch\u00e9e contre les leaders de la poule. Quatre manches tr\u00e8s disput\u00e9es et dans lesquelles le service a eu un r\u00f4le primordial.<\/p>\n<p>Les locaux perdent en grande partie le premier set \u00e0 cause d\u2019un nombre de points offerts trop important \u00e0 l\u2019engagement. Un secteur du jeu o\u00f9 tout s\u2019est am\u00e9lior\u00e9 au fur et \u00e0 mesure de la rencontre pour les Tourangeaux.<\/p>\n<p>Le TVB fait la diff\u00e9rence en fin de sets<\/p>\n<p>Au-del\u00e0 de cela, au niveau de l\u2019envie, du s\u00e9rieux et de l\u2019implication, le TVB a su faire les efforts qu\u2019il fallait, tandis que les visiteurs se sont rel\u00e2ch\u00e9s trop vite apr\u00e8s la prise du premier set (23-25). Une intensit\u00e9 qu\u2019ils n\u2019ont jamais su retrouver. Tous ces \u00e9l\u00e9ments ont trouv\u00e9 leur importance dans les fins de sets o\u00f9 quand il fallait serrer le jeu, le TVB passait quasiment toujours devant (26-24, 25-20, 25-21).<\/p>\n<p>En apr\u00e8s-match, Thomas Royer, coach du TVB a beaucoup insist\u00e9 l\u00e0-dessus\u00a0: \u00ab On savait qu\u2019il y avait l\u2019un des centraux sur lesquels on pouvait jouer beaucoup autour. On a beaucoup mieux servi au fil du match donc derri\u00e8re, on leur a mis une grosse pression qui nous a facilit\u00e9 la t\u00e2che. Et je pense que les gar\u00e7ons avaient une vraie envie de finir avec une victoire \u00e0 la maison.\u00a0\u00bb<\/p>\n<p>Objectif podium<\/p>\n<p>D\u00e9sormais, place aux play-offs pour le Tours Volley-Ball pendant lesquels les objectifs sont \u00e9lev\u00e9s avec un podium attendu\u00a0: \u00ab\u00a0C\u2019est une finale sur quatre jours. On ira l\u00e0-bas pour aller chercher un podium\u00a0\u00bb, annonce l\u2019entra\u00eeneur.<\/p>\n<p><strong>Les sets\u00a0:<\/strong> 23-25, 26-24, 25-20, 25-21.<\/p>\n","protected":false},"excerpt":{"rendered":"Tours\u00a0VB\u00a0&#8211; Plessis-Robinson\u00a0VB\u00a0: 3-1 Pour la derni\u00e8re \u00e0 la maison de la saison, ce dimanche, l\u2019\u00e9quipe avenir du TVB&hellip;\n","protected":false},"author":2,"featured_media":28243,"comment_status":"","ping_status":"","sticky":false,"template":"","format":"standard","meta":{"footnotes":""},"categories":[1417],"tags":[1011,27,1387,9915,60,1390,1470,1469],"class_list":{"0":"post-28242","1":"post","2":"type-post","3":"status-publish","4":"format-standard","5":"has-post-thumbnail","7":"category-volley","8":"tag-fr","9":"tag-france","10":"tag-indre-et-loire","11":"tag-nationaux-volley","12":"tag-sports","13":"tag-tours","14":"tag-volley","15":"tag-volleyball"},"share_on_mastodon":{"url":"https:\/\/pubeurope.com\/@fr\/114345408162985061","error":""},"_links":{"self":[{"href":"https:\/\/www.europesays.com\/fr\/wp-json\/wp\/v2\/posts\/28242","targetHints":{"allow":["GET"]}}],"collection":[{"href":"https:\/\/www.europesays.com\/fr\/wp-json\/wp\/v2\/posts"}],"about":[{"href":"https:\/\/www.europesays.com\/fr\/wp-json\/wp\/v2\/types\/post"}],"author":[{"embeddable":true,"href":"https:\/\/www.europesays.com\/fr\/wp-json\/wp\/v2\/users\/2"}],"replies":[{"embeddable":true,"href":"https:\/\/www.europesays.com\/fr\/wp-json\/wp\/v2\/comments?post=28242"}],"version-history":[{"count":0,"href":"https:\/\/www.europesays.com\/fr\/wp-json\/wp\/v2\/posts\/28242\/revisions"}],"wp:featuredmedia":[{"embeddable":true,"href":"https:\/\/www.europesays.com\/fr\/wp-json\/wp\/v2\/media\/28243"}],"wp:attachment":[{"href":"https:\/\/www.europesays.com\/fr\/wp-json\/wp\/v2\/media?parent=28242"}],"wp:term":[{"taxonomy":"category","embeddable":true,"href":"https:\/\/www.europesays.com\/fr\/wp-json\/wp\/v2\/categories?post=28242"},{"taxonomy":"post_tag","embeddable":true,"href":"https:\/\/www.europesays.com\/fr\/wp-json\/wp\/v2\/tags?post=28242"}],"curies":[{"name":"wp","href":"https:\/\/api.w.org\/{rel}","templated":true}]}}