{"id":282420,"date":"2025-07-29T17:46:10","date_gmt":"2025-07-29T17:46:10","guid":{"rendered":"https:\/\/www.europesays.com\/fr\/282420\/"},"modified":"2025-07-29T17:46:10","modified_gmt":"2025-07-29T17:46:10","slug":"au-royaume-uni-le-spectre-de-nouvelles-emeutes-antimigrants-ressurgit","status":"publish","type":"post","link":"https:\/\/www.europesays.com\/fr\/282420\/","title":{"rendered":"au Royaume-Uni, le spectre de nouvelles \u00e9meutes antimigrants ressurgit"},"content":{"rendered":"<p><strong>D\u00c9CRYPTAGE &#8211;<\/strong> De nouvelles manifestations ont lieu dans la banlieue de Londres contre l\u2019h\u00e9bergement de demandeurs d\u2019asile dans un h\u00f4tel. Depuis les \u00e9meutes de l\u2019\u00e9t\u00e9 2024, la col\u00e8re couve toujours.<\/p>\n<p class=\"fig-paragraph\">Dans cette petite ville de la banlieue londonienne d\u2019Epping habituellement sans histoire, deux foules se sont fait face dimanche pr\u00e8s du Bell Hotel, h\u00e9bergeant des demandeurs d\u2019asile. D\u2019un c\u00f4t\u00e9, des manifestants hostiles \u00e0 l\u2019accueil des migrants. De l\u2019autre, un rassemblement initi\u00e9 par des associations antiracistes o\u00f9 les participants ont brandi des pancartes sur lesquelles \u00e9tait \u00e9crit \u00abL\u2019extr\u00eame droite n\u2019est pas la bienvenue \u00e0 Epping\u00bb et cri\u00e9 des slogans comme \u00abLes r\u00e9fugi\u00e9s sont les bienvenus ici\u00bb. Les deux manifestations ont \u00e9t\u00e9 minutieusement cloisonn\u00e9es par un dispositif policier particuli\u00e8rement cons\u00e9quent.<\/p>\n<p class=\"fig-paragraph\">Depuis plus 15 jours,\u00a0<a href=\"http:\/\/www.lefigaro.fr\/international\/renvoyez-les-chez-eux-nouvelles-tensions-en-angleterre-lors-d-un-rassemblement-devant-un-hotel-hebergeant-des-demandeurs-d-asile-20250721\" data-fig-type=\"NewsFlash\" data-gtm-custom-categorie=\"navigation\" data-gtm-custom-action=\"crossclick\" data-gtm-custom-label=\"Contextuel\" data-gtm-event=\"customEventSPE\" data-fig-domain=\"LEFIGARO\" rel=\"nofollow noopener\" target=\"_blank\">plusieurs manifestations anti-immigration<\/a>\u00a0ont eu lieu dans le pays. Elles ont commenc\u00e9 apr\u00e8s la mise en examen d\u00e9but juillet d\u2019un des r\u00e9sidents \u00e9thiopiens du Bell Hotel \u00e0 Epping, \u00e2g\u00e9 de 38 ans, accus\u00e9 d\u2019agressions sexuelles. Il aurait notamment tent\u00e9 d\u2019embrasser une adolescente de 14 ans et sera jug\u00e9 le mois prochain.<\/p>\n<p class=\"fig-paragraph\">La semaine derni\u00e8re, plusieurs rassemblements\u2026<\/p>\n<p class=\"fig-premium-paywall__infos\">\n        Cet article est r\u00e9serv\u00e9 aux abonn\u00e9s.        Il vous reste 84% \u00e0 d\u00e9couvrir.\n    <\/p>\n<p>                <img  data- alt=\"Le Figaro\" class=\"fig-img--complete fig-img\"\/><\/p>\n<p class=\"fig-premium-paywall__title\">Vous avez envie de lire la suite ?<\/p>\n<p class=\"fig-premium-paywall__subtitle\">D\u00e9bloquez tous les articles imm\u00e9diatement.<\/p>\n<p class=\"fig-premium-paywall__connect\">\n                D\u00e9j\u00e0 abonn\u00e9\u00a0?                <a class=\"fig-premium-paywall__connect-link\" href=\"https:\/\/connect.lefigaro.fr\/login?client=horizon_web&amp;type=main&amp;redirect_uri=https%3A%2F%2Fwww.lefigaro.fr%2Finternational%2Frien-n-a-vraiment-change-au-royaume-uni-le-spectre-de-nouvelles-emeutes-antimigrants-ressurgit-20250729\" data-js-gtm=\"{&quot;customCategorie&quot;: &quot;conversion&quot;, &quot;customAction&quot;: &quot;before_Landing_Connexion_paywall_auto&quot;, &quot;customLabel&quot;: &quot;bGVmaWdhcm8uZnJfXzFmMDZjNTYxLTI4ZTEtNjcwMi1iMDhjLWNkZjUxNDE4NWQwMF9fQXJ0aWNsZQ==_\u00abRien n\u2019a vraiment chang\u00e9\u00bb\u00a0: au Royaume-Uni, le spectre de nouvelles \u00e9meutes antimigrants ressurgit_40&quot;, &quot;customIDSPE&quot;: &quot;bGVmaWdhcm8uZnJfXzFmMDZjNTYxLTI4ZTEtNjcwMi1iMDhjLWNkZjUxNDE4NWQwMF9fQXJ0aWNsZQ==&quot;, &quot;event&quot;: &quot;customEventSPE&quot;}\" rel=\"nofollow noopener\" target=\"_blank\"><br \/>\n                    Connectez-vous<br \/>\n                <\/a>\n            <\/p>\n","protected":false},"excerpt":{"rendered":"D\u00c9CRYPTAGE &#8211; De nouvelles manifestations ont lieu dans la banlieue de Londres contre l\u2019h\u00e9bergement de demandeurs d\u2019asile dans&hellip;\n","protected":false},"author":2,"featured_media":282421,"comment_status":"","ping_status":"","sticky":false,"template":"","format":"standard","meta":{"footnotes":""},"categories":[1588],"tags":[11,1777,674,1251,12,473,1853,1851,1850,1852],"class_list":{"0":"post-282420","1":"post","2":"type-post","3":"status-publish","4":"format-standard","5":"has-post-thumbnail","7":"category-royaume-uni","8":"tag-actualites","9":"tag-eu","10":"tag-europe","11":"tag-migrants","12":"tag-news","13":"tag-royaume-uni","14":"tag-royaume-uni-de-grande-bretagne-et-dirlande-du-nord","15":"tag-uk","16":"tag-united-kingdom","17":"tag-united-kingdom-of-great-britain-and-northern-ireland"},"share_on_mastodon":{"url":"https:\/\/pubeurope.com\/@fr\/114937776303603655","error":""},"_links":{"self":[{"href":"https:\/\/www.europesays.com\/fr\/wp-json\/wp\/v2\/posts\/282420","targetHints":{"allow":["GET"]}}],"collection":[{"href":"https:\/\/www.europesays.com\/fr\/wp-json\/wp\/v2\/posts"}],"about":[{"href":"https:\/\/www.europesays.com\/fr\/wp-json\/wp\/v2\/types\/post"}],"author":[{"embeddable":true,"href":"https:\/\/www.europesays.com\/fr\/wp-json\/wp\/v2\/users\/2"}],"replies":[{"embeddable":true,"href":"https:\/\/www.europesays.com\/fr\/wp-json\/wp\/v2\/comments?post=282420"}],"version-history":[{"count":0,"href":"https:\/\/www.europesays.com\/fr\/wp-json\/wp\/v2\/posts\/282420\/revisions"}],"wp:featuredmedia":[{"embeddable":true,"href":"https:\/\/www.europesays.com\/fr\/wp-json\/wp\/v2\/media\/282421"}],"wp:attachment":[{"href":"https:\/\/www.europesays.com\/fr\/wp-json\/wp\/v2\/media?parent=282420"}],"wp:term":[{"taxonomy":"category","embeddable":true,"href":"https:\/\/www.europesays.com\/fr\/wp-json\/wp\/v2\/categories?post=282420"},{"taxonomy":"post_tag","embeddable":true,"href":"https:\/\/www.europesays.com\/fr\/wp-json\/wp\/v2\/tags?post=282420"}],"curies":[{"name":"wp","href":"https:\/\/api.w.org\/{rel}","templated":true}]}}