{"id":282422,"date":"2025-07-29T17:47:12","date_gmt":"2025-07-29T17:47:12","guid":{"rendered":"https:\/\/www.europesays.com\/fr\/282422\/"},"modified":"2025-07-29T17:47:12","modified_gmt":"2025-07-29T17:47:12","slug":"le-maillot-de-lallemagne-pour-la-coupe-du-monde-2026-a-fuite-et-il-est-exceptionnel","status":"publish","type":"post","link":"https:\/\/www.europesays.com\/fr\/282422\/","title":{"rendered":"Le maillot de l&rsquo;Allemagne pour la Coupe du monde 2026 a fuit\u00e9 et il est exceptionnel"},"content":{"rendered":"<p class=\"tagStyle_z4kqwb-o_O-style_1tcxgp3-o_O-style_1pinbx1-o_O-style_48hmcm\" data-mm-id=\"_ljy3xsc41\"><strong>\u00c0 l\u2019approche de la Coupe du monde 2026, la s\u00e9lection allemande de football a d\u00e9voil\u00e9 son nouveau maillot domicile, con\u00e7u comme toujours par l\u2019\u00e9quipementier historique Adidas. Fid\u00e8le \u00e0 une certaine tradition, le design se veut sobre, \u00e9l\u00e9gant et profond\u00e9ment ancr\u00e9 dans l\u2019identit\u00e9 allemande.<\/strong><\/p>\n<p class=\"tagStyle_z4kqwb-o_O-style_1tcxgp3-o_O-style_1pinbx1-o_O-style_48hmcm\" data-mm-id=\"_fl7a43qgh\">Le produit final a \u00e9t\u00e9 d\u00e9voil\u00e9 par Opaleak. Le maillot arbore une dominante blanche, couleur embl\u00e9matique de la Mannschaft, avec des d\u00e9tails noirs, rouges et dor\u00e9s rappelant le drapeau national. Le torse est marqu\u00e9 par les trois bandes caract\u00e9ristiques d\u2019Adidas aux couleurs allemandes. Les \u00e9paules elles apparaissent cette fois en noir, contrastant harmonieusement avec le tissu blanch\u00e2tre. Le col est assez novateur et risque de se retrouver dans toutes les tuniques Adidas.<\/p>\n<blockquote class=\"twitter-tweet\">\n<p lang=\"en\" dir=\"ltr\">\ud83d\udca5 Germany x adidas \ud83d\udca5<\/p>\n<p>\ud83c\udde9\ud83c\uddea New 2026 World Cup Home Kit! <a href=\"https:\/\/t.co\/u2VMAPQFCd\" rel=\"nofollow\">pic.twitter.com\/u2VMAPQFCd<\/a><\/p>\n<p>\u2014 Opaleak (@opaleak) <a href=\"https:\/\/twitter.com\/opaleak\/status\/1949959210050933045?ref_src=twsrc%5Etfw\" rel=\"nofollow noopener\" target=\"_blank\">July 28, 2025<\/a><\/p><\/blockquote>\n<p class=\"tagStyle_z4kqwb-o_O-style_1tcxgp3-o_O-style_1pinbx1-o_O-style_48hmcm\" data-mm-id=\"_3tgws21jn\">Ce nouveau maillot ne cherche pas \u00e0 r\u00e9volutionner l\u2019image de l\u2019\u00e9quipe, mais plut\u00f4t \u00e0 honorer son h\u00e9ritage. Apr\u00e8s plusieurs ann\u00e9es d\u2019exp\u00e9rimentations stylistiques, Adidas semble faire le choix du retour \u00e0 l\u2019essentiel, misant sur la sobri\u00e9t\u00e9 et le prestige de la tradition allemande.<\/p>\n<p class=\"tagStyle_z4kqwb-o_O-style_1tcxgp3-o_O-style_1pinbx1-o_O-style_48hmcm\" data-mm-id=\"_ab8sbjsgh\">Du c\u00f4t\u00e9 des supporters comme des observateurs, les premi\u00e8res r\u00e9actions sont globalement positives. Beaucoup saluent une approche \u00ab\u00a0classique mais efficace\u00a0\u00bb, \u00e0 l\u2019image du football que l\u2019Allemagne cherche \u00e0 d\u00e9velopper en vue du Mondial nord-am\u00e9ricain.<\/p>\n<p class=\"tagStyle_z4kqwb-o_O-style_1tcxgp3-o_O-style_1pinbx1-o_O-style_48hmcm\" data-mm-id=\"_d0jehkzih\">Avec ce maillot, la Mannschaft esp\u00e8re \u00e9crire un nouveau chapitre de son histoire sur la sc\u00e8ne internationale, en misant sur les valeurs de rigueur, d\u2019\u00e9l\u00e9gance et d\u2019identit\u00e9 nationale.<\/p>\n<p class=\"tagStyle_z4kqwb-o_O-style_1tcxgp3-o_O-style_1pinbx1-o_O-style_48hmcm\" data-mm-id=\"_z31o0k4q4\"><strong>RETROUVEZ LES DERNI\u00c8RES ACTUS LES PLUS CHAUDES, LES RUMEURS DE TRANSFERTS ET LES DERNI\u00c8RES NEWS<\/strong><\/p>\n<p><script async src=\"https:\/\/platform.twitter.com\/widgets.js\" charset=\"utf-8\"><\/script><\/p>\n","protected":false},"excerpt":{"rendered":"\u00c0 l\u2019approche de la Coupe du monde 2026, la s\u00e9lection allemande de football a d\u00e9voil\u00e9 son nouveau maillot&hellip;\n","protected":false},"author":2,"featured_media":282423,"comment_status":"","ping_status":"","sticky":false,"template":"","format":"standard","meta":{"footnotes":""},"categories":[1587],"tags":[11,672,1804,1805,1803,1777,674,1801,12,1802],"class_list":{"0":"post-282422","1":"post","2":"type-post","3":"status-publish","4":"format-standard","5":"has-post-thumbnail","7":"category-allemagne","8":"tag-actualites","9":"tag-allemagne","10":"tag-bundesrepublik-deutschland","11":"tag-de","12":"tag-deutschland","13":"tag-eu","14":"tag-europe","15":"tag-germany","16":"tag-news","17":"tag-republique-federale-dallemagne"},"share_on_mastodon":{"url":"https:\/\/pubeurope.com\/@fr\/114937780188203520","error":""},"_links":{"self":[{"href":"https:\/\/www.europesays.com\/fr\/wp-json\/wp\/v2\/posts\/282422","targetHints":{"allow":["GET"]}}],"collection":[{"href":"https:\/\/www.europesays.com\/fr\/wp-json\/wp\/v2\/posts"}],"about":[{"href":"https:\/\/www.europesays.com\/fr\/wp-json\/wp\/v2\/types\/post"}],"author":[{"embeddable":true,"href":"https:\/\/www.europesays.com\/fr\/wp-json\/wp\/v2\/users\/2"}],"replies":[{"embeddable":true,"href":"https:\/\/www.europesays.com\/fr\/wp-json\/wp\/v2\/comments?post=282422"}],"version-history":[{"count":0,"href":"https:\/\/www.europesays.com\/fr\/wp-json\/wp\/v2\/posts\/282422\/revisions"}],"wp:featuredmedia":[{"embeddable":true,"href":"https:\/\/www.europesays.com\/fr\/wp-json\/wp\/v2\/media\/282423"}],"wp:attachment":[{"href":"https:\/\/www.europesays.com\/fr\/wp-json\/wp\/v2\/media?parent=282422"}],"wp:term":[{"taxonomy":"category","embeddable":true,"href":"https:\/\/www.europesays.com\/fr\/wp-json\/wp\/v2\/categories?post=282422"},{"taxonomy":"post_tag","embeddable":true,"href":"https:\/\/www.europesays.com\/fr\/wp-json\/wp\/v2\/tags?post=282422"}],"curies":[{"name":"wp","href":"https:\/\/api.w.org\/{rel}","templated":true}]}}