{"id":282424,"date":"2025-07-29T17:48:13","date_gmt":"2025-07-29T17:48:13","guid":{"rendered":"https:\/\/www.europesays.com\/fr\/282424\/"},"modified":"2025-07-29T17:48:13","modified_gmt":"2025-07-29T17:48:13","slug":"entre-robots-et-tarifs-douaniers-leurope-declassee","status":"publish","type":"post","link":"https:\/\/www.europesays.com\/fr\/282424\/","title":{"rendered":"Entre robots et tarifs douaniers, l\u2019Europe d\u00e9class\u00e9e"},"content":{"rendered":"<p class=\"mb-4 text-lg md:leading-8 break-words\">Voil\u00e0 donc l&rsquo;homme qui a mis l&rsquo;Europe \u00e0 genoux\u2026 Ami intime de Donald Trump depuis les ann\u00e9es 1990, Howard Lutnick, milliardaire de 64\u00a0ans, soul\u00e8ve aujourd&rsquo;hui des temp\u00eates sur les march\u00e9s financiers, apr\u00e8s avoir longtemps r\u00e9gn\u00e9 sur Wall Street. Pour le meilleur, il en est convaincu\u00a0: le nouveau secr\u00e9taire am\u00e9ricain au Commerce se per\u00e7oit en \u00ab\u00a0sauveur\u00a0\u00bb des \u00c9tats-Unis, d\u00e9voile la r\u00e9dactrice en chef du service \u00c9conomie Marie Bordet\u00a0<a class=\"link \" href=\"https:\/\/www.lepoint.fr\/economie\/howard-lutnick-le-milliardaire-nostalgique-qui-inspire-trump-dans-sa-guerre-commerciale-29-07-2025-2595325_28.php\" rel=\"nofollow noopener\" target=\"_blank\" data-ylk=\"slk:dans le subtil portrait qu&#039;elle consacre \u00e0 l&#039;influent strat\u00e8ge de la Maison-Blanche;elm:context_link;itc:0;sec:content-canvas\">dans le subtil portrait qu&rsquo;elle consacre \u00e0 l&rsquo;influent strat\u00e8ge de la Maison-Blanche<\/a> \u2013 un authentique requin, qui prend les r\u00eanes de Cantor Fitzgerald en\u00a01983\u00a0\u00e0 seulement 30\u00a0ans, apr\u00e8s une f\u00e9roce bataille juridique. Lutnick porte le poids du survivant.\u00a0658\u00a0de ses employ\u00e9s, dont son fr\u00e8re Gary, sont morts le 11\u00a0septembre\u00a0; lui n&rsquo;a surv\u00e9cu qu&rsquo;en accompagnant son fils \u00e0 l&rsquo;\u00e9cole. L&rsquo;\u00e9pisode l&rsquo;a marqu\u00e9 \u00e0 jamais, entre accusations de cynisme et gestes spectaculaires envers les familles des victimes. Pass\u00e9 par le camp d\u00e9mocrate, soutien d&rsquo;Hillary Clinton en 2016, il s&rsquo;est rapproch\u00e9 de Trump sur l&rsquo;immigration et la fiscalit\u00e9. Sa vision\u00a0? Un retour \u00e0 l&rsquo;Am\u00e9rique de 1900. \u00ab\u00a0Il y a 125\u00a0ans, il n&rsquo;y avait pas d&rsquo;imp\u00f4t sur le revenu. L&rsquo;\u00c9tat vivait uniquement des droits de douane et le pays regorgeait d&rsquo;argent.\u00a0\u00bb Il fait le pari que les tarifs entra\u00eeneront aussi relocalisations\u00a0et emplois. Sa propre fortune, estim\u00e9e \u00e0\u00a03\u00a0milliards, devrait le\u00a0maintenir\u00a0\u00e0 l&rsquo;abri s&rsquo;il se trompe\u2026<\/p>\n<p class=\"mb-4 text-lg md:leading-8 break-words\">\u25ba <strong>REDDITION.<\/strong> En tout cas, dimanche dernier, \u00e0 Turnberry, Lutnick \u00ab\u00a0n&rsquo;aurait [&#8230;] <a href=\"https:\/\/www.lepoint.fr\/actu-du-jour\/entre-robots-et-tarifs-douaniers-l-europe-declassee-29-07-2025-2595407_781.php\" rel=\"nofollow noopener\" target=\"_blank\" data-ylk=\"slk:Lire la suite;elm:context_link;itc:0;sec:content-canvas\" class=\"link \">Lire la suite<\/a><\/p>\n","protected":false},"excerpt":{"rendered":"Voil\u00e0 donc l&rsquo;homme qui a mis l&rsquo;Europe \u00e0 genoux\u2026 Ami intime de Donald Trump depuis les ann\u00e9es 1990,&hellip;\n","protected":false},"author":2,"featured_media":282425,"comment_status":"","ping_status":"","sticky":false,"template":"","format":"standard","meta":{"footnotes":""},"categories":[1586],"tags":[11,42151,42153,75,1777,674,1011,27,42152,1324,12,25],"class_list":{"0":"post-282424","1":"post","2":"type-post","3":"status-publish","4":"format-standard","5":"has-post-thumbnail","7":"category-europe","8":"tag-actualites","9":"tag-ami-intime","10":"tag-cantor-fitzgerald","11":"tag-donald-trump","12":"tag-eu","13":"tag-europe","14":"tag-fr","15":"tag-france","16":"tag-howard-lutnick","17":"tag-la-maison-blanche","18":"tag-news","19":"tag-republique-francaise"},"share_on_mastodon":{"url":"https:\/\/pubeurope.com\/@fr\/114937784183512234","error":""},"_links":{"self":[{"href":"https:\/\/www.europesays.com\/fr\/wp-json\/wp\/v2\/posts\/282424","targetHints":{"allow":["GET"]}}],"collection":[{"href":"https:\/\/www.europesays.com\/fr\/wp-json\/wp\/v2\/posts"}],"about":[{"href":"https:\/\/www.europesays.com\/fr\/wp-json\/wp\/v2\/types\/post"}],"author":[{"embeddable":true,"href":"https:\/\/www.europesays.com\/fr\/wp-json\/wp\/v2\/users\/2"}],"replies":[{"embeddable":true,"href":"https:\/\/www.europesays.com\/fr\/wp-json\/wp\/v2\/comments?post=282424"}],"version-history":[{"count":0,"href":"https:\/\/www.europesays.com\/fr\/wp-json\/wp\/v2\/posts\/282424\/revisions"}],"wp:featuredmedia":[{"embeddable":true,"href":"https:\/\/www.europesays.com\/fr\/wp-json\/wp\/v2\/media\/282425"}],"wp:attachment":[{"href":"https:\/\/www.europesays.com\/fr\/wp-json\/wp\/v2\/media?parent=282424"}],"wp:term":[{"taxonomy":"category","embeddable":true,"href":"https:\/\/www.europesays.com\/fr\/wp-json\/wp\/v2\/categories?post=282424"},{"taxonomy":"post_tag","embeddable":true,"href":"https:\/\/www.europesays.com\/fr\/wp-json\/wp\/v2\/tags?post=282424"}],"curies":[{"name":"wp","href":"https:\/\/api.w.org\/{rel}","templated":true}]}}