{"id":282426,"date":"2025-07-29T17:49:21","date_gmt":"2025-07-29T17:49:21","guid":{"rendered":"https:\/\/www.europesays.com\/fr\/282426\/"},"modified":"2025-07-29T17:49:21","modified_gmt":"2025-07-29T17:49:21","slug":"veronique-rabiot-la-mere-dadrien-rabiot-revient-sur-son-clash-avec-wilfrid-mbappe","status":"publish","type":"post","link":"https:\/\/www.europesays.com\/fr\/282426\/","title":{"rendered":"V\u00e9ronique Rabiot, la m\u00e8re d&rsquo;Adrien Rabiot, revient sur son clash avec Wilfrid Mbapp\u00e9"},"content":{"rendered":"<p>Lors de l&rsquo;\u00e9limination de la France en huiti\u00e8mes de finale de l&rsquo;Euro 2021, V\u00e9ronique Rabiot, la m\u00e8re d&rsquo;Adrien Rabiot, avait \u00e9t\u00e9 accus\u00e9e d&rsquo;avoir pris \u00e0 partie Wilfrid Mabpp\u00e9, le p\u00e8re de Kylian Mbapp\u00e9. Quatre ans plus tard, la m\u00e8re du milieu de terrain est revenue sur cet \u00e9pisode dans un entretien accord\u00e9 \u00e0 L&rsquo;\u00c9quipe. <\/p>\n<p>En 2021, l&rsquo;\u00e9quipe de France de football a \u00e9t\u00e9 \u00e9limin\u00e9e en huiti\u00e8mes de finale de l&rsquo;Euro par la Suisse, apr\u00e8s un penalty rat\u00e9 de Kylian Mbapp\u00e9 lors de la s\u00e9ance de tirs au but. \u00c0 l&rsquo;\u00e9poque, RMC Sport avait r\u00e9v\u00e9l\u00e9 qu&rsquo;une \u00ab\u00a0\u00e9chauffour\u00e9e\u00a0\u00bb aurait \u00e9clat\u00e9 dans les tribunes apr\u00e8s le coup de sifflet final, et rapport\u00e9 que <a href=\"https:\/\/www.programme-tv.net\/news\/sport\/279086-veronique-rabiot-surprise-en-pleine-embrouille-avec-les-proches-de-kylian-mbappe-les-images-devoilees-video\/\" data-api-deeplink=\"teleloisirs:\/\/news\/279086\" target=\"_blank\" rel=\"noopener\">V\u00e9ronique Rabiot, la m\u00e8re d&rsquo;Adrien Rabiot<\/a>, aurait pris \u00e0 partie des membres de la famille de <a href=\"https:\/\/www.programme-tv.net\/biographie\/260373-pogba-paul\/\" data-link-people=\"df3cc003-a5c0-439b-95eb-d1c168fdf549\" target=\"_blank\" rel=\"noopener\">Paul Pogba<\/a>, <a href=\"https:\/\/www.programme-tv.net\/news\/sport\/279055-euro-2021-la-mere-dadrien-rabiot-a-lorigine-dune-altercation-avec-les-familles-de-paul-pogba-et-kylian-mbappe-dans-les-tribunes-de-francesuisse\/\" data-api-deeplink=\"teleloisirs:\/\/news\/279055\" target=\"_blank\" rel=\"noopener\">ainsi que Wilfrid Mbapp\u00e9, le p\u00e8re de Kylian Mbapp\u00e9<\/a>. \u00ab\u00a0La m\u00e8re d\u2019Adrien Rabiot a aussi demand\u00e9 au p\u00e8re de Kylian Mbapp\u00e9 de recadrer son fils et de faire en sorte qu\u2019il soit moins arrogant. [\u2026] Un \u00e9change houleux a eu lieu entre la maman d\u2019Adrien Rabiot et celle de Kylian Mbapp\u00e9, et aussi avec le p\u00e8re du joueur du PSG\u00a0\u00bb, avait \u00e9crit le m\u00e9dia sportif.<\/p>\n<p>                        V\u00e9ronique Rabiot, la m\u00e8re d&rsquo;Adrien Rabiot, revient sur son altercation avec Wilfrid Mbapp\u00e9<\/p>\n<p>Quatre ans plus tard, V\u00e9ronique Rabiot revient sur cette affaire dans un entretien accord\u00e9 \u00e0 <a href=\"https:\/\/www.lequipe.fr\/Football\/Actualites\/-je-lui-ai-dit-que-si-c-etait-mon-fils-je-l-engueulerais-veronique-rabiot-revient-sur-son-accrochage-avec-wilfrid-mbappe-a-l-euro-2021\/1581549\" rel=\"nofollow noopener\" target=\"_blank\">L&rsquo;\u00c9quipe<\/a>, ce lundi 28 juillet. La m\u00e8re d&rsquo;Adrien Rabiot, qui porte aujourd&rsquo;hui les couleurs de l&rsquo;Olympique de Marseille, livre sa version des faits. <b>\u00ab\u00a0Il y a eu beaucoup de mensonges. Certains ont parl\u00e9 d&rsquo;\u00e9chauffour\u00e9es. Vous savez ce que c&rsquo;est, une \u00e9chauffour\u00e9e ? J&rsquo;ai simplement dit \u00e0 l&rsquo;oreille de Wilfrid que, si c&rsquo;\u00e9tait mon fils, je l&rsquo;engueulerais. Et il m&rsquo;a r\u00e9pondu :<\/b><b> <\/b><b>&lsquo;Je ne l&rsquo;engueulerai pas.&rsquo; Quant \u00e0 Fayza [Fayza Lamari, la m\u00e8re de Kylian Mbapp\u00e9, nldr], on s&rsquo;est parl\u00e9 en dehors des tribunes<\/b>\u00ab\u00a0, explique-t-elle. Interview\u00e9 dans T\u00e9l\u00e9foot moins de deux mois apr\u00e8s l&rsquo;Euro 2021, <a href=\"https:\/\/www.programme-tv.net\/news\/sport\/282444-il-ne-sest-rien-passe-adrien-rabiot-revient-sur-laltercation-entre-sa-mere-et-les-parents-de-pogba-et-mbappe-durant-leuro\/\" data-api-deeplink=\"teleloisirs:\/\/news\/282444\" target=\"_blank\" rel=\"noopener\">Adrien Rabiot avait d\u00e9fendu sa m\u00e8re face aux accusations<\/a>. \u00ab\u00a0Il ne s&rsquo;est pas pass\u00e9 quoi que ce soit dans les tribunes, donc c&rsquo;\u00e9tait un peu surprenant d&rsquo;entendre tout \u00e7a\u00a0\u00bb, avait-il confi\u00e9. \u00ab\u00a0J&rsquo;ai parl\u00e9 avec elle, je la crois. Et quand elle me dit qu&rsquo;il ne s&rsquo;est rien pass\u00e9 dans les tribunes, c&rsquo;est la v\u00e9rit\u00e9\u00a0\u00bb, avait-il ajout\u00e9.<\/p>\n<p>            Fayza Lamari, la m\u00e8re de Kylian Mbapp\u00e9, \u00ab\u00a0en col\u00e8re\u00a0\u00bb face au comportement de V\u00e9ronique Rabiot<\/p>\n<p>Fayza Lamari raconte quant \u00e0 elle avoir \u00e9t\u00e9 \u00ab\u00a0en col\u00e8re\u00a0\u00bb face au comportement de V\u00e9ronique Rabiot. \u00ab\u00a0Ce qu&rsquo;elle disait n&rsquo;avait pas de sens, elle criait dans les oreilles de Wilfrid. C&rsquo;\u00e9tait la goutte d&rsquo;eau. Je suis all\u00e9e la voir. J&rsquo;ai hauss\u00e9 le ton, je ne pouvais pas la laisser parler ainsi devant Ethan, qui avait 14 ans \u00e0 l&rsquo;\u00e9poque. Je lui ai demand\u00e9 de nous laisser tranquilles. Mais elle me criait dessus, ce n&rsquo;\u00e9tait pas tr\u00e8s constructif\u00a0\u00bb, se souvient-elle.<\/p>\n","protected":false},"excerpt":{"rendered":"Lors de l&rsquo;\u00e9limination de la France en huiti\u00e8mes de finale de l&rsquo;Euro 2021, V\u00e9ronique Rabiot, la m\u00e8re d&rsquo;Adrien&hellip;\n","protected":false},"author":2,"featured_media":282427,"comment_status":"","ping_status":"","sticky":false,"template":"","format":"standard","meta":{"footnotes":""},"categories":[1586],"tags":[11,2329,244,1777,674,1779,1011,27,42156,42154,12,25,4581,4582,42155,1778,364,42157],"class_list":{"0":"post-282426","1":"post","2":"type-post","3":"status-publish","4":"format-standard","5":"has-post-thumbnail","7":"category-europe","8":"tag-actualites","9":"tag-adrien-rabiot","10":"tag-commentaire","11":"tag-eu","12":"tag-europe","13":"tag-european-union","14":"tag-fr","15":"tag-france","16":"tag-guid_6261698721001","17":"tag-kylian-mbappu00e9","18":"tag-news","19":"tag-republique-francaise","20":"tag-story","21":"tag-tel","22":"tag-u00c9quipe-de-france-de-football","23":"tag-ue","24":"tag-union-europeenne","25":"tag-uuid_c145b4aa-eb19-4fc0-b87d-5c2542f47f4a"},"share_on_mastodon":{"url":"https:\/\/pubeurope.com\/@fr\/114937788200101368","error":""},"_links":{"self":[{"href":"https:\/\/www.europesays.com\/fr\/wp-json\/wp\/v2\/posts\/282426","targetHints":{"allow":["GET"]}}],"collection":[{"href":"https:\/\/www.europesays.com\/fr\/wp-json\/wp\/v2\/posts"}],"about":[{"href":"https:\/\/www.europesays.com\/fr\/wp-json\/wp\/v2\/types\/post"}],"author":[{"embeddable":true,"href":"https:\/\/www.europesays.com\/fr\/wp-json\/wp\/v2\/users\/2"}],"replies":[{"embeddable":true,"href":"https:\/\/www.europesays.com\/fr\/wp-json\/wp\/v2\/comments?post=282426"}],"version-history":[{"count":0,"href":"https:\/\/www.europesays.com\/fr\/wp-json\/wp\/v2\/posts\/282426\/revisions"}],"wp:featuredmedia":[{"embeddable":true,"href":"https:\/\/www.europesays.com\/fr\/wp-json\/wp\/v2\/media\/282427"}],"wp:attachment":[{"href":"https:\/\/www.europesays.com\/fr\/wp-json\/wp\/v2\/media?parent=282426"}],"wp:term":[{"taxonomy":"category","embeddable":true,"href":"https:\/\/www.europesays.com\/fr\/wp-json\/wp\/v2\/categories?post=282426"},{"taxonomy":"post_tag","embeddable":true,"href":"https:\/\/www.europesays.com\/fr\/wp-json\/wp\/v2\/tags?post=282426"}],"curies":[{"name":"wp","href":"https:\/\/api.w.org\/{rel}","templated":true}]}}