{"id":282428,"date":"2025-07-29T17:50:12","date_gmt":"2025-07-29T17:50:12","guid":{"rendered":"https:\/\/www.europesays.com\/fr\/282428\/"},"modified":"2025-07-29T17:50:12","modified_gmt":"2025-07-29T17:50:12","slug":"132-millions-de-contribuables-vont-percevoir-un-remboursement-des-impots-liberation","status":"publish","type":"post","link":"https:\/\/www.europesays.com\/fr\/282428\/","title":{"rendered":"13,2\u00a0millions de contribuables vont percevoir un remboursement des imp\u00f4ts \u2013 Lib\u00e9ration"},"content":{"rendered":"<p class=\"sc-ksZaOG ehjQrN text-element\">Une bonne nouvelle pour pr\u00e8s d\u2019un tiers des 41\u00a0millions de contribuables. Ayant trop pay\u00e9 d\u2019imp\u00f4ts par rapport \u00e0 leur situation, 13,2\u00a0millions de Fran\u00e7ais vont \u00eatre rembours\u00e9s, selon la Direction g\u00e9n\u00e9rale des finances publiques (DGFIP) et percevront en moyenne 1\u00a0017\u00a0euros. En revanche, un autre tiers va recevoir la douloureuse\u00a0: 13,1\u00a0millions n\u2019ont pas pay\u00e9 assez d\u2019<a href=\"https:\/\/www.liberation.fr\/economie\/les-impots-naugmenteront-pas-en-2025-malgre-labsence-de-budget-20241231_JMFUHU3PMREPZJO34RTOZWB2ZU\/\" target=\"_blank\" rel=\"noreferrer noopener\" title=\"https:\/\/www.liberation.fr\/economie\/les-impots-naugmenteront-pas-en-2025-malgre-labsence-de-budget-20241231_JMFUHU3PMREPZJO34RTOZWB2ZU\/\">imp\u00f4ts sur le revenu<\/a>, index\u00e9s sur celui de\u00a02024, et doivent de l\u2019argent au Tr\u00e9sor public. L\u2019ann\u00e9e derni\u00e8re, ils n\u2019\u00e9taient que 9,8\u00a0millions \u00e0 subir un rattrapage. N\u00e9anmoins, la somme qu\u2019ils doivent est inf\u00e9rieure \u00e0 celle de l\u2019an pass\u00e9. Selon la DGFIP, le montant \u00e0 r\u00e9gler en moyenne est de 1\u00a0901\u00a0euros contre 2\u00a0127\u00a0euros en\u00a02024.<\/p>\n<p class=\"sc-ksZaOG ehjQrN text-element\">Mais pourquoi de telles variations\u00a0? De nombreux ajustements sont n\u00e9cessaires \u00e0 cause de changements de situation entre <a href=\"https:\/\/www.liberation.fr\/economie\/impots-ce-quil-faut-savoir-avant-de-declarer-ses-revenus-2023-20240405_5H64XQTPSZHG5MVUZLOGY3MD7I\/\" target=\"_blank\" rel=\"noreferrer noopener\" title=\"https:\/\/www.liberation.fr\/economie\/impots-ce-quil-faut-savoir-avant-de-declarer-ses-revenus-2023-20240405_5H64XQTPSZHG5MVUZLOGY3MD7I\/\">la date de d\u00e9claration d\u2019imp\u00f4ts au printemps<\/a> et la situation actuelle \u2013 un divorce, un mariage ou le d\u00e9part d\u2019un enfant du foyer fiscal font partie des \u00e9volutions notables. L\u2019embauche d\u2019une personne \u00e0 domicile peut \u00e9galement faire baisser la somme due au fisc.<\/p>\n<p class=\"sc-ksZaOG ehjQrN text-element\">Quant \u00e0 l\u2019augmentation de l\u2019imp\u00f4t pour pr\u00e8s de 13\u00a0millions de contribuables, elle vient principalement de la hausse des salaires, qui a \u00e9t\u00e9 sup\u00e9rieure \u00e0 l\u2019inflation en\u00a02024. En mars, la Direction de l\u2019animation de la recherche, des \u00e9tudes et des statistiques du minist\u00e8re du Travail annon\u00e7ait ainsi que l\u2019inflation \u00e9tait de 1,2\u00a0% entre d\u00e9cembre\u00a02023 et d\u00e9cembre\u00a02024, quand les salaires avaient augment\u00e9 de 2,8\u00a0% sur la m\u00eame p\u00e9riode. Une hausse dans des proportions bien trop importantes par rapport \u00e0 la revalorisation du bar\u00e8me.<\/p>\n<p class=\"sc-ksZaOG ehjQrN text-element\">Ces variations vont \u00eatre r\u00e9gularis\u00e9es de plusieurs mani\u00e8res. Les trop-per\u00e7us sont rembours\u00e9s par virements, si la DGFIP d\u00e9tient les coordonn\u00e9es bancaires des contribuables concern\u00e9s, ou par ch\u00e8que envoy\u00e9 par la Poste. Certains remboursements ont d\u00e9j\u00e0 \u00e9t\u00e9 effectu\u00e9s le 25\u00a0juillet et une autre vague aura lieu le 1er\u00a0ao\u00fbt. Ceux qui doivent de l\u2019argent au Tr\u00e9sor seront, eux, pr\u00e9lev\u00e9s automatiquement sur leur compte bancaire \u00e0 partir du 25\u00a0septembre. Les montants inf\u00e9rieurs \u00e0 300\u00a0euros le seront en une seule fois quand ceux au-del\u00e0 de ce seuil seront \u00e9chelonn\u00e9s en quatre fois, de fin septembre \u00e0 fin d\u00e9cembre.<\/p>\n","protected":false},"excerpt":{"rendered":"Une bonne nouvelle pour pr\u00e8s d\u2019un tiers des 41\u00a0millions de contribuables. Ayant trop pay\u00e9 d\u2019imp\u00f4ts par rapport \u00e0&hellip;\n","protected":false},"author":2,"featured_media":282429,"comment_status":"","ping_status":"","sticky":false,"template":"","format":"standard","meta":{"footnotes":""},"categories":[2],"tags":[11,1011,27,342,42158,12,25],"class_list":{"0":"post-282428","1":"post","2":"type-post","3":"status-publish","4":"format-standard","5":"has-post-thumbnail","7":"category-actualites","8":"tag-actualites","9":"tag-fr","10":"tag-france","11":"tag-impots","12":"tag-ministere-de-l-economie","13":"tag-news","14":"tag-republique-francaise"},"share_on_mastodon":{"url":"https:\/\/pubeurope.com\/@fr\/114937792078393671","error":""},"_links":{"self":[{"href":"https:\/\/www.europesays.com\/fr\/wp-json\/wp\/v2\/posts\/282428","targetHints":{"allow":["GET"]}}],"collection":[{"href":"https:\/\/www.europesays.com\/fr\/wp-json\/wp\/v2\/posts"}],"about":[{"href":"https:\/\/www.europesays.com\/fr\/wp-json\/wp\/v2\/types\/post"}],"author":[{"embeddable":true,"href":"https:\/\/www.europesays.com\/fr\/wp-json\/wp\/v2\/users\/2"}],"replies":[{"embeddable":true,"href":"https:\/\/www.europesays.com\/fr\/wp-json\/wp\/v2\/comments?post=282428"}],"version-history":[{"count":0,"href":"https:\/\/www.europesays.com\/fr\/wp-json\/wp\/v2\/posts\/282428\/revisions"}],"wp:featuredmedia":[{"embeddable":true,"href":"https:\/\/www.europesays.com\/fr\/wp-json\/wp\/v2\/media\/282429"}],"wp:attachment":[{"href":"https:\/\/www.europesays.com\/fr\/wp-json\/wp\/v2\/media?parent=282428"}],"wp:term":[{"taxonomy":"category","embeddable":true,"href":"https:\/\/www.europesays.com\/fr\/wp-json\/wp\/v2\/categories?post=282428"},{"taxonomy":"post_tag","embeddable":true,"href":"https:\/\/www.europesays.com\/fr\/wp-json\/wp\/v2\/tags?post=282428"}],"curies":[{"name":"wp","href":"https:\/\/api.w.org\/{rel}","templated":true}]}}