{"id":282432,"date":"2025-07-29T17:52:11","date_gmt":"2025-07-29T17:52:11","guid":{"rendered":"https:\/\/www.europesays.com\/fr\/282432\/"},"modified":"2025-07-29T17:52:11","modified_gmt":"2025-07-29T17:52:11","slug":"cisjordanie-pour-la-premiere-fois-la-france-qualifie-d-actes-de-terrorisme-les-violences-des-colons-israeliens","status":"publish","type":"post","link":"https:\/\/www.europesays.com\/fr\/282432\/","title":{"rendered":"Cisjordanie : pour la premi\u00e8re fois, la France qualifie d&rsquo;\u00ab\u00a0actes de terrorisme\u00a0\u00bb les violences des colons isra\u00e9liens"},"content":{"rendered":"<p>Les violences des colons isra\u00e9liens en Cisjordanie sont \u00ab\u00a0des actes de terrorisme\u00a0\u00bb, a d\u00e9clar\u00e9 mardi 29\u00a0juillet le minist\u00e8re des Affaires \u00e9trang\u00e8res fran\u00e7ais, apr\u00e8s \u00ab\u00a0le meurtre\u00a0\u00bb d\u2019Awdah Muhammad Hathlaeen, professeur et militant anti-occupation, par un colon. Originaire de la r\u00e9gion de <a href=\"https:\/\/www.humanite.fr\/monde\/palestine\/palestine-face-a-israel-lopiniatre-resistance-des-bedouins-de-masafer-yatta\" target=\"_blank\" rel=\"noopener\">Massafer Yatta<\/a>, au sud d\u2019H\u00e9bron, il avait particip\u00e9 au documentaire r\u00e9cemment oscaris\u00e9 <a href=\"https:\/\/www.humanite.fr\/monde\/cisjordanie\/oscars-2025-basel-adra-et-yuval-abraham-primes-pour-leur-film-no-other-land-sur-la-colonisation-en-cisjordanie-occupee\" target=\"_blank\" rel=\"noopener\">No Other Land (2024)<\/a>, consacr\u00e9 \u00e0 la lutte des Palestiniens dans la r\u00e9gion.<\/p>\n<p>\u00ab\u00a0La France condamne ce meurtre avec la plus grande fermet\u00e9 ainsi que toutes les violences d\u00e9lib\u00e9r\u00e9es perp\u00e9tr\u00e9es par des colons extr\u00e9mistes \u00e0 l\u2019encontre de la population palestinienne qui se multiplient \u00e0 travers la Cisjordanie\u00a0\u00bb, a exprim\u00e9 le porte-parole du minist\u00e8re. \u00a0\u00ab Ces violences sont des actes de terrorisme\u00a0\u00bb, a-t-il poursuivi. C\u2019est la premi\u00e8re fois que la diplomatie fran\u00e7aise qualifie ainsi les agissements de colons isra\u00e9liens.<\/p>\n<p>\u00ab\u00a0C\u2019est ainsi qu\u2019Isra\u00ebl nous efface, une vie \u00e0 la fois\u00a0\u00bb<\/p>\n<p>\u00ab\u00a0Les colons ont fait plus de 30 morts depuis le d\u00e9but de l\u2019ann\u00e9e 2025. Les autorit\u00e9s isra\u00e9liennes doivent prendre leurs responsabilit\u00e9s et sanctionner imm\u00e9diatement les auteurs de ces violences, qui se poursuivent en toute impunit\u00e9, et prot\u00e9ger les civils palestiniens\u00a0\u00bb, a-t-il ajout\u00e9. Depuis le 7\u00a0octobre, les attaques contre les Palestiniens en Cisjordanie se multiplient.<\/p>\n<p>\u00ab\u00a0Mon cher ami Awdah a \u00e9t\u00e9 massacr\u00e9 ce soir\u00a0\u00bb, a \u00e9crit lundi <a href=\"https:\/\/www.humanite.fr\/culture-et-savoir\/cisjordanie\/basel-adra-et-yuval-abraham-semaine-apres-semaine-les-maisons-des-habitants-sont-detruites-alors-que-se-construisent-des-colonies-pour-etouffer-les-palestiniens\" target=\"_blank\" rel=\"noopener\">Basel Adra, le cor\u00e9alisateur palestinien de No Other Land<\/a>, cit\u00e9 par The Guardian. \u00ab\u00a0Il se tenait devant le centre communautaire de son village lorsqu\u2019un colon a tir\u00e9 une balle qui lui a transperc\u00e9 la poitrine et lui \u00f4t\u00e9 la vie. C\u2019est ainsi qu\u2019Isra\u00ebl nous efface, une vie \u00e0 la fois\u00a0\u00bb. Le drame a eu lieu dans la ville d\u2019Umm al-Khair, dans le sud de la Cisjordanie.<\/p>\n<p>\u00ab\u00a0Le minist\u00e8re de l\u2019Education (\u2026) et la communaut\u00e9 enseignante pleurent le martyr d\u2019Awdah Muhammad Hathaleen\u00a0\u00bb, a d\u00e9clar\u00e9 le minist\u00e8re sur les r\u00e9seaux sociaux. \u00ab\u00a0L\u2019enseignant (\u2026) a \u00e9t\u00e9 abattu par des colons le lundi 28\u00a0juillet 2025 lors de leur attaque\u00a0\u00bb contre le village d\u2019Umm al-Khair pr\u00e8s d\u2019H\u00e9bron, dans le sud de la Cisjordanie, ajoute-t-il.<\/p>\n<p>De son c\u00f4t\u00e9, la police isra\u00e9lienne avait plus t\u00f4t fait \u00e9tat d\u2019une enqu\u00eate en cours suite \u00e0 un \u00ab\u00a0incident survenu pr\u00e8s de la localit\u00e9 de Carmel\u00a0\u00bb, une colonie voisine d\u2019Umm al-Khair et dit qu\u2019un citoyen isra\u00e9lien avait \u00e9t\u00e9 arr\u00eat\u00e9 pour \u00eatre interrog\u00e9.<\/p>\n<p>Face \u00e0 l\u2019extr\u00eame droite, ne rien l\u00e2cher\u00a0!<\/p>\n<p>C\u2019est pied \u00e0 pied, argument contre argument qu\u2019il faut combattre l\u2019extr\u00eame droite. Et c\u2019est ce que nous faisons chaque jour dans l\u2019Humanit\u00e9.<\/p>\n<p>Face aux attaques incessantes des racistes et des porteurs de haine\u00a0: soutenez-nous\u00a0! Ensemble, faisons entendre une autre voix dans ce d\u00e9bat public toujours plus naus\u00e9abond.<br \/><a href=\"https:\/\/www.humanite.fr\/lhumanite-cest-vous\" target=\"_blank\" rel=\"noopener\">Je veux en savoir plus.<\/a><\/p>\n","protected":false},"excerpt":{"rendered":"Les violences des colons isra\u00e9liens en Cisjordanie sont \u00ab\u00a0des actes de terrorisme\u00a0\u00bb, a d\u00e9clar\u00e9 mardi 29\u00a0juillet le minist\u00e8re&hellip;\n","protected":false},"author":2,"featured_media":282433,"comment_status":"","ping_status":"","sticky":false,"template":"","format":"standard","meta":{"footnotes":""},"categories":[4],"tags":[11,2486,42159,1011,27,19082,16785,28664,42160,12,3518,25],"class_list":{"0":"post-282432","1":"post","2":"type-post","3":"status-publish","4":"format-standard","5":"has-post-thumbnail","7":"category-france","8":"tag-actualites","9":"tag-cisjordanie","10":"tag-colonies-israu00e9liennes","11":"tag-fr","12":"tag-france","13":"tag-gu00e9nocide","14":"tag-israu00ebl","15":"tag-massacre","16":"tag-nettoyage-ethnique","17":"tag-news","18":"tag-palestine","19":"tag-republique-francaise"},"share_on_mastodon":{"url":"https:\/\/pubeurope.com\/@fr\/114937799821721161","error":""},"_links":{"self":[{"href":"https:\/\/www.europesays.com\/fr\/wp-json\/wp\/v2\/posts\/282432","targetHints":{"allow":["GET"]}}],"collection":[{"href":"https:\/\/www.europesays.com\/fr\/wp-json\/wp\/v2\/posts"}],"about":[{"href":"https:\/\/www.europesays.com\/fr\/wp-json\/wp\/v2\/types\/post"}],"author":[{"embeddable":true,"href":"https:\/\/www.europesays.com\/fr\/wp-json\/wp\/v2\/users\/2"}],"replies":[{"embeddable":true,"href":"https:\/\/www.europesays.com\/fr\/wp-json\/wp\/v2\/comments?post=282432"}],"version-history":[{"count":0,"href":"https:\/\/www.europesays.com\/fr\/wp-json\/wp\/v2\/posts\/282432\/revisions"}],"wp:featuredmedia":[{"embeddable":true,"href":"https:\/\/www.europesays.com\/fr\/wp-json\/wp\/v2\/media\/282433"}],"wp:attachment":[{"href":"https:\/\/www.europesays.com\/fr\/wp-json\/wp\/v2\/media?parent=282432"}],"wp:term":[{"taxonomy":"category","embeddable":true,"href":"https:\/\/www.europesays.com\/fr\/wp-json\/wp\/v2\/categories?post=282432"},{"taxonomy":"post_tag","embeddable":true,"href":"https:\/\/www.europesays.com\/fr\/wp-json\/wp\/v2\/tags?post=282432"}],"curies":[{"name":"wp","href":"https:\/\/api.w.org\/{rel}","templated":true}]}}