{"id":282434,"date":"2025-07-29T17:54:09","date_gmt":"2025-07-29T17:54:09","guid":{"rendered":"https:\/\/www.europesays.com\/fr\/282434\/"},"modified":"2025-07-29T17:54:09","modified_gmt":"2025-07-29T17:54:09","slug":"des-terrains-de-beach-volley-gratuits-installes-tout-lete-devant-lhotel-de-ville","status":"publish","type":"post","link":"https:\/\/www.europesays.com\/fr\/282434\/","title":{"rendered":"Des terrains de beach volley gratuits install\u00e9s tout l\u2019\u00e9t\u00e9 devant l\u2019H\u00f4tel de Ville"},"content":{"rendered":"<p>Chaque \u00e9t\u00e9 depuis<strong> plus de 20 ans maintenant<\/strong>, <strong>Paris Plages<\/strong> ne cesse d\u2019enchanter les Parisiens <strong>en qu\u00eate d\u2019un peu de fra\u00eecheur.<\/strong> Et pour cette ann\u00e9e 2025, <strong>\u00e0 l\u2019occasion de la <a href=\"https:\/\/www.lebonbon.fr\/paris\/loisirs\/5-evenements-ne-pas-manquer-pendant-saison-culturelle-france-bresil-2025\/\" rel=\"nofollow noopener\" target=\"_blank\">saison France-Br\u00e9sil<\/a><\/strong>, cet \u00e9v\u00e9nement incontournable met la <strong>culture br\u00e9silienne<\/strong> \u00e0 l\u2019honneur\u00a0! De nombreuses <strong>activit\u00e9s gratuites <\/strong>vous attendent tout au long de l\u2019\u00e9t\u00e9, dans une ambiance in\u00e9dite, dont <strong>3 incroyables terrains de sable <\/strong>en plein c\u0153ur de la capitale.<\/p>\n<p>&#13;<br \/>\n<br \/>Le parvis de l\u2019H\u00f4tel de Ville sous le signe du renouveau&#13;<\/p>\n<p>Il y a quelques semaines, le<strong> 21 juin dernier,<\/strong> la place situ\u00e9e au pied de <strong>l\u2019H\u00f4tel de Ville<\/strong> d\u00e9voilait<strong> son nouveau visage<\/strong>, gr\u00e2ce \u00e0 une<a href=\"https:\/\/www.lebonbon.fr\/paris\/news\/foret-urbaine-hotel-ville-inauguration\/\" rel=\"nofollow noopener\" target=\"_blank\"> <strong>immense for\u00eat urbaine <\/strong><\/a>tout juste plant\u00e9e. Et apr\u00e8s cette <strong>premi\u00e8re transformation,<\/strong> l\u2019espace conna\u00eet un nouveau changement cet \u00e9t\u00e9, en accueillant <strong>un \u00e9v\u00e9nement aussi festif que sportif<\/strong>. En effet,<strong> jusqu\u2019au 20 ao\u00fbt prochain,<\/strong> ce sont <strong>3 terrains de beach volley <\/strong>qui ont ouvert pour accueillir les joueurs parisiens <strong>tous les jours de 13h \u00e0 19h<\/strong>, <strong>gratuitement.<\/strong> Les 3 zones seront accessibles<strong> sans r\u00e9servation<\/strong>, il vous suffit de<strong> vous pr\u00e9senter en \u00e9quipe<\/strong> et de <strong>retirer<\/strong> <strong>vos chaussures <\/strong>pour commencer \u00e0 jouer. Et si la foule est trop importante, un syst\u00e8me de <strong>liste<\/strong> <strong>d\u2019attente<\/strong> est mis en place par les \u00e9quipes d&rsquo;organisateurs sur place pour <strong>faciliter le tout.<\/strong><\/p>\n<p>&#13;<\/p>\n<blockquote class=\"instagram-media\" data-instgrm-permalink=\"https:\/\/www.instagram.com\/p\/DL9Tno3qzfC\/?utm_source=ig_embed&amp;utm_campaign=loading\" data-instgrm-version=\"14\" style=\"background: #FFF; border: 0; border-radius: 3px; box-shadow: 0 0 1px 0 rgba(0,0,0,0.5),0 1px 10px 0 rgba(0,0,0,0.15); margin: 1px; max-width: 540px; min-width: 326px; padding: 0; width: calc(100% - 2px);\"><p>&#13;<br \/>\n&#13;\n<\/p><\/blockquote>\n<p>&#13;<br \/>\n&#13;<br \/>\n<br \/>Un \u00e9t\u00e9 vert et jaune&#13;<\/p>\n<p>Pour aller avec <strong>ce d\u00e9cor alliant le sable et l\u2019herbe<\/strong>, cette extension de Paris Plages se place (comme <strong><a href=\"https:\/\/www.lebonbon.fr\/paris\/loisirs\/paris-plages-2025-edition-speciale-bresil\/\" rel=\"nofollow noopener\" target=\"_blank\">le reste des installation<\/a>s<\/strong>) sous le signe de la <strong>saison France-Br\u00e9sil.<\/strong> D\u00e9j\u00e0 parce que ce sport fait<strong> partie int\u00e9grante de la culture du pays<\/strong> <strong>\u00e0 l&rsquo;honneur<\/strong> dans tout l&rsquo;Hexagone en 2025, mais aussi parce que ce sont <strong>2 food trucks pr\u00e9sents sur le parvis<\/strong> qui mettront la <strong>gastronomie br\u00e9silienne<\/strong> \u00e0 l\u2019honneur tout l\u2019\u00e9t\u00e9.<\/p>\n<p>&#13;<\/p>\n<blockquote class=\"instagram-media\" data-instgrm-permalink=\"https:\/\/www.instagram.com\/p\/DMklfqvtyhA\/?utm_source=ig_embed&amp;utm_campaign=loading\" data-instgrm-version=\"14\" style=\"background: #FFF; border: 0; border-radius: 3px; box-shadow: 0 0 1px 0 rgba(0,0,0,0.5),0 1px 10px 0 rgba(0,0,0,0.15); margin: 1px; max-width: 540px; min-width: 326px; padding: 0; width: calc(100% - 2px);\"><p>&#13;<br \/>\n&#13;\n<\/p><\/blockquote>\n<p>&#13;<br \/>\n&#13;<\/p>\n<p>Et si pour vous, ce qui compte dans le sport, c&rsquo;est <strong>d&rsquo;<a href=\"https:\/\/www.lebonbon.fr\/paris\/societe\/paris-2e-ville-europeenne-sport\/\" rel=\"nofollow noopener\" target=\"_blank\">\u00e9craser la concurrence<\/a><\/strong> (on vous juge un peu, mais chacun ses go\u00fbts et ses aspirations), sachez que <strong>des tournois officiels <\/strong>sont organis\u00e9s <strong>tous les samedis entre 13h30 et 19h <\/strong>par la <strong>F\u00e9d\u00e9ration fran\u00e7aise de volley-ball.<\/strong> Une fois encore, pas besoin de s\u2019inscrire, il vous suffit de <strong>vous pr\u00e9senter \u00e0 partir de 13h<\/strong> pour tenter votre chance. Alors, pr\u00eats \u00e0 <strong>vous ruiner les avant-bras\u00a0?<\/strong><\/p>\n<p>&#13;<\/p>\n<p><strong><br \/>Terrains de beach volley \u2013 Paris Plage <\/strong><br \/><strong>Parvis de l\u2019H\u00f4tel de Ville \u2013 4e <\/strong><br \/><strong>Jusqu\u2019au 20 ao\u00fbt 2025 <\/strong><br \/><strong>Entr\u00e9e libre <\/strong><br \/><strong><a href=\"https:\/\/www.paris.fr\/evenements\/venez-jouer-gratuitement-au-beach-volley-devant-l-hotel-de-ville-89539\" rel=\"nofollow noopener noreferrer\" target=\"_blank\">Plus d\u2019infos<\/a><\/strong><\/p>\n<p><script async src=\"\/\/www.instagram.com\/embed.js\"><\/script><\/p>\n","protected":false},"excerpt":{"rendered":"Chaque \u00e9t\u00e9 depuis plus de 20 ans maintenant, Paris Plages ne cesse d\u2019enchanter les Parisiens en qu\u00eate d\u2019un&hellip;\n","protected":false},"author":2,"featured_media":282435,"comment_status":"","ping_status":"","sticky":false,"template":"","format":"standard","meta":{"footnotes":""},"categories":[1417],"tags":[1011,27,60,1470,1469],"class_list":{"0":"post-282434","1":"post","2":"type-post","3":"status-publish","4":"format-standard","5":"has-post-thumbnail","7":"category-volley","8":"tag-fr","9":"tag-france","10":"tag-sports","11":"tag-volley","12":"tag-volleyball"},"share_on_mastodon":{"url":"https:\/\/pubeurope.com\/@fr\/114937807739169460","error":""},"_links":{"self":[{"href":"https:\/\/www.europesays.com\/fr\/wp-json\/wp\/v2\/posts\/282434","targetHints":{"allow":["GET"]}}],"collection":[{"href":"https:\/\/www.europesays.com\/fr\/wp-json\/wp\/v2\/posts"}],"about":[{"href":"https:\/\/www.europesays.com\/fr\/wp-json\/wp\/v2\/types\/post"}],"author":[{"embeddable":true,"href":"https:\/\/www.europesays.com\/fr\/wp-json\/wp\/v2\/users\/2"}],"replies":[{"embeddable":true,"href":"https:\/\/www.europesays.com\/fr\/wp-json\/wp\/v2\/comments?post=282434"}],"version-history":[{"count":0,"href":"https:\/\/www.europesays.com\/fr\/wp-json\/wp\/v2\/posts\/282434\/revisions"}],"wp:featuredmedia":[{"embeddable":true,"href":"https:\/\/www.europesays.com\/fr\/wp-json\/wp\/v2\/media\/282435"}],"wp:attachment":[{"href":"https:\/\/www.europesays.com\/fr\/wp-json\/wp\/v2\/media?parent=282434"}],"wp:term":[{"taxonomy":"category","embeddable":true,"href":"https:\/\/www.europesays.com\/fr\/wp-json\/wp\/v2\/categories?post=282434"},{"taxonomy":"post_tag","embeddable":true,"href":"https:\/\/www.europesays.com\/fr\/wp-json\/wp\/v2\/tags?post=282434"}],"curies":[{"name":"wp","href":"https:\/\/api.w.org\/{rel}","templated":true}]}}