{"id":282436,"date":"2025-07-29T17:55:08","date_gmt":"2025-07-29T17:55:08","guid":{"rendered":"https:\/\/www.europesays.com\/fr\/282436\/"},"modified":"2025-07-29T17:55:08","modified_gmt":"2025-07-29T17:55:08","slug":"antoine-dupont-la-signature-qui-va-le-regaler","status":"publish","type":"post","link":"https:\/\/www.europesays.com\/fr\/282436\/","title":{"rendered":"Antoine Dupont\u00a0: La signature qui va le r\u00e9galer\u00a0!"},"content":{"rendered":"<p class=\"heading\">Toujours convalescent apr\u00e8s sa grave blessure au genou, Antoine Dupont va devoir patienter encore quelques mois avant de reprendre la comp\u00e9tition. En attendant, le Stade toulousain s\u2019est pench\u00e9 sur quelques prolongations de contrat. Les Rouge-et-Noir entendraient notamment \u00e9tendre l\u2019engagement de Thibaud Flament, ce qui devrait ravir le demi de m\u00eal\u00e9e de 28 ans.<\/p>\n<p><a href=\"https:\/\/le10sport.com\/rugby\/antoine-dupont-aux-etatsunis-deux-stars-du-xv-de-france-avec-lui-752265\" rel=\"nofollow noopener\" target=\"_blank\">Antoine Dupont<\/a> va devoir patienter encore quelques temps avant de pouvoir fouler \u00e0 nouveau un terrain de rugby. Gravement touch\u00e9 au genou en mars dernier pendant le <strong>Tournoi des VI Nations<\/strong> qu\u2019il disputait avec le <strong>XV de France<\/strong>, le demi de m\u00eal\u00e9e de 28 ans devrait revenir aux alentours du mois de novembre. Le <strong>Stade toulousain <\/strong>va donc devoir se passer de lui pour le d\u00e9but de saison. Les Rouge-et-Noir profiteraient d\u2019ailleurs de l\u2019\u00e9t\u00e9 pour r\u00e9gler certains dossiers, dont celui de <strong>Thibaud Flament<\/strong>.<\/p>\n<p>                                            Thibaud Flament parti pour prolonger au Stade toulousain ?<\/p>\n<p>Comme le rapporte Rugbyrama, le <strong>Stade toulousain <\/strong>aurait entam\u00e9 les discussions avec le deuxi\u00e8me ligne pour sa prolongation. Malgr\u00e9 les int\u00e9r\u00eats prononc\u00e9s, le joueur de 28 ans &#8211; capital avec <strong>Antoine Dupont<\/strong> dans tous les titres remport\u00e9s par l\u2019\u00e9quipe d\u2019<strong>Ugo Mola<\/strong> depuis 2021 &#8211; entendrait poursuivre l\u2019aventure chez les Rouge-et-Noir. Les n\u00e9gociations devraient donc rapidement aboutir \u00e0 un accord autour d\u2019un nouveau contrat. De quoi ravir <strong>Antoine Dupont<\/strong>, qui devrait voir son compatriote rester avec lui encore quelques ann\u00e9es.<\/p>\n<p>                                            D&rsquo;autres signatures sont pr\u00e9vues \u00e0 Toulouse<\/p>\n<p><strong>Thibaud Flament<\/strong> ne devrait d\u2019ailleurs pas \u00eatre le seul \u00e0 prolonger au <strong>Stade toulousain<\/strong>. Rugbyrama indique que <strong>Juan Cruz Mallia<\/strong> serait \u00e9galement favorable \u00e0 une extension de son bail dans la Ville Rose. <strong>Joshua Brennan<\/strong> devrait aussi rester encore quelques ann\u00e9es \u00e0 Ernest-Wallon, une prolongation \u00e9tant pr\u00e9vue pour les mois \u00e0 venir. Il pourrait en \u00eatre de m\u00eame pour <strong>Rodrigue Neti<\/strong>, ou encore <strong>Dorian Aldegheri<\/strong>. Ce dernier b\u00e9n\u00e9ficie d\u2019une ann\u00e9e optionnelle, qui pourrait \u00eatre activ\u00e9e au vu de son importance dans la tenue \u00e0 la m\u00eal\u00e9e en finale du <strong>Top 14<\/strong>. \u00c0 suivre&#8230;<\/p>\n","protected":false},"excerpt":{"rendered":"Toujours convalescent apr\u00e8s sa grave blessure au genou, Antoine Dupont va devoir patienter encore quelques mois avant de&hellip;\n","protected":false},"author":2,"featured_media":282437,"comment_status":"","ping_status":"","sticky":false,"template":"","format":"standard","meta":{"footnotes":""},"categories":[1416],"tags":[1011,27,479,1468,60],"class_list":{"0":"post-282436","1":"post","2":"type-post","3":"status-publish","4":"format-standard","5":"has-post-thumbnail","7":"category-rugby","8":"tag-fr","9":"tag-france","10":"tag-rugby","11":"tag-rugby-football","12":"tag-sports"},"share_on_mastodon":{"url":"https:\/\/pubeurope.com\/@fr\/114937811672332743","error":""},"_links":{"self":[{"href":"https:\/\/www.europesays.com\/fr\/wp-json\/wp\/v2\/posts\/282436","targetHints":{"allow":["GET"]}}],"collection":[{"href":"https:\/\/www.europesays.com\/fr\/wp-json\/wp\/v2\/posts"}],"about":[{"href":"https:\/\/www.europesays.com\/fr\/wp-json\/wp\/v2\/types\/post"}],"author":[{"embeddable":true,"href":"https:\/\/www.europesays.com\/fr\/wp-json\/wp\/v2\/users\/2"}],"replies":[{"embeddable":true,"href":"https:\/\/www.europesays.com\/fr\/wp-json\/wp\/v2\/comments?post=282436"}],"version-history":[{"count":0,"href":"https:\/\/www.europesays.com\/fr\/wp-json\/wp\/v2\/posts\/282436\/revisions"}],"wp:featuredmedia":[{"embeddable":true,"href":"https:\/\/www.europesays.com\/fr\/wp-json\/wp\/v2\/media\/282437"}],"wp:attachment":[{"href":"https:\/\/www.europesays.com\/fr\/wp-json\/wp\/v2\/media?parent=282436"}],"wp:term":[{"taxonomy":"category","embeddable":true,"href":"https:\/\/www.europesays.com\/fr\/wp-json\/wp\/v2\/categories?post=282436"},{"taxonomy":"post_tag","embeddable":true,"href":"https:\/\/www.europesays.com\/fr\/wp-json\/wp\/v2\/tags?post=282436"}],"curies":[{"name":"wp","href":"https:\/\/api.w.org\/{rel}","templated":true}]}}