{"id":282438,"date":"2025-07-29T17:56:10","date_gmt":"2025-07-29T17:56:10","guid":{"rendered":"https:\/\/www.europesays.com\/fr\/282438\/"},"modified":"2025-07-29T17:56:10","modified_gmt":"2025-07-29T17:56:10","slug":"beneficiaire-du-forfait-dugo-humbert-terence-atmane-sincline-dentree-au-masters-1000-de-toronto-lequipe","status":"publish","type":"post","link":"https:\/\/www.europesays.com\/fr\/282438\/","title":{"rendered":"B\u00e9n\u00e9ficiaire du forfait d&#039;Ugo Humbert, Terence Atmane s&#039;incline d&#039;entr\u00e9e au Masters 1000 de Toronto &#8211; L&#039;\u00c9quipe"},"content":{"rendered":"<ol>\n<li><a href=\"https:\/\/news.google.com\/rss\/articles\/CBMi4AFBVV95cUxPaTFkbXhLYkFPMkpQQV8tcURhcjYxcXVaa212RVZFUWcySTA5OUNYYXMwSlE2TjJieTdLR3otZXFLY0V5Q2RPVy1CbjZ4Q3J6b3ZJVzV3Q21HZzZqTnBtWXZtS0FKcHNrTWNGeW1kRTFsaGRqOG94ajhlWDl0VWd1RDR3U3FVeGpqQmd1VzhRX2FKZWhKMnMtSkF2Y0xlckFiNGFHUzlodEdKaTVBNVpQeVl5andQSnZpQ2RVb0NjYUROZWlWbHkxMTdCWUhQdlM4TllVNS1BcktqV2xjcWo5Zw?oc=5\" target=\"_blank\" rel=\"nofollow noopener\">B\u00e9n\u00e9ficiaire du forfait d&rsquo;Ugo Humbert, Terence Atmane s&rsquo;incline d&rsquo;entr\u00e9e au Masters 1000 de Toronto<\/a>&nbsp;&nbsp;L&rsquo;\u00c9quipe<\/li>\n<li><a href=\"https:\/\/news.google.com\/rss\/articles\/CBMirwFBVV95cUxPNWNxWDlBU25ObFRBTW05cEhpbFlLaXRrNlVxTWJSVGk4UEFaMTU3SnlQMzd0TlFoOEh2UTF2Qy12NjRBVi1SeHhDYUdWTENuRjA4aEhzdnVYTUZ0MXpGR25kZkJXQXBmTzZEUnVweXI5X3FrclZDSFdsUWFTbTJWMzJneFU1SFRCSXJfOTQzSEg2Z1prcDF5TnotYmdkSnV2UHV5Q0Q3NkEtQ1JPWTlv0gGuAUFVX3lxTE1lQU5CX1AzNnMzaTFlTE5odkhPbFg0emlYTTVQdVZTdE5malRYQUZTampOUXN2aG1FNFVVdGVNQTU0ZVZCT1pMQTNrUXhBaTcySFlCLTNKaERKWllJQy1KWWk0dmZFa0J1bzNmV3daUFI5M1RGOXJDeFZHQkVYeUhBcldnRW84MTZBX3g0T3gwRmZMX2E5S21WREgwT3RWLWxoa0Q3N1FKZUUzN1pEZw?oc=5\" target=\"_blank\" rel=\"nofollow noopener\">ATP &#8211; Toronto : Humbert forfait, Atmane le remplace<\/a>&nbsp;&nbsp;Orange Actualit\u00e9s | Sports<\/li>\n<li><a href=\"https:\/\/news.google.com\/rss\/articles\/CBMi_AFBVV95cUxNN1lsLVd5RDgyWjY0TTkxRi1sNlozWjI5WDg4TXFocWd2S1R6ellTaWUwTEdNWDhsSWVldEVKVXhZWFE0UFphaUZzSlVWZTR1MUJDU0pPeHRhY2tmemNtMWFFUlpzVzFaMTdJMnZ5WndwYjRCYmtyeEJ0d1drSHhaeHhIUGhIYTNTUHBLQ1NQVENzbXlkMl81Sml6QUhYZWZ4cjFtbkhTd0dJVVBSRlY3MGRpTzltbXAzZlg5M2drNHhaTGZUTXJDamI1NTdRa0Jzb2xiWEdPeGFBS3M3VmdsNDc5WGpfZU90dlZSVlJRenE2Y0drZEJIZ1NCaFQ?oc=5\" target=\"_blank\" rel=\"nofollow noopener\">MASTERS 1000 TORONTO &#8211; 2e Tour &#8211; Lucky-loser, Terence Atmane n&rsquo;en profite pas, \u00e9limin\u00e9 par Emilio Nava<\/a>&nbsp;&nbsp;Eurosport<\/li>\n<li><a href=\"https:\/\/news.google.com\/rss\/articles\/CBMiuAFBVV95cUxOWlNiS0d3M0NRRXYwVlVjU3F1bG9YbVRCZS1qbmkybGtZejRBQld2YnJKeFRXZk5CbFVudXdkSWxPUXZiQkt4Z1JYWHg0VUZNaWVvZjhvYXZaX1ZqbXNyNzQzZWs1ZHlIN2FIcW83QUs1TlVvN3BveVg2T2o2VDhZRXR0STVza2VPSEZIcldrM3FVV2JibkFwblVhblFjT0QzdGV2NEUyVXNoU05nSVRQSTFoOEUxR2I4?oc=5\" target=\"_blank\" rel=\"nofollow noopener\">Tennis : Terence Atmane rep\u00each\u00e9 \u00e0 Toronto apr\u00e8s le forfait d\u2019Ugo Humbert<\/a>&nbsp;&nbsp;Le Figaro<\/li>\n<li><a href=\"https:\/\/news.google.com\/rss\/articles\/CBMirgFBVV95cUxOOVF0MkNKMmx1eGZEWTA1dEFxMzdTSG15c0NybEgxenhxWnhOSExPVEZDa0FuVGlTQmJpUzZYODJPbV9wR29lUlNBVFdrZVhWY1dwakpZS0UyY2ZwNUdFLXVKZC1FTUFybkJXWWFTenV3N0ZSb0pwRUE0aGRKeGt6cF9MTmlQNFRNVzNCT1pTa1RjSXVmYzdpZ0wtRWxwbWhhMTliTWpKRG5LVjNPOHc?oc=5\" target=\"_blank\" rel=\"nofollow noopener\">Tennis. Ugo Humbert finalement forfait au Masters 1000 de Toronto<\/a>&nbsp;&nbsp;Le Republicain Lorrain<\/li>\n<\/ol>\n","protected":false},"excerpt":{"rendered":"B\u00e9n\u00e9ficiaire du forfait d&rsquo;Ugo Humbert, Terence Atmane s&rsquo;incline d&rsquo;entr\u00e9e au Masters 1000 de Toronto&nbsp;&nbsp;L&rsquo;\u00c9quipe ATP &#8211; Toronto :&hellip;\n","protected":false},"author":2,"featured_media":282439,"comment_status":"","ping_status":"","sticky":false,"template":"","format":"standard","meta":{"footnotes":""},"categories":[1415],"tags":[1011,27,60,1467],"class_list":{"0":"post-282438","1":"post","2":"type-post","3":"status-publish","4":"format-standard","5":"has-post-thumbnail","7":"category-tennis","8":"tag-fr","9":"tag-france","10":"tag-sports","11":"tag-tennis"},"share_on_mastodon":{"url":"https:\/\/pubeurope.com\/@fr\/114937815528608000","error":""},"_links":{"self":[{"href":"https:\/\/www.europesays.com\/fr\/wp-json\/wp\/v2\/posts\/282438","targetHints":{"allow":["GET"]}}],"collection":[{"href":"https:\/\/www.europesays.com\/fr\/wp-json\/wp\/v2\/posts"}],"about":[{"href":"https:\/\/www.europesays.com\/fr\/wp-json\/wp\/v2\/types\/post"}],"author":[{"embeddable":true,"href":"https:\/\/www.europesays.com\/fr\/wp-json\/wp\/v2\/users\/2"}],"replies":[{"embeddable":true,"href":"https:\/\/www.europesays.com\/fr\/wp-json\/wp\/v2\/comments?post=282438"}],"version-history":[{"count":0,"href":"https:\/\/www.europesays.com\/fr\/wp-json\/wp\/v2\/posts\/282438\/revisions"}],"wp:featuredmedia":[{"embeddable":true,"href":"https:\/\/www.europesays.com\/fr\/wp-json\/wp\/v2\/media\/282439"}],"wp:attachment":[{"href":"https:\/\/www.europesays.com\/fr\/wp-json\/wp\/v2\/media?parent=282438"}],"wp:term":[{"taxonomy":"category","embeddable":true,"href":"https:\/\/www.europesays.com\/fr\/wp-json\/wp\/v2\/categories?post=282438"},{"taxonomy":"post_tag","embeddable":true,"href":"https:\/\/www.europesays.com\/fr\/wp-json\/wp\/v2\/tags?post=282438"}],"curies":[{"name":"wp","href":"https:\/\/api.w.org\/{rel}","templated":true}]}}