{"id":282440,"date":"2025-07-29T17:58:13","date_gmt":"2025-07-29T17:58:13","guid":{"rendered":"https:\/\/www.europesays.com\/fr\/282440\/"},"modified":"2025-07-29T17:58:13","modified_gmt":"2025-07-29T17:58:13","slug":"motogp-2025-lautriche-fait-la-tronche","status":"publish","type":"post","link":"https:\/\/www.europesays.com\/fr\/282440\/","title":{"rendered":"MotoGP 2025 : L\u2019Autriche fait la tronche"},"content":{"rendered":"<p>Alors depuis l&rsquo;\u00e8re MotoGP qui commence en 2016, voici la totalit\u00e9 des vainqueurs (dans cette cylindr\u00e9e dite cat\u00e9gorie reine par des confr\u00e8res sans inspiration). Iannone, Dovizioso (trois fois) Lorenzo (1) Binder (1) et Bagnaia trois fois. Donc pas de Marc Marquez ! Et pas non plus dans les autres cylindr\u00e9es puisqu&rsquo;en 2016, Marc est d\u00e9j\u00e0 en MotoGP. Pas de victoire, mais des bastons de folie avec Dovizioso ! De celles dont on se souvient, la photo ci-dessus en t\u00e9moigne. Mais le circuit s&rsquo;inqui\u00e8te. Il y a eu de grosses affluences en Allemagne et en Tch\u00e9quie mais au Spielberg, la vente est en retard de 10 000 billets, ce qui est juste \u00e9norme. La tribune KTM n&rsquo;existe plus, disparue dans les mesures d&rsquo;aust\u00e9rit\u00e9 d&rsquo;une bo\u00eete pass\u00e9e tout pr\u00e8s du d\u00e9sastre. Sur la grille, aucun pilote allemand ou autrichien, \u00e7a craint et les quatre officiels pas terrible , m\u00eame si Acosta a d\u00e9croch\u00e9 deux podiums en Tch\u00e9quie. Le h\u00e9ros a pris la septi\u00e8me place au g\u00e9n\u00e9ral de Zarco, les autres pilotes KTM sont au-del\u00e0 du top dix. Ezpeleta ne cesse de se r\u00e9pandre sur la beaut\u00e9 de l&rsquo;Autriche, son accueil, sa gastronomie, mais les chiffres sont l\u00e0. Pas la joie. En plus si le site Red Bull, roi de la langue de bois, annonce avec joie que l&rsquo;usine a rouvert cette semaine, ce n&rsquo;est pas sur toutes les lignes de production. Chez les bons connaisseurs du dossier et qui n&rsquo;ont pas la bouche cousue, on indique que KTM a perdu 58% de ventes au premier semestre, en \u00e9coulant 100 000 motos en stock en concessions et n&rsquo;en produisant que 50 000 nouvelles. Les r\u00e9sultats sont redevenus positifs mais on rappelle que plus d&rsquo;un milliard de dettes a \u00e9t\u00e9 effac\u00e9 par la proc\u00e9dure d&rsquo;insolvabilit\u00e9 ! Il y avait parmi les victimes de nombreux membres du personnel, on s&rsquo;attend d&rsquo;ailleurs peut-\u00eatre \u00e0 de nouveaux licenciements, pas la joie l\u00e0 non plus. Bon, Georges Smith Patton disait que le succ\u00e8s est \u00e0 la hauteur \u00e0 laquelle on rebondit quand on a touch\u00e9 le fond. Alors bonne remont\u00e9e kids !<\/p>\n","protected":false},"excerpt":{"rendered":"Alors depuis l&rsquo;\u00e8re MotoGP qui commence en 2016, voici la totalit\u00e9 des vainqueurs (dans cette cylindr\u00e9e dite cat\u00e9gorie&hellip;\n","protected":false},"author":2,"featured_media":282441,"comment_status":"","ping_status":"","sticky":false,"template":"","format":"standard","meta":{"footnotes":""},"categories":[1413],"tags":[17,13989,42162,1011,27,1579,4272,1457,1456,1458,42161,60],"class_list":{"0":"post-282440","1":"post","2":"type-post","3":"status-publish","4":"format-standard","5":"has-post-thumbnail","7":"category-moto","8":"tag-17","9":"tag-autriche","10":"tag-fait-la-tronche","11":"tag-fr","12":"tag-france","13":"tag-ktm","14":"tag-marc-marqez","15":"tag-moto","16":"tag-motocycle","17":"tag-motogp","18":"tag-spielberg","19":"tag-sports"},"share_on_mastodon":{"url":"https:\/\/pubeurope.com\/@fr\/114937823460202416","error":""},"_links":{"self":[{"href":"https:\/\/www.europesays.com\/fr\/wp-json\/wp\/v2\/posts\/282440","targetHints":{"allow":["GET"]}}],"collection":[{"href":"https:\/\/www.europesays.com\/fr\/wp-json\/wp\/v2\/posts"}],"about":[{"href":"https:\/\/www.europesays.com\/fr\/wp-json\/wp\/v2\/types\/post"}],"author":[{"embeddable":true,"href":"https:\/\/www.europesays.com\/fr\/wp-json\/wp\/v2\/users\/2"}],"replies":[{"embeddable":true,"href":"https:\/\/www.europesays.com\/fr\/wp-json\/wp\/v2\/comments?post=282440"}],"version-history":[{"count":0,"href":"https:\/\/www.europesays.com\/fr\/wp-json\/wp\/v2\/posts\/282440\/revisions"}],"wp:featuredmedia":[{"embeddable":true,"href":"https:\/\/www.europesays.com\/fr\/wp-json\/wp\/v2\/media\/282441"}],"wp:attachment":[{"href":"https:\/\/www.europesays.com\/fr\/wp-json\/wp\/v2\/media?parent=282440"}],"wp:term":[{"taxonomy":"category","embeddable":true,"href":"https:\/\/www.europesays.com\/fr\/wp-json\/wp\/v2\/categories?post=282440"},{"taxonomy":"post_tag","embeddable":true,"href":"https:\/\/www.europesays.com\/fr\/wp-json\/wp\/v2\/tags?post=282440"}],"curies":[{"name":"wp","href":"https:\/\/api.w.org\/{rel}","templated":true}]}}