{"id":282448,"date":"2025-07-29T18:02:09","date_gmt":"2025-07-29T18:02:09","guid":{"rendered":"https:\/\/www.europesays.com\/fr\/282448\/"},"modified":"2025-07-29T18:02:09","modified_gmt":"2025-07-29T18:02:09","slug":"il-est-plus-que-temps-de-que-devi","status":"publish","type":"post","link":"https:\/\/www.europesays.com\/fr\/282448\/","title":{"rendered":"\u00ab\u00a0Il est plus que temps de&#8230;\u00a0\u00bb, que devi &#8230;"},"content":{"rendered":"<p data-start=\"280\" data-end=\"640\">Il a \u00e9t\u00e9 Jos\u00e9 pendant plus de 30<br \/>\nans. D\u2019abord dans <a href=\"https:\/\/www.telestar.fr\/serie_tv\/helene-et-les-garcons-des-tensions-pourquoi-patrick-puydebat-a-ete-evince-de-la-serie-1703803\" target=\"_blank\" rel=\"noopener\"><br \/>\nH\u00e9l\u00e8ne et les Gar\u00e7ons<\/a>,<br \/>\npuis dans <a href=\"https:\/\/www.telestar.fr\/people\/elsa-esnoult-enceinte-la-star-des-mysteres-de-lamour-devoile-son-ventre-tres-arrondi-avec-le-futur-papa-1724256\" target=\"_blank\" rel=\"noopener\"><br \/>\nLe Miracle de l\u2019amour<\/a>,<br \/>\nLes Vacances de l\u2019amour,<br \/>\net enfin Les Myst\u00e8res de<br \/>\nl\u2019amour. En d\u00e9cembre 2023, <a href=\"https:\/\/www.telestar.fr\/serie_tv\/les-mysteres-de-lamour-philippe-vasseur-jose-dezingue-la-serie-1700474\" target=\"_blank\" rel=\"noopener\"><br \/>\nPhilippe Vasseur<\/a> mettait un terme \u00e0 cette aventure t\u00e9l\u00e9visuelle<br \/>\nlongue de trois d\u00e9cennies. Un choix radical qu\u2019il assumait<br \/>\npleinement via une vid\u00e9o post\u00e9e sur Facebook.<\/p>\n<p data-start=\"642\" data-end=\"969\">Depuis, l\u2019ex-acteur a tourn\u00e9 la<br \/>\npage. \u00c0 58 ans, il a troqu\u00e9 les scripts pour les pinceaux. Invit\u00e9<br \/>\ndans l\u2019\u00e9mission Que sont-ils<br \/>\ndevenus ? diffus\u00e9e sur <a href=\"https:\/\/www.telestar.fr\/actu_tv\/coup-de-tonnerre-sur-rtl-evince-au-profit-danne-sophie-lapix-yves-calvi-claque-la-porte-1730117\" target=\"_blank\" rel=\"noopener\"><br \/>\nRTL<\/a> tvi, il a expliqu\u00e9 sa nouvelle vie. \u00ab\u00a0\u00c0 mon \u00e2ge, il est plus que temps<br \/>\n<strong>d\u2019essayer de vivre de cette passion<\/strong>\u00ab\u00a0, a-t-il<br \/>\nd\u00e9clar\u00e9, d\u00e9sormais investi \u00e0 100 % dans la peinture.<\/p>\n<p>De Jos\u00e9 \u00e0 artiste peintre : une reconversion \u00e0 c\u0153ur ouvert<\/p>\n<p data-start=\"1034\" data-end=\"1435\">Son d\u00e9part avait surpris les<br \/>\nfans, mais <a href=\"https:\/\/www.telestar.fr\/serie_tv\/les-mysteres-de-lamour-philippe-vasseur-jose-dezingue-la-serie-1700474\" target=\"_blank\" rel=\"noopener\"><br \/>\nl&rsquo;acteur<\/a> n\u2019avait plus envie de faire semblant. \u00ab\u00a0\u00c7a fait longtemps que j&rsquo;avais envie de<br \/>\nm&rsquo;arr\u00eater et d&rsquo;arr\u00eater la s\u00e9rie pour faire mes tableaux\u00a0\u00bb,<br \/>\na-t-il confi\u00e9 face cam\u00e9ra. Quitter un r\u00f4le aussi embl\u00e9matique ?<br \/>\nOui, mais pas sans risques. \u00ab\u00a0C&rsquo;est risqu\u00e9 sauf quand <strong>t&rsquo;en as marre et que t&rsquo;as<br \/>\nenvie de faire ce que tu veux<\/strong> depuis longtemps\u00a0\u00bb,<br \/>\najoutait-il.<\/p>\n<p data-start=\"1437\" data-end=\"1869\">Il expliquait aussi avoir<br \/>\nattendu que son fils soit ind\u00e9pendant pour oser franchir le pas.<br \/>\n\u00ab\u00a0Comme tout le monde,<br \/>\n<strong>j&rsquo;ai des choses \u00e0 payer<\/strong>, j&rsquo;ai les \u00e9tudes de mon<br \/>\ngamin, et c&rsquo;est la priorit\u00e9. Maintenant qu&rsquo;il travaille, que tout<br \/>\nva bien pour lui, je peux penser \u00e0 ma gueule.\u00a0\u00bb Un discours<br \/>\nfranc, \u00e0 l\u2019image de son personnage de toujours. Il vend aujourd\u2019hui<br \/>\nses tableaux entre 1 000 et 2 000 euros pi\u00e8ce, en esp\u00e9rant pouvoir<br \/>\nen vivre.<\/p>\n<p>Fin de s\u00e9rie, d\u00e9but d\u2019une vie choisie :<br \/>\nPhilippe Vasseur assume tout<\/p>\n<p data-start=\"1944\" data-end=\"2395\">Lors de son d\u00e9part, Philippe<br \/>\nVasseur s\u2019\u00e9tait \u00e9galement confi\u00e9 \u00e0 <a href=\"https:\/\/www.telestar.fr\/actu_tv\/meurtres-a-nancy-le-telefilm-de-france-3-a-t-il-vraiment-ete-tourne-a-nancy-1729600\" target=\"_blank\" rel=\"noopener\"><br \/>\nFrance 3<\/a>. Il avouait<br \/>\nne plus se reconna\u00eetre dans les tournages. \u00ab\u00a0Je ne m&rsquo;amusais plus et <strong>j&rsquo;avais du mal \u00e0<br \/>\napprendre les textes<\/strong>, \u00e7a devenait trop lourd pour<br \/>\nmoi\u00a0\u00bb, disait-il. Puis, plus direct encore : \u00ab\u00a0\u00c0 58 ans, j&rsquo;ai le droit de dire que j&rsquo;ai<br \/>\nenvie de tourner dans des trucs de qualit\u00e9, de dire des textes de<br \/>\nqualit\u00e9 o\u00f9 je prends du plaisir, un truc qui me fait bander !<br \/>\nVraiment !\u00a0\u00bb<\/p>\n<p data-start=\"2397\" data-end=\"2738\" data-is-last-node=\"\" data-is-only-node=\"\">Pas question pour autant de renier son pass\u00e9.<br \/>\n\u00ab\u00a0Je ne crache pas dans la<br \/>\nsoupe\u00a0\u00bb, pr\u00e9cisait-il. Mais aujourd\u2019hui, Philippe Vasseur<br \/>\nsemble plus libre que jamais. Loin des cam\u00e9ras, des plateaux et du<br \/>\nrythme des s\u00e9ries, <strong>il s\u2019\u00e9panouit dans un univers qu\u2019il a<br \/>\nchoisi.<\/strong> Et m\u00eame s\u2019il ne vit plus dans le confort d\u2019avant,<br \/>\nil est d\u00e9sormais \u00e0 sa place.<\/p>\n","protected":false},"excerpt":{"rendered":"Il a \u00e9t\u00e9 Jos\u00e9 pendant plus de 30 ans. D\u2019abord dans H\u00e9l\u00e8ne et les Gar\u00e7ons, puis dans Le&hellip;\n","protected":false},"author":2,"featured_media":282449,"comment_status":"","ping_status":"","sticky":false,"template":"","format":"standard","meta":{"footnotes":""},"categories":[1359],"tags":[548,58,59,1011,27,38060,973,2700,521],"class_list":{"0":"post-282448","1":"post","2":"type-post","3":"status-publish","4":"format-standard","5":"has-post-thumbnail","7":"category-people","8":"tag-article-simple","9":"tag-divertissement","10":"tag-entertainment","11":"tag-fr","12":"tag-france","13":"tag-les-mysteres-de-lamour","14":"tag-people","15":"tag-rtl","16":"tag-serie"},"share_on_mastodon":{"url":"https:\/\/pubeurope.com\/@fr\/114937839207285557","error":""},"_links":{"self":[{"href":"https:\/\/www.europesays.com\/fr\/wp-json\/wp\/v2\/posts\/282448","targetHints":{"allow":["GET"]}}],"collection":[{"href":"https:\/\/www.europesays.com\/fr\/wp-json\/wp\/v2\/posts"}],"about":[{"href":"https:\/\/www.europesays.com\/fr\/wp-json\/wp\/v2\/types\/post"}],"author":[{"embeddable":true,"href":"https:\/\/www.europesays.com\/fr\/wp-json\/wp\/v2\/users\/2"}],"replies":[{"embeddable":true,"href":"https:\/\/www.europesays.com\/fr\/wp-json\/wp\/v2\/comments?post=282448"}],"version-history":[{"count":0,"href":"https:\/\/www.europesays.com\/fr\/wp-json\/wp\/v2\/posts\/282448\/revisions"}],"wp:featuredmedia":[{"embeddable":true,"href":"https:\/\/www.europesays.com\/fr\/wp-json\/wp\/v2\/media\/282449"}],"wp:attachment":[{"href":"https:\/\/www.europesays.com\/fr\/wp-json\/wp\/v2\/media?parent=282448"}],"wp:term":[{"taxonomy":"category","embeddable":true,"href":"https:\/\/www.europesays.com\/fr\/wp-json\/wp\/v2\/categories?post=282448"},{"taxonomy":"post_tag","embeddable":true,"href":"https:\/\/www.europesays.com\/fr\/wp-json\/wp\/v2\/tags?post=282448"}],"curies":[{"name":"wp","href":"https:\/\/api.w.org\/{rel}","templated":true}]}}