{"id":282450,"date":"2025-07-29T18:03:09","date_gmt":"2025-07-29T18:03:09","guid":{"rendered":"https:\/\/www.europesays.com\/fr\/282450\/"},"modified":"2025-07-29T18:03:09","modified_gmt":"2025-07-29T18:03:09","slug":"videaste-a-cherbourg-justine-magnifie-son-art-avec-la-pellicule-super-8","status":"publish","type":"post","link":"https:\/\/www.europesays.com\/fr\/282450\/","title":{"rendered":"Vid\u00e9aste \u00e0 Cherbourg, Justine magnifie son art avec la pellicule Super 8"},"content":{"rendered":"<p>            Par<br \/>\n        <strong><br \/>\n            <a href=\"https:\/\/actu.fr\/auteur\/redaction-pressemanche\" title=\"Consulter tous les articles de R\u00e9daction La Presse de la Manche\" rel=\"nofollow noopener\" target=\"_blank\">R\u00e9daction La Presse de la Manche<\/a><br \/>\n        <\/strong><\/p>\n<p>        Publi\u00e9 le<\/p>\n<p>            29 juil. 2025 \u00e0 12h50        <\/p>\n<p data-end=\"795\">Originaire de <a href=\"https:\/\/actu.fr\/hauts-de-france\/lille_59350\" rel=\"nofollow noopener\" target=\"_blank\">Lille<\/a> (Nord), <b>Justine Thery-Minardi <\/b>a rejoint <a href=\"https:\/\/actu.fr\/normandie\/cherbourg-en-cotentin_50129\" rel=\"nofollow noopener\" target=\"_blank\">Cherbourg<\/a> (Manche) en 2020 afin de se rapprocher de sa famille. D\u00e8s son plus jeune \u00e2ge, cette <b>jeune femme de 30 ans<\/b> avait une id\u00e9e pr\u00e9cise de son avenir : se consacrer \u00e0 l\u2019<b>art<\/b> et au <b>cin\u00e9ma<\/b>.<\/p>\n<p data-end=\"795\" class=\" wall-content\">Son parcours universitaire en t\u00e9moigne : option cin\u00e9ma au lyc\u00e9e, une ann\u00e9e de mise \u00e0 niveau en arts appliqu\u00e9s (MANAA), trois ann\u00e9es aux Beaux-Arts d\u2019<a href=\"https:\/\/actu.fr\/auvergne-rhone-alpes\/annecy_74010\" rel=\"nofollow noopener\" target=\"_blank\">Annecy<\/a> (Haute-Savoie), puis deux ans \u00e0 l\u2019\u00c9cole de recherche graphique (ERG) de Bruxelles.<\/p>\n<p>Animatrice \u00e0 la MJC de la Br\u00e8che<\/p>\n<p data-end=\"1093\" class=\" wall-content\"><b>Animatrice socioculturelle<\/b>, Justine travaille \u00e0 la MJC de La Br\u00e8che et propose \u00e9galement des <b>ateliers artistiques <\/b>avec des structures locales, notamment des ateliers d\u2019art-th\u00e9rapie et d\u2019\u00e9criture positive avec l\u2019association Vivre son deuil, pour accompagner les personnes ayant perdu un proche.<\/p>\n<p data-end=\"1461\" class=\" wall-content\">La Cherbourgeoise s\u2019est toujours sentie particuli\u00e8rement <b>sensible <\/b>et <b>r\u00e9ceptive <\/b>au cin\u00e9ma et \u00e0 la <b>vid\u00e9o<\/b>. Cette <b>passion<\/b>, qu\u2019elle poursuit en parall\u00e8le de son activit\u00e9 professionnelle, constitue pour elle un m\u00e9dium artistique \u00e0 part enti\u00e8re, o\u00f9 se rencontrent l\u2019art visuel et l\u2019\u00e9criture. Ces deux dimensions nourrissent son message et fa\u00e7onnent l\u2019\u00e9motion transmise au spectateur.<\/p>\n<p data-end=\"1761\" class=\" wall-content\">Curieuse et passionn\u00e9e, Justine a visionn\u00e9 et analys\u00e9 un grand nombre de films, explorant en profondeur les subtilit\u00e9s de cet art : sc\u00e9nario, esth\u00e9tique, montage, technique de l\u2019image\u2026 Au fil du temps, ses connaissances se sont enrichies, son regard s\u2019est affin\u00e9, affirmant peu \u00e0 peu sa ma\u00eetrise.<\/p>\n<p data-end=\"2459\" class=\" wall-content\">Ce qui la distingue, c\u2019est son choix d\u2019explorer aussi bien les<b> outils num\u00e9riques <\/b>que le <b>format argentique<\/b>, notamment la <b>pellicule Super 8<\/b>. Dans le monde du cin\u00e9ma amateur, le Super 8 \u00e9voque une<b> nostalgie inimitable<\/b>, un v<b>oyage dans le temps <\/b>o\u00f9 les souvenirs prenaient vie sur des bobines argentiques.<\/p>\n<p>Vid\u00e9os : en ce moment sur Actu<\/p>\n<p data-end=\"2459\" class=\" wall-content\">Contrairement au num\u00e9rique, o\u00f9 l\u2019on peut effacer et recommencer \u00e0 l\u2019infini, chaque seconde de pellicule Super 8 est pr\u00e9cieuse. Les erreurs, les surexpositions, les flous deviennent partie int\u00e9grante de l\u2019histoire racont\u00e9e, conf\u00e9rant une <b>authenticit\u00e9 <\/b>que les filtres Instagram peinent \u00e0 reproduire. Son<b> grain chaleureux<\/b> et son<b> esth\u00e9tique intemporelle<\/b> apportent une <b>touche vintage et po\u00e9tique<\/b>.<\/p>\n<p>R\u00e9alisatrice de clips<\/p>\n<p data-end=\"3016\" class=\" wall-content\">L\u2019artiste s\u2019amuse d\u2019ailleurs \u00e0 superposer images num\u00e9riques et pellicule, allant parfois jusqu\u2019\u00e0 gratter la surface pour obtenir des effets visuels inattendus. En tant que <b>vid\u00e9aste<\/b>, elle a notamment sign\u00e9 le premier clip \u00ab Fading Crown \u00bb du groupe <a href=\"https:\/\/actu.fr\/normandie\/cherbourg-en-cotentin_50129\/ce-duo-forme-par-un-cherbourgeois-et-un-caennais-sort-un-premier-ep_62611912.html\" rel=\"nofollow noopener\" target=\"_blank\">Aside<\/a>, m\u00ealant des sc\u00e8nes film\u00e9es \u00e0 Cherbourg en Super 8 et des extraits de vieux films.<\/p>\n<p data-end=\"3016\" class=\" wall-content\">\n<p data-end=\"3016\" class=\" wall-content\">Elle a \u00e9galement r\u00e9alis\u00e9 un clip pour l\u2019association cherbourgeoise TKT, ainsi qu\u2019une vid\u00e9o sc\u00e9nographique pour le collectif lesbien et queer parisien Dyketopia, s\u00e9lectionn\u00e9e pour l\u2019un de leurs \u00e9v\u00e9nements organis\u00e9s \u00e0 Berlin.<\/p>\n<p data-end=\"3455\" class=\" wall-content\">Ses cr\u00e9ations sont impr\u00e9gn\u00e9es de ses <b>valeurs humanistes, sociales et f\u00e9ministes<\/b>, mais aussi d\u2019un profond attachement \u00e0 la nature, aux animaux, \u00e0 l\u2019onirisme, aux r\u00eaves, \u00e0 l\u2019inconscient et \u00e0 la po\u00e9sie.<b> Grande amatrice de musique<\/b>, Justine souhaite aujourd\u2019hui mettre son style singulier au service de projets locaux, en collaborant avec des groupes ou des associations pour cr\u00e9er des clips, des contenus visuels ou des animations sc\u00e9niques.<\/p>\n<p data-end=\"3740\" class=\" wall-content\">Si la rencontre humaine et artistique est au rendez-vous, elle saura s\u2019adapter \u00e0 vos envies et \u00e0 votre \u00e9nergie. Pour un visuel original qui r\u00e9v\u00e8le votre univers, ou pour accompagner vos musiques et vos \u00e9v\u00e9nements, laissez-vous tenter par une collaboration avec Justine Thery-Minardi.<\/p>\n<p data-end=\"3740\" class=\" wall-content\"><b>De notre correspondante Aurore VIGOUROUX<\/b><\/p>\n<p>Plus d\u2019infos \u00e0 <a href=\"http:\/\/actu.fr\/cdn-cgi\/l\/email-protection#99eaedf0f7fcb7edf1fcebe0d9fef4f8f0f5b7faf6f4\" rel=\"nofollow noopener\" target=\"_blank\">[email\u00a0protected]<\/a> ou la page Instagram <a href=\"https:\/\/www.instagram.com\/justinetheryminardi\/\" rel=\"nofollow noopener\" target=\"_blank\">Justine Thery-Minardi<\/a>.<\/p>\n<p class=\" wall-content\">Suivez toute l\u2019actualit\u00e9 de vos villes et m\u00e9dias favoris en vous inscrivant \u00e0 <a href=\"https:\/\/moncompte.actu.fr\" title=\"D\u00e9couvez Mon Actu\" rel=\"nofollow noopener\" data-trk=\"{&quot;cta&quot;:{&quot;action&quot;:&quot;https:\\\/\\\/moncompte.actu.fr&quot;,&quot;category&quot;:&quot;mon compte&quot;,&quot;from&quot;:&quot;article footer&quot;,&quot;name&quot;:&quot;Mon actu&quot;,&quot;type&quot;:&quot;cta&quot;}}\" target=\"_blank\">Mon Actu<\/a>.<\/p>\n<p>                    <script async src=\"\/\/www.instagram.com\/embed.js\"><\/script><\/p>\n","protected":false},"excerpt":{"rendered":"Par R\u00e9daction La Presse de la Manche Publi\u00e9 le 29 juil. 2025 \u00e0 12h50 Originaire de Lille (Nord),&hellip;\n","protected":false},"author":2,"featured_media":282451,"comment_status":"","ping_status":"","sticky":false,"template":"","format":"standard","meta":{"footnotes":""},"categories":[1358],"tags":[1348,1384,1385,650,3168,1386,58,59,1011,27,1652,133],"class_list":{"0":"post-282450","1":"post","2":"type-post","3":"status-publish","4":"format-standard","5":"has-post-thumbnail","7":"category-arts-et-design","8":"tag-arts","9":"tag-arts-and-design","10":"tag-arts-et-design","11":"tag-cinema","12":"tag-cotentin","13":"tag-design","14":"tag-divertissement","15":"tag-entertainment","16":"tag-fr","17":"tag-france","18":"tag-loisirs-culture","19":"tag-video"},"share_on_mastodon":{"url":"https:\/\/pubeurope.com\/@fr\/114937843087824557","error":""},"_links":{"self":[{"href":"https:\/\/www.europesays.com\/fr\/wp-json\/wp\/v2\/posts\/282450","targetHints":{"allow":["GET"]}}],"collection":[{"href":"https:\/\/www.europesays.com\/fr\/wp-json\/wp\/v2\/posts"}],"about":[{"href":"https:\/\/www.europesays.com\/fr\/wp-json\/wp\/v2\/types\/post"}],"author":[{"embeddable":true,"href":"https:\/\/www.europesays.com\/fr\/wp-json\/wp\/v2\/users\/2"}],"replies":[{"embeddable":true,"href":"https:\/\/www.europesays.com\/fr\/wp-json\/wp\/v2\/comments?post=282450"}],"version-history":[{"count":0,"href":"https:\/\/www.europesays.com\/fr\/wp-json\/wp\/v2\/posts\/282450\/revisions"}],"wp:featuredmedia":[{"embeddable":true,"href":"https:\/\/www.europesays.com\/fr\/wp-json\/wp\/v2\/media\/282451"}],"wp:attachment":[{"href":"https:\/\/www.europesays.com\/fr\/wp-json\/wp\/v2\/media?parent=282450"}],"wp:term":[{"taxonomy":"category","embeddable":true,"href":"https:\/\/www.europesays.com\/fr\/wp-json\/wp\/v2\/categories?post=282450"},{"taxonomy":"post_tag","embeddable":true,"href":"https:\/\/www.europesays.com\/fr\/wp-json\/wp\/v2\/tags?post=282450"}],"curies":[{"name":"wp","href":"https:\/\/api.w.org\/{rel}","templated":true}]}}