{"id":282454,"date":"2025-07-29T18:05:25","date_gmt":"2025-07-29T18:05:25","guid":{"rendered":"https:\/\/www.europesays.com\/fr\/282454\/"},"modified":"2025-07-29T18:05:25","modified_gmt":"2025-07-29T18:05:25","slug":"ingrid-chauvin-demain-nous-appartient-nous-raconte-sa-premiere-rencontre-avec-clement-remiens-et-espere-son-retour","status":"publish","type":"post","link":"https:\/\/www.europesays.com\/fr\/282454\/","title":{"rendered":"Ingrid Chauvin (Demain nous appartient) nous raconte sa premi\u00e8re rencontre avec Cl\u00e9ment R\u00e9miens, et esp\u00e8re son retour"},"content":{"rendered":"<p>Ce vendredi 1er ao\u00fbt 2025, Demain nous appartient va franchir <a href=\"https:\/\/www.programme-tv.net\/news\/series-tv\/383996-cette-serie-fete-son-2000eme-episode-cette-semaine-et-vous-la-connaissez-forcement\/\" data-api-deeplink=\"teleloisirs:\/\/news\/383996\" target=\"_blank\" rel=\"noopener\">un cap plus que symbolique<\/a>. Ce jour-l\u00e0, la cha\u00eene TF1 va en effet diffuser le 2000\u00e8me \u00e9pisode de son feuilleton quotidien, lanc\u00e9 il y a plus de 8 ans, le 17 juillet 2017 tr\u00e8s pr\u00e9cis\u00e9ment. Un premier \u00e9pisode suivi \u00e0 l&rsquo;\u00e9poque par pr\u00e8s de 3,2 millions de t\u00e9l\u00e9spectateurs curieux ! Lors du 64\u00e8me Festival de t\u00e9l\u00e9vision de Monte-Carlo, T\u00e9l\u00e9-Loisirs a interview\u00e9 Ingrid Chauvin et <a href=\"https:\/\/www.programme-tv.net\/biographie\/6091-brasseur-alexandre\/\" data-link-people=\"40ebf44f-a60a-4958-b1be-bd277a9a6c0e\" target=\"_blank\" rel=\"noopener\">Alexandre Brasseur<\/a>, les interpr\u00e8tes historiques de Chlo\u00e9 et Alex. L&rsquo;occasion, justement, de faire le point sur DNA, qui a vu <a href=\"https:\/\/www.programme-tv.net\/news\/series-tv\/383182-demain-nous-appartient-l-arrivee-de-jean-luc-reichmann-offre-un-record-d-audience-au-feuilleton-de-tf1\/\" data-api-deeplink=\"teleloisirs:\/\/news\/383182\" target=\"_blank\" rel=\"noopener\">arriver r\u00e9cemment Jean-Luc Reichmann<\/a> et s&rsquo;appr\u00eate <a href=\"https:\/\/www.programme-tv.net\/news\/series-tv\/378755-exclu-corinne-touzet-arrive-dans-demain-nous-appartient-pour-jouer-la-soeur-d-un-personnage-emblematique\/\" data-api-deeplink=\"teleloisirs:\/\/news\/378755\" target=\"_blank\" rel=\"noopener\">\u00e0 accueillir Corinne Touzet<\/a>.<\/p>\n<p>Demain nous appartient : \u00ab\u00a0Elle nous a beaucoup manqu\u00e9\u00a0\u00bb, Ingrid Chauvin r\u00e9agit au retour d&rsquo;Alice Varela dans le feuilleton<\/p>\n<p>Faire le point sur DNA, c&rsquo;est aussi revenir sur <a href=\"https:\/\/www.programme-tv.net\/news\/series-tv\/381239-demain-nous-appartient-m-avait-manque-alice-varela-judith-reagit-a-son-retour-dans-le-feuilleton-de-tf1\/\" data-api-deeplink=\"teleloisirs:\/\/news\/381239\" target=\"_blank\" rel=\"noopener\">le retour d&rsquo;Alice Varela, alias Judith<\/a>, la fille de Chlo\u00e9 et Alex, absente de S\u00e8te pendant plus d&rsquo;un an et demi. Un retour qui a logiquement ravi Ingrid Chauvin : \u00ab\u00a0Elle nous a beaucoup manqu\u00e9. En m\u00eame temps, on comprend que les jeunes aient envie de vivre leur exp\u00e9rience, de vivre des choses. Mais c&rsquo;est vraiment chouette de la retrouver !\u00a0\u00bb M\u00eame son de cloche chez Alexandre Brasseur, qui souligne la sp\u00e9cificit\u00e9 d&rsquo;un feuilleton quotidien, sujet \u00e0 des d\u00e9parts puis des retours : \u00ab\u00a0Dans une s\u00e9rie comme la n\u00f4tre, les personnages ne sont pas fig\u00e9s. Ce n&rsquo;est pas parce que vous revenez que c&rsquo;est pour la vie ou pour des ann\u00e9es. Alice peut venir, passer quinze jours, deux ou trois mois pour, raconter une histoire et puis repartir pour faire ses propres exp\u00e9riences et son chemin. Rien n&rsquo;est fig\u00e9.\u00a0\u00bb<\/p>\n<p>Quant \u00e0 l&rsquo;acteur qu&rsquo;ils souhaiteraient voir revenir dans Demain nous appartient, Ingrid Chauvin et Alexandre Brasseur sont une nouvelle fois raccords : Cl\u00e9ment R\u00e9miens, l&rsquo;interpr\u00e8te de Maxime, le fils de Chlo\u00e9 et Alex. \u00ab\u00a0C&rsquo;est notre fils quoi !\u00a0\u00bb r\u00e9agit Brasseur, avant d&rsquo;approfondir, \u00ab\u00a0On s&rsquo;entendait bien avec lui. \u00c7a matchait bien m\u00eame avec Alice. \u00c7a matchait bien dans notre histoire familiale. Et puis dans le feuilleton, on a besoin d&rsquo;avoir des antagonismes, de cr\u00e9er du conflit avec les parents. Donc les enfants, c&rsquo;est g\u00e9n\u00e9rationnel. Plus on en a, mieux on se porte.\u00a0\u00bb<\/p>\n<p>Demain nous appartient : \u00ab\u00a0Je me souviens de la premi\u00e8re fois o\u00f9 je l&rsquo;ai vu d\u00e9barquer&#8230;\u00a0\u00bb, Ingrid Chauvin raconte sa premi\u00e8re rencontre avec Cl\u00e9ment R\u00e9miens et d\u00e9clare qu&rsquo;elle souhaite qu&rsquo;il revienne !<\/p>\n<p>Ingrid Chauvin se rappelle de leur rencontre, au d\u00e9but du tournage de DNA : \u00ab\u00a0La toute premi\u00e8re fois o\u00f9 je l&rsquo;ai vu d\u00e9barquer, il est venu me voir en me disant : &lsquo;Je suis ton fils&rsquo;. Il avait la banane jusque-l\u00e0. Il a d\u00e9marr\u00e9 avec nous. On a v\u00e9cu des moments extr\u00eamement touchants. Ce serait chouette [qu&rsquo;il revienne]\u00a0\u00bb. Parti de Demain nous appartient pour Ici tout commence en 2020, qu&rsquo;il a quitt\u00e9 deux ans plus tard, Cl\u00e9ment R\u00e9miens n&rsquo;est pas encore revenu \u00e0 S\u00e8te. Pourrait-on l&rsquo;y revoir ? Myst\u00e8re&#8230;<\/p>\n","protected":false},"excerpt":{"rendered":"Ce vendredi 1er ao\u00fbt 2025, Demain nous appartient va franchir un cap plus que symbolique. Ce jour-l\u00e0, la&hellip;\n","protected":false},"author":2,"featured_media":282455,"comment_status":"","ping_status":"","sticky":false,"template":"","format":"standard","meta":{"footnotes":""},"categories":[1356],"tags":[42163,244,3598,58,59,31241,1011,27,34819,2173,5250,5252,252,199,5251,1364],"class_list":{"0":"post-282454","1":"post","2":"type-post","3":"status-publish","4":"format-standard","5":"has-post-thumbnail","7":"category-television","8":"tag-clu00e9ment-ru00e9miens","9":"tag-commentaire","10":"tag-demain-nous-appartient","11":"tag-divertissement","12":"tag-entertainment","13":"tag-festival-de-tu00e9lu00e9vision-de-monte-carlo","14":"tag-fr","15":"tag-france","16":"tag-ingrid-chauvin","17":"tag-interview","18":"tag-lorie","19":"tag-su00e9ries-mania","20":"tag-television","21":"tag-tf1","22":"tag-tu00e9lu00e9-loisirs","23":"tag-tv"},"share_on_mastodon":{"url":"https:\/\/pubeurope.com\/@fr\/114937851030240319","error":""},"_links":{"self":[{"href":"https:\/\/www.europesays.com\/fr\/wp-json\/wp\/v2\/posts\/282454","targetHints":{"allow":["GET"]}}],"collection":[{"href":"https:\/\/www.europesays.com\/fr\/wp-json\/wp\/v2\/posts"}],"about":[{"href":"https:\/\/www.europesays.com\/fr\/wp-json\/wp\/v2\/types\/post"}],"author":[{"embeddable":true,"href":"https:\/\/www.europesays.com\/fr\/wp-json\/wp\/v2\/users\/2"}],"replies":[{"embeddable":true,"href":"https:\/\/www.europesays.com\/fr\/wp-json\/wp\/v2\/comments?post=282454"}],"version-history":[{"count":0,"href":"https:\/\/www.europesays.com\/fr\/wp-json\/wp\/v2\/posts\/282454\/revisions"}],"wp:featuredmedia":[{"embeddable":true,"href":"https:\/\/www.europesays.com\/fr\/wp-json\/wp\/v2\/media\/282455"}],"wp:attachment":[{"href":"https:\/\/www.europesays.com\/fr\/wp-json\/wp\/v2\/media?parent=282454"}],"wp:term":[{"taxonomy":"category","embeddable":true,"href":"https:\/\/www.europesays.com\/fr\/wp-json\/wp\/v2\/categories?post=282454"},{"taxonomy":"post_tag","embeddable":true,"href":"https:\/\/www.europesays.com\/fr\/wp-json\/wp\/v2\/tags?post=282454"}],"curies":[{"name":"wp","href":"https:\/\/api.w.org\/{rel}","templated":true}]}}