{"id":282458,"date":"2025-07-29T18:07:10","date_gmt":"2025-07-29T18:07:10","guid":{"rendered":"https:\/\/www.europesays.com\/fr\/282458\/"},"modified":"2025-07-29T18:07:10","modified_gmt":"2025-07-29T18:07:10","slug":"taxi-rediffuse-sur-tf-1-notre-classement-des-cinq-films-de-la-saga-du-pire-au-meilleur","status":"publish","type":"post","link":"https:\/\/www.europesays.com\/fr\/282458\/","title":{"rendered":"\u00ab\u00a0Taxi\u00a0\u00bb rediffus\u00e9 sur TF\u00a01\u00a0: notre classement des cinq films de la saga, du pire au meilleur"},"content":{"rendered":"<p class=\"paragraph text_align_left lp-f-body-02\">Un livreur de pizza qui devient chauffeur de taxi, un policier qui accumule les bourdes et ne sait m\u00eame pas passer la premi\u00e8re\u2026 <a href=\"https:\/\/www.leparisien.fr\/culture-loisirs\/cinema\/je-ne-me-ferme-a-rien-un-sixieme-taxi-pourrait-il-voir-le-jour-28-07-2025-TSV3VGDI4VB4BOANB4HBXD5LK4.php\" target=\"_blank\" rel=\"noreferrer nofollow noopener\">Les films \u00ab Taxi \u00bb<\/a> ont marqu\u00e9 le tournant des ann\u00e9es 1990 et 2000 avec au total 31 millions d\u2019entr\u00e9es en salle en France. Sans compter les s\u00e9ances de rattrapage sur petit \u00e9cran : TF 1 rediffuse la saga tout l\u2019\u00e9t\u00e9. C\u2019est au tour du quatri\u00e8me opus, coproduit par la Une, de repasser \u00e0 l\u2019antenne ce mardi soir. Alors, que vaut-il en comparaison des autres ? On a fait pour vous le classement, en toute subjectivit\u00e9, des cinq \u00ab Taxi \u00bb.<\/p>\n","protected":false},"excerpt":{"rendered":"Un livreur de pizza qui devient chauffeur de taxi, un policier qui accumule les bourdes et ne sait&hellip;\n","protected":false},"author":2,"featured_media":282459,"comment_status":"","ping_status":"","sticky":false,"template":"","format":"standard","meta":{"footnotes":""},"categories":[1354],"tags":[650,872,58,59,1346,1011,27,1360],"class_list":{"0":"post-282458","1":"post","2":"type-post","3":"status-publish","4":"format-standard","5":"has-post-thumbnail","7":"category-films","8":"tag-cinema","9":"tag-culture-et-loisirs","10":"tag-divertissement","11":"tag-entertainment","12":"tag-films","13":"tag-fr","14":"tag-france","15":"tag-movies"},"share_on_mastodon":{"url":"https:\/\/pubeurope.com\/@fr\/114937858822621857","error":""},"_links":{"self":[{"href":"https:\/\/www.europesays.com\/fr\/wp-json\/wp\/v2\/posts\/282458","targetHints":{"allow":["GET"]}}],"collection":[{"href":"https:\/\/www.europesays.com\/fr\/wp-json\/wp\/v2\/posts"}],"about":[{"href":"https:\/\/www.europesays.com\/fr\/wp-json\/wp\/v2\/types\/post"}],"author":[{"embeddable":true,"href":"https:\/\/www.europesays.com\/fr\/wp-json\/wp\/v2\/users\/2"}],"replies":[{"embeddable":true,"href":"https:\/\/www.europesays.com\/fr\/wp-json\/wp\/v2\/comments?post=282458"}],"version-history":[{"count":0,"href":"https:\/\/www.europesays.com\/fr\/wp-json\/wp\/v2\/posts\/282458\/revisions"}],"wp:featuredmedia":[{"embeddable":true,"href":"https:\/\/www.europesays.com\/fr\/wp-json\/wp\/v2\/media\/282459"}],"wp:attachment":[{"href":"https:\/\/www.europesays.com\/fr\/wp-json\/wp\/v2\/media?parent=282458"}],"wp:term":[{"taxonomy":"category","embeddable":true,"href":"https:\/\/www.europesays.com\/fr\/wp-json\/wp\/v2\/categories?post=282458"},{"taxonomy":"post_tag","embeddable":true,"href":"https:\/\/www.europesays.com\/fr\/wp-json\/wp\/v2\/tags?post=282458"}],"curies":[{"name":"wp","href":"https:\/\/api.w.org\/{rel}","templated":true}]}}