{"id":282470,"date":"2025-07-29T18:13:11","date_gmt":"2025-07-29T18:13:11","guid":{"rendered":"https:\/\/www.europesays.com\/fr\/282470\/"},"modified":"2025-07-29T18:13:11","modified_gmt":"2025-07-29T18:13:11","slug":"que-sait-on-des-ong-israeliennes-btselem-et-physicians-for-human-rights-israel-qui-accusent-israel-de-genocide-a-gaza-liberation","status":"publish","type":"post","link":"https:\/\/www.europesays.com\/fr\/282470\/","title":{"rendered":"Que sait-on des ONG isra\u00e9liennes B\u2019Tselem et Physicians for Human Rights Israel, qui accusent Isra\u00ebl de g\u00e9nocide \u00e0 Gaza\u00a0? \u2013 Lib\u00e9ration"},"content":{"rendered":"<p class=\"sc-ksZaOG ehjQrN text-element\">\u00abRien ne vous pr\u00e9pare \u00e0 r\u00e9aliser que vous faites partie d\u2019une soci\u00e9t\u00e9 qui commet un <a href=\"https:\/\/www.liberation.fr\/idees-et-debats\/tribunes\/pourquoi-faut-il-nommer-le-genocide-a-gaza-par-marc-weitzmann-20250620_3Q5I6SVOU5AC5HB6PHGARRT2LU\/\" target=\"_blank\" rel=\"nofollow noopener\" title=\"https:\/\/www.liberation.fr\/idees-et-debats\/tribunes\/pourquoi-faut-il-nommer-le-genocide-a-gaza-par-marc-weitzmann-20250620_3Q5I6SVOU5AC5HB6PHGARRT2LU\/\">g\u00e9nocide<\/a>. C\u2019est un moment d\u2019une douleur profonde.\u00bb Ce sont les mots employ\u00e9s par Yuli Novak, la directrice ex\u00e9cutive de l\u2019ONG isra\u00e9lienne B\u2019Tselem, dans un <a href=\"https:\/\/www.btselem.org\/publications\/202507_our_genocide\" target=\"_blank\" rel=\"nofollow noopener\" title=\"https:\/\/www.btselem.org\/publications\/202507_our_genocide\">communiqu\u00e9 publi\u00e9 conjointement avec l\u2019organisation Physicians for Human Rights-Israel <\/a>(PHRI) lundi 28 juillet. Ces <a href=\"https:\/\/www.liberation.fr\/international\/moyen-orient\/trump-annonce-des-centres-de-distribution-alimentaire-a-gaza-deux-ong-israeliennes-affirment-quisrael-commet-un-genocide-lactu-du-conflit-au-proche-orient-ce-lundi-28-juillet-20250728_LZXC3WVDN5BOZFBJLHIBO653F4\/?redirected=1\" target=\"_blank\" rel=\"nofollow noopener\" title=\"https:\/\/www.liberation.fr\/international\/moyen-orient\/trump-annonce-des-centres-de-distribution-alimentaire-a-gaza-deux-ong-israeliennes-affirment-quisrael-commet-un-genocide-lactu-du-conflit-au-proche-orient-ce-lundi-28-juillet-20250728_LZXC3WVDN5BOZFBJLHIBO653F4\/?redirected=1\">ONG isra\u00e9liennes<\/a> sont des piliers de la d\u00e9fense des droits de l\u2019homme dans leur pays. M\u00eame si elles <a href=\"https:\/\/www.btselem.org\/press_releses\/20240207_israel_based_civil_society_and_human_rights_organizations_call_for_a_ceasefire\" target=\"_blank\" rel=\"nofollow noopener\" title=\"https:\/\/www.btselem.org\/press_releses\/20240207_israel_based_civil_society_and_human_rights_organizations_call_for_a_ceasefire\">appellent \u00e0 un cessez-le-feu <\/a>entre Isra\u00ebl et le Hamas depuis f\u00e9vrier 2024, parler du \u00abg\u00e9nocide\u00bb men\u00e9 par leur gouvernement \u00e0 Gaza est un retentissement. \u00abEn tant que personnes isra\u00e9liennes et palestiniennes qui vivent ici et sont t\u00e9moins de la r\u00e9alit\u00e9 chaque jour, nous avons le devoir de dire la v\u00e9rit\u00e9 avec clart\u00e9 : Isra\u00ebl commet un g\u00e9nocide contre les Palestiniens\u00bb, a poursuivi <a href=\"https:\/\/www.liberation.fr\/international\/moyen-orient\/reunis-a-paris-des-defenseurs-des-droits-humains-exposent-la-tentative-de-destruction-complete-de-la-societe-palestinienne-20250318_PJU4Y4EEZRB5LB4JIZ2QX36WKI\/\" target=\"_blank\" rel=\"nofollow noopener\" title=\"https:\/\/www.liberation.fr\/international\/moyen-orient\/reunis-a-paris-des-defenseurs-des-droits-humains-exposent-la-tentative-de-destruction-complete-de-la-societe-palestinienne-20250318_PJU4Y4EEZRB5LB4JIZ2QX36WKI\/\">Yuli Novak.<\/a><\/p>\n<p class=\"sc-ksZaOG ehjQrN text-element\">Toutes deux cr\u00e9\u00e9es \u00e0 la fin des ann\u00e9es 1980, ces ONG sont d\u00e9sormais bien install\u00e9es dans le paysage isra\u00e9lien. B\u2019Tselem (\u00ab\u00e0 l\u2019image de\u00bb en h\u00e9breu) a \u00e9t\u00e9 fond\u00e9e en 1989 par des avocats, des journalistes, des universitaires ou encore, des membres de la Knesset. Ses fondamentaux, rappel\u00e9s sur son site internet : \u00abNous documentons, \u00e9tudions et publions des statistiques, des t\u00e9moignages, des vid\u00e9os, des prises de position et des rapports sur les violations des droits humains commises par Isra\u00ebl dans les territoires occup\u00e9s.\u00bb Elle se fait conna\u00eetre d\u00e8s 1991 en documentant la torture de prisonniers palestiniens par Isra\u00ebl durant la premi\u00e8re intifada.<\/p>\n<p class=\"sc-ksZaOG ehjQrN text-element\">L\u2019ONG est dans le viseur du Premier ministre isra\u00e9lien depuis de nombreuses ann\u00e9es. En 2016, le gouvernement de N\u00e9tanyahou avait ainsi restreint les droits de 27 ONG dites \u00abprogressistes\u00bb, via une loi port\u00e9e par <a href=\"https:\/\/www.liberation.fr\/planete\/2019\/02\/20\/ayelet-shaked-le-nouveau-virage-de-l-ultradroite-israelienne_1710602\/\" target=\"_blank\" rel=\"nofollow noopener\" title=\"https:\/\/www.liberation.fr\/planete\/2019\/02\/20\/ayelet-shaked-le-nouveau-virage-de-l-ultradroite-israelienne_1710602\/\">Ayelet Shaked,<\/a> ministre isra\u00e9lienne de la Justice et figure de l\u2019extr\u00eame droite. Sous pr\u00e9texte de \u00abtransparence\u00bb, la quadra avait oblig\u00e9 les organisations financ\u00e9es \u00e0 plus de 50 % en dehors d\u2019Isra\u00ebl \u2013 comme B\u2019Tselem \u2013 \u00e0 se d\u00e9clarer aupr\u00e8s des autorit\u00e9s locales, sous peine d\u2019amende. A l\u2019\u00e9poque, Etats et organisations transnationales s\u2019\u00e9taient inqui\u00e9t\u00e9es du passage de cette loi, jug\u00e9e comme une attaque du gouvernement contre les groupes de d\u00e9fense des droits de l\u2019homme.<\/p>\n<p class=\"sc-ksZaOG ehjQrN text-element\">Nouvelle tension l\u2019ann\u00e9e suivante, quand Benyamin N\u00e9tanyahou tente d\u2019emp\u00eacher une rencontre entre ministre allemand des Affaires \u00e9trang\u00e8res de rencontrer B\u2019Tselem. Le directeur de l\u2019ONG de l\u2019\u00e9poque, <a href=\"https:\/\/www.liberation.fr\/planete\/2017\/11\/26\/le-controle-impose-par-israel-a-des-personnes-privees-de-leurs-droits-est-inexcusable_1612619\/\" target=\"_blank\" rel=\"nofollow noopener\" title=\"https:\/\/www.liberation.fr\/planete\/2017\/11\/26\/le-controle-impose-par-israel-a-des-personnes-privees-de-leurs-droits-est-inexcusable_1612619\/\">Haga\u00ef El-Ad,<\/a> r\u00e9plique dans le Haaretz, assurant que son organisation \u00abne re\u00e7oit pas d\u2019ordres de N\u00e9tanyahou. Le monde non plus\u00bb. En raison de son engagement, le directeur isra\u00e9lien de l\u2019ONG a \u00e9t\u00e9 trait\u00e9 \u00e0 plusieurs reprises de \u00abtra\u00eetre \u00e0 la patrie\u00bb. B\u2019Tselem a pourtant \u00e9t\u00e9 r\u00e9compens\u00e9e six fois par des prix des droits de l\u2019homme. Le dernier en date n\u2019est autre que celui de la R\u00e9publique fran\u00e7aise, en 2018.<\/p>\n<p class=\"sc-ksZaOG ehjQrN text-element\">La guerre des mots se poursuit en 2021. Dans un rapport, l\u2019ONG accuse pour la premi\u00e8re fois Isra\u00ebl d\u2019\u00eatre \u00abun r\u00e9gime de supr\u00e9matie juive, du fleuve Jourdain \u00e0 la mer M\u00e9diterran\u00e9e : c\u2019est l\u2019apartheid\u00bb. A l\u2019\u00e9poque, le porte-parole de l\u2019organisation, Amit Gilutz, ajoute : \u00abOn ne peut pas parler de d\u00e9mocratie lorsqu\u2019un groupe de personnes en contr\u00f4le un autre et \u0153uvre en permanence \u00e0 perp\u00e9tuer cette domination. C\u2019est l\u2019exacte d\u00e9finition de <a href=\"https:\/\/www.liberation.fr\/idees-et-debats\/tribunes\/pour-que-2021-soit-lannee-de-la-fin-de-lapartheid-en-israel-20210727_DRP24UOQRFB7TBR3KZFVYEEG6A\/\" target=\"_blank\" rel=\"nofollow noopener\" title=\"https:\/\/www.liberation.fr\/idees-et-debats\/tribunes\/pour-que-2021-soit-lannee-de-la-fin-de-lapartheid-en-israel-20210727_DRP24UOQRFB7TBR3KZFVYEEG6A\/\">l\u2019apartheid<\/a>.\u00bb<\/p>\n<p class=\"sc-ksZaOG ehjQrN text-element\">Lorsque Haga\u00ef El-Ad quitte l\u2019ONG en 2023, quelques mois avant l\u2019attaque du 7 Octobre, le journal le Monde d\u00e9crit son organisation comme \u00abla plus influente, peut-\u00eatre la plus intransigeante des organisations isra\u00e9liennes de d\u00e9fense des droits humains\u00bb. C\u2019est d\u00e9sormais la militante Yuli Novak qui est \u00e0 la t\u00eate de l\u2019ONG. Avant d\u2019en devenir la directrice en 2023, elle occupe le m\u00eame poste au sein de l\u2019organisation <a href=\"https:\/\/www.liberation.fr\/planete\/2017\/12\/03\/israel-le-linge-tsahal-ne-se-lave-plus-en-famille_1614214\/\" target=\"_blank\" rel=\"nofollow noopener\" title=\"https:\/\/www.liberation.fr\/planete\/2017\/12\/03\/israel-le-linge-tsahal-ne-se-lave-plus-en-famille_1614214\/\">Breaking the Silence,<\/a> un organisme qui donne la parole aux militaires et r\u00e9servistes isra\u00e9liens ayant servi dans les territoires occup\u00e9s. Alors qu\u2019elle y est en poste, elle est, elle aussi, qualifi\u00e9e de \u00abtra\u00eetre\u00bb par des responsables politiques et menac\u00e9e de mort en raison de son engagement. Un climat qui l\u2019oblige \u00e0 fuir Isra\u00ebl en 2022, un an avant de prendre ses fonctions \u00e0 B\u2019Tselem.<\/p>\n<p class=\"sc-ksZaOG ehjQrN text-element\">B\u2019Tselem est appuy\u00e9e dans son combat par Physicians for Human Rights-Israel , qui a accus\u00e9 le pays de d\u00e9truire \u00aben toute connaissance de cause le syst\u00e8me de sant\u00e9 de Gaza\u00bb. \u00abEn tant que personnes attach\u00e9es \u00e0 la valeur sacr\u00e9e de la vie, nous avons l\u2019obligation de dire la v\u00e9rit\u00e9 : c\u2019est un g\u00e9nocide, et nous devons le combattre, a affirm\u00e9 dans un communiqu\u00e9 son directeur ex\u00e9cutif, Guy Shalev. Depuis vingt-deux mois,<a href=\"https:\/\/www.liberation.fr\/international\/moyen-orient\/a-gaza-une-societe-sans-espoir-et-ou-la-loi-du-plus-fort-lemporte-le-message-poignant-dune-medecin-francaise-20241206_PALFMG2RFNAHHIIR4INGCLCAUE\/\" target=\"_blank\" rel=\"nofollow noopener\" title=\"https:\/\/www.liberation.fr\/international\/moyen-orient\/a-gaza-une-societe-sans-espoir-et-ou-la-loi-du-plus-fort-lemporte-le-message-poignant-dune-medecin-francaise-20241206_PALFMG2RFNAHHIIR4INGCLCAUE\/\"> les h\u00f4pitaux sont attaqu\u00e9s<\/a> les uns apr\u00e8s les autres, les patients se voient refuser des traitements vitaux, l\u2019aide humanitaire est bloqu\u00e9e. Il s\u2019agit d\u2019un sch\u00e9ma clair et constant de destruction.\u00bb<\/p>\n<p class=\"sc-ksZaOG ehjQrN text-element\">Fond\u00e9 en 1988 en r\u00e9ponse au manque de traitements m\u00e9dicaux dans les territoires occup\u00e9s, ce rassemblement de m\u00e9decins isra\u00e9liens s\u2019est toujours d\u00e9marqu\u00e9 par un discours critique \u00e0 l\u2019\u00e9gard de la politique isra\u00e9lienne. Sa fondatrice, la psychiatre et militante f\u00e9ministe Ruchama Marton, milite en faveur de l\u2019\u00e9galit\u00e9 des droits pour tous les habitants du territoire <a href=\"https:\/\/offroadreports.ch\/wordpress\/ruchama-marton-a-voice-from-israel-against-hatred-and-revenge\/\" target=\"_blank\" rel=\"noreferrer nofollow noopener\" title=\"https:\/\/offroadreports.ch\/wordpress\/ruchama-marton-a-voice-from-israel-against-hatred-and-revenge\/\">depuis son service militaire, dans les ann\u00e9es 1950.<\/a> En 2004, elle avait notamment pris position contre la construction du mur de s\u00e9paration entre Isra\u00ebl et la Cisjordanie. En f\u00e9vrier 2024, elle continuait de promouvoir sa volont\u00e9 d\u2019un \u00abIsra\u00ebl diff\u00e9rent\u00bb et d\u2019un \u00abrenversement radical de la politique occidentale\u00bb. \u00abBeaucoup de mes amis \u00e0 Gaza n\u2019existent plus, disait-elle alors. Eux et leurs familles ont \u00e9t\u00e9 tu\u00e9s lors des bombardements isra\u00e9liens dans la bande de Gaza. J\u2019ai honte de ce que mon gouvernement et mon arm\u00e9e font subir \u00e0 la population\u00bb.<\/p>\n<p class=\"sc-ksZaOG ehjQrN text-element\">Trente-sept ans apr\u00e8s sa cr\u00e9ation, Physicians for Human Rights-Israel a gard\u00e9 les valeurs de sa fondatrice. Sur son site, l\u2019ONG se d\u00e9crit comme adoptant une approche multidimensionnelle pour atteindre ses objectifs en fournissant une aide humanitaire et en promouvant le changement politique. L\u2019organisme est soutenu par plus de 3 500 membres et b\u00e9n\u00e9voles, et fournit des soins m\u00e9dicaux \u00e0 pr\u00e8s de 20 000 personnes chaque ann\u00e9e. Depuis le d\u00e9but du conflit \u00e0 Gaza, l\u2019ONG alerte sur la condition des m\u00e9decins et du syst\u00e8me de sant\u00e9, \u00absyst\u00e9matiquement d\u00e9truit par Isra\u00ebl\u00bb dans l\u2019enclave palestinienne.<\/p>\n","protected":false},"excerpt":{"rendered":"\u00abRien ne vous pr\u00e9pare \u00e0 r\u00e9aliser que vous faites partie d\u2019une soci\u00e9t\u00e9 qui commet un g\u00e9nocide. C\u2019est un&hellip;\n","protected":false},"author":2,"featured_media":282471,"comment_status":"","ping_status":"","sticky":false,"template":"","format":"standard","meta":{"footnotes":""},"categories":[5],"tags":[11,1011,27,3517,9267,3522,14,664,3523,12,28],"class_list":{"0":"post-282470","1":"post","2":"type-post","3":"status-publish","4":"format-standard","5":"has-post-thumbnail","7":"category-international","8":"tag-actualites","9":"tag-fr","10":"tag-france","11":"tag-gaza-l-escalade","12":"tag-genocide","13":"tag-guerre-hamas-israel","14":"tag-international","15":"tag-israel","16":"tag-israel-palestine-conflit","17":"tag-news","18":"tag-world"},"share_on_mastodon":{"url":"https:\/\/pubeurope.com\/@fr\/114937882503387761","error":""},"_links":{"self":[{"href":"https:\/\/www.europesays.com\/fr\/wp-json\/wp\/v2\/posts\/282470","targetHints":{"allow":["GET"]}}],"collection":[{"href":"https:\/\/www.europesays.com\/fr\/wp-json\/wp\/v2\/posts"}],"about":[{"href":"https:\/\/www.europesays.com\/fr\/wp-json\/wp\/v2\/types\/post"}],"author":[{"embeddable":true,"href":"https:\/\/www.europesays.com\/fr\/wp-json\/wp\/v2\/users\/2"}],"replies":[{"embeddable":true,"href":"https:\/\/www.europesays.com\/fr\/wp-json\/wp\/v2\/comments?post=282470"}],"version-history":[{"count":0,"href":"https:\/\/www.europesays.com\/fr\/wp-json\/wp\/v2\/posts\/282470\/revisions"}],"wp:featuredmedia":[{"embeddable":true,"href":"https:\/\/www.europesays.com\/fr\/wp-json\/wp\/v2\/media\/282471"}],"wp:attachment":[{"href":"https:\/\/www.europesays.com\/fr\/wp-json\/wp\/v2\/media?parent=282470"}],"wp:term":[{"taxonomy":"category","embeddable":true,"href":"https:\/\/www.europesays.com\/fr\/wp-json\/wp\/v2\/categories?post=282470"},{"taxonomy":"post_tag","embeddable":true,"href":"https:\/\/www.europesays.com\/fr\/wp-json\/wp\/v2\/tags?post=282470"}],"curies":[{"name":"wp","href":"https:\/\/api.w.org\/{rel}","templated":true}]}}