{"id":282474,"date":"2025-07-29T18:16:11","date_gmt":"2025-07-29T18:16:11","guid":{"rendered":"https:\/\/www.europesays.com\/fr\/282474\/"},"modified":"2025-07-29T18:16:11","modified_gmt":"2025-07-29T18:16:11","slug":"perreux-des-visites-en-foret-permettent-de-decouvrir-les-enjeux-de-la-filiere-bois","status":"publish","type":"post","link":"https:\/\/www.europesays.com\/fr\/282474\/","title":{"rendered":"Perreux. Des visites en for\u00eat permettent de d\u00e9couvrir les enjeux de la fili\u00e8re bois"},"content":{"rendered":"<p>Ce mardi matin \u00e0 9 heures, au centre du village de Perreux, une dizaine de personnes avaient rendez-vous pour une visite enti\u00e8rement gratuite d\u2019un chantier forestier.<\/p>\n<p>Accueilli par Constance Gasparoux, charg\u00e9e de mission au sein de l\u2019association Fibois 42. \u00c9quip\u00e9s d\u2019un gilet et d\u2019un casque de chantier, les participants se sont dirig\u00e9s dans le bois Coupe Fessy, situ\u00e9 \u00e0 proximit\u00e9 de la D504.<\/p>\n<p>Dans le milieu de ce bosquet, ils ont pu&#8230;<\/p>\n","protected":false},"excerpt":{"rendered":"Ce mardi matin \u00e0 9 heures, au centre du village de Perreux, une dizaine de personnes avaient rendez-vous&hellip;\n","protected":false},"author":2,"featured_media":282475,"comment_status":"","ping_status":"","sticky":false,"template":"","format":"standard","meta":{"footnotes":""},"categories":[9653],"tags":[1111,11,2430,16734,436,1777,674,1011,27,12,42164,42165,25,4001],"class_list":{"0":"post-282474","1":"post","2":"type-post","3":"status-publish","4":"format-standard","5":"has-post-thumbnail","7":"category-saint-etienne","8":"tag-actu","9":"tag-actualites","10":"tag-auvergne-rhone-alpes","11":"tag-edition-loire-nord","12":"tag-environnement","13":"tag-eu","14":"tag-europe","15":"tag-fr","16":"tag-france","17":"tag-news","18":"tag-perreux","19":"tag-perreux-bassin","20":"tag-republique-francaise","21":"tag-saint-etienne"},"share_on_mastodon":{"url":"https:\/\/pubeurope.com\/@fr\/114937894325326874","error":""},"_links":{"self":[{"href":"https:\/\/www.europesays.com\/fr\/wp-json\/wp\/v2\/posts\/282474","targetHints":{"allow":["GET"]}}],"collection":[{"href":"https:\/\/www.europesays.com\/fr\/wp-json\/wp\/v2\/posts"}],"about":[{"href":"https:\/\/www.europesays.com\/fr\/wp-json\/wp\/v2\/types\/post"}],"author":[{"embeddable":true,"href":"https:\/\/www.europesays.com\/fr\/wp-json\/wp\/v2\/users\/2"}],"replies":[{"embeddable":true,"href":"https:\/\/www.europesays.com\/fr\/wp-json\/wp\/v2\/comments?post=282474"}],"version-history":[{"count":0,"href":"https:\/\/www.europesays.com\/fr\/wp-json\/wp\/v2\/posts\/282474\/revisions"}],"wp:featuredmedia":[{"embeddable":true,"href":"https:\/\/www.europesays.com\/fr\/wp-json\/wp\/v2\/media\/282475"}],"wp:attachment":[{"href":"https:\/\/www.europesays.com\/fr\/wp-json\/wp\/v2\/media?parent=282474"}],"wp:term":[{"taxonomy":"category","embeddable":true,"href":"https:\/\/www.europesays.com\/fr\/wp-json\/wp\/v2\/categories?post=282474"},{"taxonomy":"post_tag","embeddable":true,"href":"https:\/\/www.europesays.com\/fr\/wp-json\/wp\/v2\/tags?post=282474"}],"curies":[{"name":"wp","href":"https:\/\/api.w.org\/{rel}","templated":true}]}}