{"id":282492,"date":"2025-07-29T18:28:10","date_gmt":"2025-07-29T18:28:10","guid":{"rendered":"https:\/\/www.europesays.com\/fr\/282492\/"},"modified":"2025-07-29T18:28:10","modified_gmt":"2025-07-29T18:28:10","slug":"grenoble-et-si-on-revait-ensemble-lisere-baignable","status":"publish","type":"post","link":"https:\/\/www.europesays.com\/fr\/282492\/","title":{"rendered":"Grenoble. Et si on r\u00eavait ensemble l\u2019Is\u00e8re baignable\u00a0?"},"content":{"rendered":"<p>L\u2019\u00e9t\u00e9 Oh\u00a0! Parcs propose des animations gratuites et ouvertes \u00e0 toutes et tous, en juillet et en ao\u00fbt, dans les parcs Paul-Mistral et Champs \u00c9lys\u00e9es.<\/p>\n<p>Dimanche, le public a pu d\u00e9couvrir une exposition et des animations sur le th\u00e8me \u201cEt si on r\u00eavait ensemble l\u2019Is\u00e8re baignable\u00a0?\u201d. Ce stand \u00e9tait tenu par la direction Ville ouverte de la Ville de Grenoble.<\/p>\n<p class=\"note\">Parc Paul-Mistral, 11 boulevard Jean-Pain.<\/p>\n","protected":false},"excerpt":{"rendered":"L\u2019\u00e9t\u00e9 Oh\u00a0! Parcs propose des animations gratuites et ouvertes \u00e0 toutes et tous, en juillet et en ao\u00fbt,&hellip;\n","protected":false},"author":2,"featured_media":282493,"comment_status":"","ping_status":"","sticky":false,"template":"","format":"standard","meta":{"footnotes":""},"categories":[9566],"tags":[1111,11,2430,1687,112,1777,674,1011,27,2731,2732,12,25],"class_list":{"0":"post-282492","1":"post","2":"type-post","3":"status-publish","4":"format-standard","5":"has-post-thumbnail","7":"category-grenoble","8":"tag-actu","9":"tag-actualites","10":"tag-auvergne-rhone-alpes","11":"tag-culture-loisirs","12":"tag-edition-grenoble-agglomeration","13":"tag-eu","14":"tag-europe","15":"tag-fr","16":"tag-france","17":"tag-grenoble","18":"tag-grenoble-bassin","19":"tag-news","20":"tag-republique-francaise"},"share_on_mastodon":{"url":"https:\/\/pubeurope.com\/@fr\/114937941490524946","error":""},"_links":{"self":[{"href":"https:\/\/www.europesays.com\/fr\/wp-json\/wp\/v2\/posts\/282492","targetHints":{"allow":["GET"]}}],"collection":[{"href":"https:\/\/www.europesays.com\/fr\/wp-json\/wp\/v2\/posts"}],"about":[{"href":"https:\/\/www.europesays.com\/fr\/wp-json\/wp\/v2\/types\/post"}],"author":[{"embeddable":true,"href":"https:\/\/www.europesays.com\/fr\/wp-json\/wp\/v2\/users\/2"}],"replies":[{"embeddable":true,"href":"https:\/\/www.europesays.com\/fr\/wp-json\/wp\/v2\/comments?post=282492"}],"version-history":[{"count":0,"href":"https:\/\/www.europesays.com\/fr\/wp-json\/wp\/v2\/posts\/282492\/revisions"}],"wp:featuredmedia":[{"embeddable":true,"href":"https:\/\/www.europesays.com\/fr\/wp-json\/wp\/v2\/media\/282493"}],"wp:attachment":[{"href":"https:\/\/www.europesays.com\/fr\/wp-json\/wp\/v2\/media?parent=282492"}],"wp:term":[{"taxonomy":"category","embeddable":true,"href":"https:\/\/www.europesays.com\/fr\/wp-json\/wp\/v2\/categories?post=282492"},{"taxonomy":"post_tag","embeddable":true,"href":"https:\/\/www.europesays.com\/fr\/wp-json\/wp\/v2\/tags?post=282492"}],"curies":[{"name":"wp","href":"https:\/\/api.w.org\/{rel}","templated":true}]}}