{"id":282494,"date":"2025-07-29T18:29:19","date_gmt":"2025-07-29T18:29:19","guid":{"rendered":"https:\/\/www.europesays.com\/fr\/282494\/"},"modified":"2025-07-29T18:29:19","modified_gmt":"2025-07-29T18:29:19","slug":"lactivite-des-artistes-bretons-seffondre-toute-une-generation-risque-de-disparaitre","status":"publish","type":"post","link":"https:\/\/www.europesays.com\/fr\/282494\/","title":{"rendered":"L\u2019activit\u00e9 des artistes bretons s\u2019effondre\u00a0: \u00ab\u00a0Toute une g\u00e9n\u00e9ration risque de dispara\u00eetre\u00a0\u00bb"},"content":{"rendered":"<p>\u00ab C\u2019est consid\u00e9rable, commente Xavier Henry, le directeur de SVB. Plus de 50 % des \u00e9quipes artistiques bretonnes auront moins de 15 dates l\u2019an prochain, contre 50 ou 60 \u00bb par le pass\u00e9.<\/p>\n<blockquote><p>Le risque de d\u00e9sint\u00e9gration silencieuse d\u2019un pan structurant du secteur est bien r\u00e9el.<\/p><\/blockquote>\n<p><img decoding=\"async\" src=\"https:\/\/www.europesays.com\/fr\/wp-content\/uploads\/2025\/07\/688911420fb814d39b07c135.1.jpeg\" width=\"480\" height=\"300\" class=\"web_golden_m\" loading=\"lazy\" alt=\"Xavier Henry, directeur de Spectacle vivant en Bretagne (SVB).\"\/>Xavier Henry, directeur de Spectacle vivant en Bretagne (SVB). (Photo \u00ab Spectacle vivant en Bretagne \u00bb)Un risque de baisse massive du nombre d\u2019emplois<\/p>\n<p>\u00ab Le risque de d\u00e9sint\u00e9gration silencieuse d\u2019un pan structurant du secteur est bien r\u00e9el \u00bb, alerte le barom\u00e8tre.<\/p>\n<p>Il y a \u00ab un risque de baisse massive du nombre d\u2019\u00e9quivalents temps plein \u00e0 l\u2019\u00e9chelle du secteur \u00bb et plus largement de \u00ab disparition de toute une g\u00e9n\u00e9ration d\u2019artistes \u00bb, dit plus gravement Xavier Henry, pr\u00e9cisant que l\u2019on ne parle pas l\u00e0 de \u00ab d\u00e9butants \u00bb mais de professionnels install\u00e9s dans le paysage breton.<\/p>\n<p>Les compagnies et groupes soutenus par la R\u00e9gion et la Drac sont plus \u00e9pargn\u00e9s par cet effondrement des spectacles programm\u00e9s la saison prochaine, note SVB.<\/p>\n<p>Des \u00ab crises successives \u00bb<\/p>\n<p>Ce \u00ab recul massif \u00bb et \u00ab historique \u00bb est la cons\u00e9quence de \u00ab crises successives \u00bb : des \u00ab tensions post-crise sanitaire \u00bb, d\u2019abord, puis \u00ab inflationnistes \u00bb, la guerre en Ukraine ayant fait bondir les prix de l\u2019\u00e9nergie.<\/p>\n<p>\u00ab Les co\u00fbts de fonctionnement ont augment\u00e9, quand les dotations publiques ont stagn\u00e9 voire se sont contract\u00e9es. R\u00e9sultat : le budget disponible est plus faible \u00bb, r\u00e9sume Xavier Henry, soulignant que la Bretagne est \u00ab mieux pr\u00e9serv\u00e9e que la plupart des autres r\u00e9gions \u00bb.<\/p>\n<p>Un budget encore rogn\u00e9 en 2026 ?<\/p>\n<p>Alors comment freiner la chute ? \u00ab La R\u00e9gion a la volont\u00e9 d\u2019agir. Mais elle d\u00e9pend des dotations de l\u2019\u00c9tat \u00bb, se contente de r\u00e9pondre Xavier Henry, qui rappelle que SVB n\u2019a pas pour mission de se prononcer sur les politiques publiques.<\/p>\n<p>Pour rappel, l\u2019\u00c9tat a allou\u00e9 <a href=\"https:\/\/www.budget.gouv.fr\/budget-etat\/ministere?annee=143&amp;loi_finances=47&amp;type_budget=all&amp;type_donnee_budget=ae&amp;op=Valider\" target=\"_blank\" rel=\"noopener\">4,8 milliards d\u2019euros \u00e0 la culture en 2025<\/a>, un budget en baisse de 2 % sur un an. <a href=\"https:\/\/www.letelegramme.fr\/bretagne\/artistes-en-situation-de-handicap-rachida-dati-veut-generaliser-un-modele-teste-en-bretagne-interview-6856690.php\" target=\"_blank\" rel=\"noopener\">La ministre Rachida Dati promet de \u00ab pr\u00e9server l\u2019engagement de l\u2019\u00c9tat<\/a> pour la cr\u00e9ation \u00bb en 2026. Mais de nombreuses voix du monde de la culture en doutent et craignent de nouvelles coupes \u00e0 l\u2019automne.<\/p>\n<p class=\"note\">(*) Enqu\u00eate quantitative men\u00e9e aupr\u00e8s de 95 \u00e9quipes artistiques bretonnes (th\u00e9\u00e2tre, danse, musique\u2026), 51 structures de programmation (salles de spectacles, festivals\u2026) et 15 bureaux de production.<\/p>\n","protected":false},"excerpt":{"rendered":"\u00ab C\u2019est consid\u00e9rable, commente Xavier Henry, le directeur de SVB. Plus de 50 % des \u00e9quipes artistiques bretonnes&hellip;\n","protected":false},"author":2,"featured_media":282495,"comment_status":"","ping_status":"","sticky":false,"template":"","format":"standard","meta":{"footnotes":""},"categories":[2821],"tags":[1111,11,829,1003,251,9383,872,765,1777,674,1011,27,12,584,25],"class_list":{"0":"post-282494","1":"post","2":"type-post","3":"status-publish","4":"format-standard","5":"has-post-thumbnail","7":"category-rennes","8":"tag-actu","9":"tag-actualites","10":"tag-bretagne","11":"tag-budget","12":"tag-culture","13":"tag-culture-bretonne","14":"tag-culture-et-loisirs","15":"tag-en-continu","16":"tag-eu","17":"tag-europe","18":"tag-fr","19":"tag-france","20":"tag-news","21":"tag-rennes","22":"tag-republique-francaise"},"share_on_mastodon":{"url":"https:\/\/pubeurope.com\/@fr\/114937945425010348","error":""},"_links":{"self":[{"href":"https:\/\/www.europesays.com\/fr\/wp-json\/wp\/v2\/posts\/282494","targetHints":{"allow":["GET"]}}],"collection":[{"href":"https:\/\/www.europesays.com\/fr\/wp-json\/wp\/v2\/posts"}],"about":[{"href":"https:\/\/www.europesays.com\/fr\/wp-json\/wp\/v2\/types\/post"}],"author":[{"embeddable":true,"href":"https:\/\/www.europesays.com\/fr\/wp-json\/wp\/v2\/users\/2"}],"replies":[{"embeddable":true,"href":"https:\/\/www.europesays.com\/fr\/wp-json\/wp\/v2\/comments?post=282494"}],"version-history":[{"count":0,"href":"https:\/\/www.europesays.com\/fr\/wp-json\/wp\/v2\/posts\/282494\/revisions"}],"wp:featuredmedia":[{"embeddable":true,"href":"https:\/\/www.europesays.com\/fr\/wp-json\/wp\/v2\/media\/282495"}],"wp:attachment":[{"href":"https:\/\/www.europesays.com\/fr\/wp-json\/wp\/v2\/media?parent=282494"}],"wp:term":[{"taxonomy":"category","embeddable":true,"href":"https:\/\/www.europesays.com\/fr\/wp-json\/wp\/v2\/categories?post=282494"},{"taxonomy":"post_tag","embeddable":true,"href":"https:\/\/www.europesays.com\/fr\/wp-json\/wp\/v2\/tags?post=282494"}],"curies":[{"name":"wp","href":"https:\/\/api.w.org\/{rel}","templated":true}]}}