{"id":282498,"date":"2025-07-29T18:31:11","date_gmt":"2025-07-29T18:31:11","guid":{"rendered":"https:\/\/www.europesays.com\/fr\/282498\/"},"modified":"2025-07-29T18:31:11","modified_gmt":"2025-07-29T18:31:11","slug":"schiltigheim-la-fete-de-la-biere-revient-du-1er-au-4-aout-voici-le-programme-complet","status":"publish","type":"post","link":"https:\/\/www.europesays.com\/fr\/282498\/","title":{"rendered":"Schiltigheim. La F\u00eate de la bi\u00e8re revient du 1er\u00a0au 4\u00a0ao\u00fbt\u00a0: voici le programme\u00a0complet"},"content":{"rendered":"<p>                            Qu\u2019est-ce qu\u2019on boit\u00a0?<\/p>\n<p>Aucun suspense\u00a0:<a href=\"https:\/\/www.dna.fr\/culture-loisirs\/2024\/07\/10\/fete-de-la-biere-13-000-litres-ecoules-en-quatre-jours\" target=\"_blank\" rel=\"noopener\"> de la bi\u00e8re (*)\u00a0!<\/a> Cette ann\u00e9e encore, la carte de la <a href=\"https:\/\/www.dna.fr\/culture-loisirs\/2025\/07\/07\/fete-de-la-biere-le-compte-a-rebours-a-commence\" target=\"_blank\" rel=\"noopener\">F\u00eate de la bi\u00e8re de Schiltigheim<\/a> , du 1er \u00a0au 4\u00a0ao\u00fbt, fait la part belle \u00e0 la vari\u00e9t\u00e9\u00a0: blanche, blonde, ambr\u00e9e, ros\u00e9e ou fruit\u00e9e. Vingt brassins propos\u00e9s par sept brasseurs\u00a0: Licorne, Perle, Meteor, Kronenbourg, Bendorf, Heineken et Storig. Produits par cette derni\u00e8re, brasserie locale, deux brassins hommages \u00e0 des bi\u00e8res schilikoises seront commercialis\u00e9s en exclusivit\u00e9 sous le chapiteau. De la limonade, de l\u2019eau et de la bi\u00e8re sans alcool seront \u00e9galement servies dans les diff\u00e9rents bars de la f\u00eate.<\/p>\n<p>Qu\u2019est-ce qu\u2019on mange\u00a0?<\/p>\n<p>De la tarte&#8230;<\/p>\n","protected":false},"excerpt":{"rendered":"Qu\u2019est-ce qu\u2019on boit\u00a0? Aucun suspense\u00a0: de la bi\u00e8re (*)\u00a0! Cette ann\u00e9e encore, la carte de la F\u00eate de&hellip;\n","protected":false},"author":2,"featured_media":282499,"comment_status":"","ping_status":"","sticky":false,"template":"","format":"standard","meta":{"footnotes":""},"categories":[2820],"tags":[1111,11,130,1687,33,2880,27337,1777,674,3326,107,1011,27,775,12,25,5512,640,3265],"class_list":{"0":"post-282498","1":"post","2":"type-post","3":"status-publish","4":"format-standard","5":"has-post-thumbnail","7":"category-strasbourg","8":"tag-actu","9":"tag-actualites","10":"tag-consommation","11":"tag-culture-loisirs","12":"tag-economie","13":"tag-edition-strasbourg","14":"tag-estivales","15":"tag-eu","16":"tag-europe","17":"tag-fete-locale","18":"tag-fil-info","19":"tag-fr","20":"tag-france","21":"tag-grand-est","22":"tag-news","23":"tag-republique-francaise","24":"tag-schiltigheim","25":"tag-strasbourg","26":"tag-strasbourg-nord"},"share_on_mastodon":{"url":"https:\/\/pubeurope.com\/@fr\/114937953191856361","error":""},"_links":{"self":[{"href":"https:\/\/www.europesays.com\/fr\/wp-json\/wp\/v2\/posts\/282498","targetHints":{"allow":["GET"]}}],"collection":[{"href":"https:\/\/www.europesays.com\/fr\/wp-json\/wp\/v2\/posts"}],"about":[{"href":"https:\/\/www.europesays.com\/fr\/wp-json\/wp\/v2\/types\/post"}],"author":[{"embeddable":true,"href":"https:\/\/www.europesays.com\/fr\/wp-json\/wp\/v2\/users\/2"}],"replies":[{"embeddable":true,"href":"https:\/\/www.europesays.com\/fr\/wp-json\/wp\/v2\/comments?post=282498"}],"version-history":[{"count":0,"href":"https:\/\/www.europesays.com\/fr\/wp-json\/wp\/v2\/posts\/282498\/revisions"}],"wp:featuredmedia":[{"embeddable":true,"href":"https:\/\/www.europesays.com\/fr\/wp-json\/wp\/v2\/media\/282499"}],"wp:attachment":[{"href":"https:\/\/www.europesays.com\/fr\/wp-json\/wp\/v2\/media?parent=282498"}],"wp:term":[{"taxonomy":"category","embeddable":true,"href":"https:\/\/www.europesays.com\/fr\/wp-json\/wp\/v2\/categories?post=282498"},{"taxonomy":"post_tag","embeddable":true,"href":"https:\/\/www.europesays.com\/fr\/wp-json\/wp\/v2\/tags?post=282498"}],"curies":[{"name":"wp","href":"https:\/\/api.w.org\/{rel}","templated":true}]}}