{"id":282504,"date":"2025-07-29T18:34:10","date_gmt":"2025-07-29T18:34:10","guid":{"rendered":"https:\/\/www.europesays.com\/fr\/282504\/"},"modified":"2025-07-29T18:34:10","modified_gmt":"2025-07-29T18:34:10","slug":"injures-antisemites-sur-la-prom-a-nice-lauteur-presume-a-ete-interpelle","status":"publish","type":"post","link":"https:\/\/www.europesays.com\/fr\/282504\/","title":{"rendered":"Injures antis\u00e9mites sur la Prom\u2019 \u00e0 Nice: l\u2019auteur pr\u00e9sum\u00e9 a \u00e9t\u00e9 interpell\u00e9"},"content":{"rendered":"<p>Il est suspect\u00e9 d\u2019\u00eatre l\u2019homme de la vid\u00e9o, <a href=\"https:\/\/www.nicematin.com\/faits-divers\/propos-antisemites-et-homophobes-ce-que-l-on-sait-sur-l-altercation-en-marge-d-un-rassemblement-en-soutien-a-la-palestine-a-nice-mercredi-soir-995547\" target=\"_blank\" rel=\"noopener\">celle qui a fait le tour des r\u00e9seaux sociaux et suscit\u00e9 l\u2019indignation<\/a>, au lendemain d\u2019un rassemblement de soutien \u00e0 Gaza organis\u00e9 \u00e0 Nice. Selon nos informations, un homme \u00e2g\u00e9 de 46 ans a \u00e9t\u00e9 interpell\u00e9 et plac\u00e9 en garde \u00e0 vue pour \u00ab\u00a0injures publiques aggrav\u00e9es\u00a0\u00bb, ce mardi matin. Information confirm\u00e9e par le procureur de la R\u00e9publique de Nice, Damien Martinelli.<\/p>\n<p>La fameuse vid\u00e9o a \u00e9t\u00e9 film\u00e9e le soir du mercredi 23 juillet, sur la promenade des Anglais, en marge d\u2019un rassemblement organis\u00e9 par l\u2019association Amis de la Palestine 06. D\u2019une dur\u00e9e de quinze secondes, elle ne permet pas d\u2019appr\u00e9hender l\u2019ensemble de la sc\u00e8ne. Mais les injures prof\u00e9r\u00e9es par un individu sont explicites. V\u00eatu d\u2019un maillot de foot, coiff\u00e9 d\u2019un bob et tenant une chaise en plastique, il lance \u00e0 un homme qui s\u2019\u00e9loigne: \u00ab\u00a0Tu es une m&#8230;, casse-toi!\u00a0\u00bb Puis encore: \u00ab\u00a0Cours, PD, sale juif, sale race!\u00a0\u00bb<\/p>\n<p>Injures publiques aggrav\u00e9es<\/p>\n<p>Ces propos avaient suscit\u00e9 une indignation de la classe politique ou encore du CRIF Sud-Est. Le pr\u00e9fet des Alpes-Maritimes et le maire de Nice avaient aussit\u00f4t saisi le procureur de la R\u00e9publique. Le jour m\u00eame, Damien Martinelli ouvrait une enqu\u00eate pour \u00ab\u00a0injure et provocation \u00e0 la haine ou \u00e0 la violence \u00e0 raison de la religion\u00a0\u00bb. Confi\u00e9e au service local de police judiciaire (SLPJ) de Nice, elle n\u2019a pas tard\u00e9 \u00e0 conduire \u00e0 leur auteur pr\u00e9sum\u00e9.<\/p>\n<p>Cet homme de nationalit\u00e9 fran\u00e7aise est n\u00e9 \u00e0 Nice il y a quarante-six ans. Il est connu de la justice, pr\u00e9cise le procureur Martinelli. Il est entendu en garde \u00e0 vue \u00e0 la caserne Auvare depuis mardi matin. Une garde \u00e0 vue dont le cadre pourrait \u00eatre \u00e9largi aux injures \u00ab\u00a0\u00e0 raison de l\u2019orientation sexuelle\u00a0\u00bb.<\/p>\n<p>R\u00e9agissant \u00e0 la pol\u00e9mique, les Amis de la Palestine l\u2019avaient pr\u00e9sent\u00e9 comme \u00ab\u00a0un individu isol\u00e9, ext\u00e9rieur \u00e0 [leur] structure\u00a0\u00bb. L\u2019association avait d\u00e9nonc\u00e9 \u00ab\u00a0des propos inacceptables, qui vont \u00e0 l\u2019encontre totale des valeurs que nous d\u00e9fendons\u00a0\u00bb.<\/p>\n","protected":false},"excerpt":{"rendered":"Il est suspect\u00e9 d\u2019\u00eatre l\u2019homme de la vid\u00e9o, celle qui a fait le tour des r\u00e9seaux sociaux et&hellip;\n","protected":false},"author":2,"featured_media":282505,"comment_status":"","ping_status":"","sticky":false,"template":"","format":"standard","meta":{"footnotes":""},"categories":[2819],"tags":[1111,11,1777,674,332,118,1011,27,303,12,2401,882,10162,4020,25],"class_list":{"0":"post-282504","1":"post","2":"type-post","3":"status-publish","4":"format-standard","5":"has-post-thumbnail","7":"category-nice","8":"tag-actu","9":"tag-actualites","10":"tag-eu","11":"tag-europe","12":"tag-faits-de-societe","13":"tag-faits-divers","14":"tag-fr","15":"tag-france","16":"tag-justice","17":"tag-news","18":"tag-nice","19":"tag-provence-alpes-cote-dazur","20":"tag-racisme","21":"tag-religion","22":"tag-republique-francaise"},"share_on_mastodon":{"url":"https:\/\/pubeurope.com\/@fr\/114937965072261837","error":""},"_links":{"self":[{"href":"https:\/\/www.europesays.com\/fr\/wp-json\/wp\/v2\/posts\/282504","targetHints":{"allow":["GET"]}}],"collection":[{"href":"https:\/\/www.europesays.com\/fr\/wp-json\/wp\/v2\/posts"}],"about":[{"href":"https:\/\/www.europesays.com\/fr\/wp-json\/wp\/v2\/types\/post"}],"author":[{"embeddable":true,"href":"https:\/\/www.europesays.com\/fr\/wp-json\/wp\/v2\/users\/2"}],"replies":[{"embeddable":true,"href":"https:\/\/www.europesays.com\/fr\/wp-json\/wp\/v2\/comments?post=282504"}],"version-history":[{"count":0,"href":"https:\/\/www.europesays.com\/fr\/wp-json\/wp\/v2\/posts\/282504\/revisions"}],"wp:featuredmedia":[{"embeddable":true,"href":"https:\/\/www.europesays.com\/fr\/wp-json\/wp\/v2\/media\/282505"}],"wp:attachment":[{"href":"https:\/\/www.europesays.com\/fr\/wp-json\/wp\/v2\/media?parent=282504"}],"wp:term":[{"taxonomy":"category","embeddable":true,"href":"https:\/\/www.europesays.com\/fr\/wp-json\/wp\/v2\/categories?post=282504"},{"taxonomy":"post_tag","embeddable":true,"href":"https:\/\/www.europesays.com\/fr\/wp-json\/wp\/v2\/tags?post=282504"}],"curies":[{"name":"wp","href":"https:\/\/api.w.org\/{rel}","templated":true}]}}