{"id":282513,"date":"2025-07-29T18:39:10","date_gmt":"2025-07-29T18:39:10","guid":{"rendered":"https:\/\/www.europesays.com\/fr\/282513\/"},"modified":"2025-07-29T18:39:10","modified_gmt":"2025-07-29T18:39:10","slug":"11-individus-juges-pendant-deux-jours-a-toulouse","status":"publish","type":"post","link":"https:\/\/www.europesays.com\/fr\/282513\/","title":{"rendered":"11 individus jug\u00e9s pendant deux jours \u00e0 Toulouse"},"content":{"rendered":"<p>            Par<br \/>\n        <strong><br \/>\n            <a href=\"https:\/\/actu.fr\/auteur\/paul-2\" title=\"Consulter tous les articles de Paul Halbedel\" rel=\"nofollow noopener\" target=\"_blank\">Paul Halbedel<\/a><br \/>\n        <\/strong><\/p>\n<p>        Publi\u00e9 le<\/p>\n<p>            29 juil. 2025 \u00e0 20h18        <\/p>\n<p>C\u2019est une <strong>affaire d\u2019enl\u00e8vement et s\u00e9questration<\/strong>, avec de nombreux mis en cause, qui va \u00eatre jug\u00e9e les mercredi 30 et jeudi 31 juillet devant le <strong>tribunal correctionnel de Toulouse<\/strong>. Elle concerne des <a href=\"https:\/\/actu.fr\/occitanie\/toulouse_31555\/toulouse-pour-relacher-leur-otage-les-kidnappeurs-reclamaient-une-playstation_58510793.html\" rel=\"nofollow noopener\" target=\"_blank\">faits qui remontent \u00e0 bient\u00f4t deux ans et demi<\/a>. Un habitant de <a href=\"https:\/\/actu.fr\/occitanie\/castanet-tolosan_31113\" rel=\"nofollow noopener\" target=\"_blank\">Castanet-Tolosan<\/a> avait alors \u00e9t\u00e9 la cible d\u2019un rapt et de violences, ayant comme toile de fond, selon cette victime, une <strong>dette li\u00e9e \u00e0 un trafic de stup\u00e9fiants<\/strong>. Pendant deux jours, ce sont ainsi <strong>11 individus<\/strong> \u2013 dont les commanditaires de ce kidnapping \u2013 qui devront s\u2019expliquer devant la justice au sujet d\u2019agissements ayant entra\u00een\u00e9 l\u2019ouverture d\u2019une information judiciaire le 28\u00a0mars 2023.<\/p>\n<p>Rappel des faits<\/p>\n<p class=\" wall-content\">Dans un communiqu\u00e9 de presse, le procureur de la R\u00e9publique de Toulouse retrace l\u2019historique de ce dossier. \u00ab\u2009Le 25\u00a0mars 2023, aux alentours de 22\u2009h, une femme se pr\u00e9sentait \u00e0 la gendarmerie de Castanet-Tolosan pour signaler que son fils avait \u00e9t\u00e9 victime d\u2019un enl\u00e8vement et \u00e9tait s\u00e9questr\u00e9 par des ravisseurs qui lui avaient envoy\u00e9 des vid\u00e9os dans lesquelles ce dernier semblait bless\u00e9, et <strong>lui r\u00e9clamaient en ran\u00e7on la somme de 1\u2009500\u00a0\u20ac ainsi qu\u2019une Playstation 5<\/strong>\u2009\u00bb, indique-t-il.<\/p>\n<p class=\" wall-content\">Un dispositif de surveillance avait alors \u00e9t\u00e9 mis en place au domicile de la victime avec un n\u00e9gociateur. Celui-ci va donner lieu \u00e0 une <strong>s\u00e9rie d\u2019interpellations d\u00e8s le lendemain<\/strong>\u00a0<strong>alors que la victime \u00e9tait raccompagn\u00e9e \u00e0 son domicile<\/strong> par des individus qui souhaitaient r\u00e9cup\u00e9rer la ran\u00e7on.<\/p>\n<blockquote class=\"ac-article-quote wall-content\">\n<p>Lors de son audition, la victime expliquait qu\u2019elle avait \u00e9t\u00e9 enlev\u00e9e et s\u00e9questr\u00e9e en raison d\u2019une dette qu\u2019elle avait envers un r\u00e9seau de stup\u00e9fiants, et qu\u2019elle avait \u00e9galement subi des violences pour lesquelles le m\u00e9decin l\u00e9giste l\u2019ayant examin\u00e9e retenait une ITT de cinq jours.<\/p>\n<p>    <strong>David Charmatz<\/strong><br \/>\n        Procureur de la R\u00e9publique de Toulouse    <\/p><\/blockquote>\n<p>Fuite en Espagne<\/p>\n<p class=\" wall-content\">Saisies du dossier, la <strong>Section de recherches de Toulouse<\/strong> et la <strong>Brigade de recherche de Villefranche-de-Lauragais<\/strong> vont r\u00e9ussir \u00e0 identifier l\u2019ensemble des membres impliqu\u00e9s dans cette affaire, gr\u00e2ce aux d\u00e9clarations de la victime et aux auditions des premiers individus interpell\u00e9s.<\/p>\n<p class=\" wall-content\">Les enqu\u00eateurs d\u00e9couvrent alors que <strong>les commanditaires de l\u2019enl\u00e8vement ont pris la fuite\u00a0imm\u00e9diatement apr\u00e8s les faits<\/strong>. \u00ab\u2009Ces derniers \u00e9taient finalement <strong>interpell\u00e9s sur mandat d\u2019arr\u00eat le 14\u00a0juillet 2023 alors qu\u2019ils se trouvaient en Espagne<\/strong> o\u00f9 ils s\u2019\u00e9taient r\u00e9fugi\u00e9s pendant plusieurs mois gr\u00e2ce \u00e0 l\u2019aide de la compagne de l\u2019un d\u2019entre eux. La coop\u00e9ration judiciaire internationale permettait d\u2019obtenir rapidement leur extradition\u2009\u00bb, pr\u00e9cise le procureur de la R\u00e9publique.<\/p>\n<p>Trois des mis en cause en d\u00e9tention provisoire<\/p>\n<p class=\" wall-content\">Finalement, l\u2019information judiciaire ouverte des chefs d\u2019<strong>enl\u00e8vement<\/strong>, <strong>s\u00e9questration<\/strong> et <strong>violences volontaires<\/strong>, \u00e9tait cl\u00f4tur\u00e9e le 30\u00a0avril 2025. Elle aboutissait \u00e0 la <strong>mise en examen de 12\u00a0personnes<\/strong>. Parmi elles, figure un mineur qui sera jug\u00e9 lors d\u2019une audience fix\u00e9e ult\u00e9rieurement.<\/p>\n<p class=\" wall-content\">Parmi les 11 individus majeurs qui compara\u00eetront quant \u00e0 eux devant le tribunal correctionnel de Toulouse mercredi\u00a030 et jeudi 31\u00a0juillet,<strong> trois sont toujours en d\u00e9tention provisoire<\/strong>.<\/p>\n<p class=\" wall-content\">Suivez toute l\u2019actualit\u00e9 de vos villes et m\u00e9dias favoris en vous inscrivant \u00e0 <a href=\"https:\/\/moncompte.actu.fr\" title=\"D\u00e9couvez Mon Actu\" rel=\"nofollow noopener\" data-trk=\"{&quot;cta&quot;:{&quot;action&quot;:&quot;https:\\\/\\\/moncompte.actu.fr&quot;,&quot;category&quot;:&quot;mon compte&quot;,&quot;from&quot;:&quot;article footer&quot;,&quot;name&quot;:&quot;Mon actu&quot;,&quot;type&quot;:&quot;cta&quot;}}\" target=\"_blank\">Mon Actu<\/a>.<\/p>\n","protected":false},"excerpt":{"rendered":"Par Paul Halbedel Publi\u00e9 le 29 juil. 2025 \u00e0 20h18 C\u2019est une affaire d\u2019enl\u00e8vement et s\u00e9questration, avec de&hellip;\n","protected":false},"author":2,"featured_media":220472,"comment_status":"","ping_status":"","sticky":false,"template":"","format":"standard","meta":{"footnotes":""},"categories":[2816],"tags":[1111,11,1777,674,118,1011,27,3381,303,12,2680,2694,25,2312],"class_list":{"0":"post-282513","1":"post","2":"type-post","3":"status-publish","4":"format-standard","5":"has-post-thumbnail","7":"category-toulouse","8":"tag-actu","9":"tag-actualites","10":"tag-eu","11":"tag-europe","12":"tag-faits-divers","13":"tag-fr","14":"tag-france","15":"tag-gendarmerie","16":"tag-justice","17":"tag-news","18":"tag-occitanie","19":"tag-proces","20":"tag-republique-francaise","21":"tag-toulouse"},"share_on_mastodon":{"url":"https:\/\/pubeurope.com\/@fr\/114937984804898644","error":""},"_links":{"self":[{"href":"https:\/\/www.europesays.com\/fr\/wp-json\/wp\/v2\/posts\/282513","targetHints":{"allow":["GET"]}}],"collection":[{"href":"https:\/\/www.europesays.com\/fr\/wp-json\/wp\/v2\/posts"}],"about":[{"href":"https:\/\/www.europesays.com\/fr\/wp-json\/wp\/v2\/types\/post"}],"author":[{"embeddable":true,"href":"https:\/\/www.europesays.com\/fr\/wp-json\/wp\/v2\/users\/2"}],"replies":[{"embeddable":true,"href":"https:\/\/www.europesays.com\/fr\/wp-json\/wp\/v2\/comments?post=282513"}],"version-history":[{"count":0,"href":"https:\/\/www.europesays.com\/fr\/wp-json\/wp\/v2\/posts\/282513\/revisions"}],"wp:featuredmedia":[{"embeddable":true,"href":"https:\/\/www.europesays.com\/fr\/wp-json\/wp\/v2\/media\/220472"}],"wp:attachment":[{"href":"https:\/\/www.europesays.com\/fr\/wp-json\/wp\/v2\/media?parent=282513"}],"wp:term":[{"taxonomy":"category","embeddable":true,"href":"https:\/\/www.europesays.com\/fr\/wp-json\/wp\/v2\/categories?post=282513"},{"taxonomy":"post_tag","embeddable":true,"href":"https:\/\/www.europesays.com\/fr\/wp-json\/wp\/v2\/tags?post=282513"}],"curies":[{"name":"wp","href":"https:\/\/api.w.org\/{rel}","templated":true}]}}