{"id":282518,"date":"2025-07-29T18:42:14","date_gmt":"2025-07-29T18:42:14","guid":{"rendered":"https:\/\/www.europesays.com\/fr\/282518\/"},"modified":"2025-07-29T18:42:14","modified_gmt":"2025-07-29T18:42:14","slug":"le-prefet-envoie-les-crs-apres-une-serie-de-trois-fusillades-depuis-jeudi","status":"publish","type":"post","link":"https:\/\/www.europesays.com\/fr\/282518\/","title":{"rendered":"Le pr\u00e9fet envoie les CRS apr\u00e8s une s\u00e9rie de trois fusillades depuis jeudi"},"content":{"rendered":"<p>Jeudi matin, un bless\u00e9 par balle dans le quartier de Pont-Rompu. Le m\u00eame jour, deux autres bless\u00e9s par balles pr\u00e8s du centre-ville. Et dimanche soir, un quatri\u00e8me bless\u00e9 \u00e0 l\u2019arme \u00e0 feu dans le quartier sensible de la Bourgogne. Apr\u00e8s cette s\u00e9rie de <a href=\"https:\/\/www.20minutes.fr\/dossier\/fusillade\" class=\"color-ultramarine c-link\" target=\"_blank\" rel=\"noopener\">fusillades <\/a>dans la ville de <a href=\"https:\/\/www.20minutes.fr\/dossier\/tourcoing\" class=\"color-ultramarine c-link\" target=\"_blank\" rel=\"noopener\">Tourcoing<\/a>, pr\u00e8s de Lille, le ministre de l\u2019Int\u00e9rieur, <a href=\"https:\/\/www.20minutes.fr\/dossier\/bruno_retailleau\" class=\"color-ultramarine c-link\" target=\"_blank\" rel=\"noopener\">Bruno Retailleau<\/a> a sorti l\u2019artillerie lourde pour tenter de ramener le calme.<\/p>\n<p>\u00ab\u00a0\u00c0 la suite des diff\u00e9rentes tentatives d\u2019homicide, sur fond de trafic de drogue [\u2026] le ministre de l\u2019Int\u00e9rieur a d\u00e9cid\u00e9 du d\u00e9ploiement de la CRS 8\u00a0\u00bb \u00e0 Tourcoing, a annonc\u00e9, lundi soir, la pr\u00e9fecture du Nord. Cette unit\u00e9 de CRS, soit pr\u00e8s de 70 hommes, \u00ab\u00a0\u00e9quip\u00e9e et form\u00e9e au maintien de l\u2019ordre public\u00a0\u00bb est envoy\u00e9e \u00ab\u00a0afin de renforcer les effectifs d\u00e9partementaux de police dans ce secteur de la m\u00e9tropole lilloise\u00a0\u00bb, a ajout\u00e9 la pr\u00e9fecture.<\/p>\n<p>\u00ab\u00a0Pr\u00e9sence massive de policiers sur le terrain\u00a0\u00bb<\/p>\n<p>Ces renforts bienvenus, du moins pour leurs coll\u00e8gues, sont arriv\u00e9s dans la soir\u00e9e de lundi, l\u2019id\u00e9e premi\u00e8re \u00e9tant \u00ab\u00a0d\u2019assurer une pr\u00e9sence massive de policiers sur le terrain\u00a0\u00bb. Profitant de l\u2019occasion, les policiers vont \u00ab\u00a0organiser de nombreuses op\u00e9rations pour entraver l\u2019action des d\u00e9linquants et des trafiquants\u00a0\u00bb.<\/p>\n<\/p>\n<p>Trois enqu\u00eates distinctes avaient \u00e9t\u00e9 ouvertes apr\u00e8s les fusillades de jeudi et dimanche, mais l\u2019on ignore \u00e0 ce stade si des suspects ont \u00e9t\u00e9 interpell\u00e9s. La dur\u00e9e d\u2019engagement de la CRS 8 n\u2019a pas \u00e9t\u00e9 pr\u00e9cis\u00e9e par la pr\u00e9fecture.<\/p>\n","protected":false},"excerpt":{"rendered":"Jeudi matin, un bless\u00e9 par balle dans le quartier de Pont-Rompu. Le m\u00eame jour, deux autres bless\u00e9s par&hellip;\n","protected":false},"author":2,"featured_media":282519,"comment_status":"","ping_status":"","sticky":false,"template":"","format":"standard","meta":{"footnotes":""},"categories":[2815],"tags":[1111,11,1013,42166,1777,674,1011,27,3832,811,1307,12,1308,1309,1306,25,11719,887],"class_list":{"0":"post-282518","1":"post","2":"type-post","3":"status-publish","4":"format-standard","5":"has-post-thumbnail","7":"category-lille","8":"tag-actu","9":"tag-actualites","10":"tag-bruno-retailleau","11":"tag-crs-8","12":"tag-eu","13":"tag-europe","14":"tag-fr","15":"tag-france","16":"tag-fusillade","17":"tag-hauts-de-france","18":"tag-lille","19":"tag-news","20":"tag-nord","21":"tag-nord-pas-de-calais","22":"tag-regions","23":"tag-republique-francaise","24":"tag-tourcoing","25":"tag-trafic-de-drogue"},"share_on_mastodon":{"url":"https:\/\/pubeurope.com\/@fr\/114937996533882917","error":""},"_links":{"self":[{"href":"https:\/\/www.europesays.com\/fr\/wp-json\/wp\/v2\/posts\/282518","targetHints":{"allow":["GET"]}}],"collection":[{"href":"https:\/\/www.europesays.com\/fr\/wp-json\/wp\/v2\/posts"}],"about":[{"href":"https:\/\/www.europesays.com\/fr\/wp-json\/wp\/v2\/types\/post"}],"author":[{"embeddable":true,"href":"https:\/\/www.europesays.com\/fr\/wp-json\/wp\/v2\/users\/2"}],"replies":[{"embeddable":true,"href":"https:\/\/www.europesays.com\/fr\/wp-json\/wp\/v2\/comments?post=282518"}],"version-history":[{"count":0,"href":"https:\/\/www.europesays.com\/fr\/wp-json\/wp\/v2\/posts\/282518\/revisions"}],"wp:featuredmedia":[{"embeddable":true,"href":"https:\/\/www.europesays.com\/fr\/wp-json\/wp\/v2\/media\/282519"}],"wp:attachment":[{"href":"https:\/\/www.europesays.com\/fr\/wp-json\/wp\/v2\/media?parent=282518"}],"wp:term":[{"taxonomy":"category","embeddable":true,"href":"https:\/\/www.europesays.com\/fr\/wp-json\/wp\/v2\/categories?post=282518"},{"taxonomy":"post_tag","embeddable":true,"href":"https:\/\/www.europesays.com\/fr\/wp-json\/wp\/v2\/tags?post=282518"}],"curies":[{"name":"wp","href":"https:\/\/api.w.org\/{rel}","templated":true}]}}