{"id":282520,"date":"2025-07-29T18:43:10","date_gmt":"2025-07-29T18:43:10","guid":{"rendered":"https:\/\/www.europesays.com\/fr\/282520\/"},"modified":"2025-07-29T18:43:10","modified_gmt":"2025-07-29T18:43:10","slug":"ligote-et-baillonne-un-commercant-braque-violemment-a-son-domicile-dans-les-quartiers-nord","status":"publish","type":"post","link":"https:\/\/www.europesays.com\/fr\/282520\/","title":{"rendered":"ligot\u00e9 et b\u00e2illonn\u00e9, un commer\u00e7ant braqu\u00e9 violemment \u00e0 son domicile dans les quartiers Nord"},"content":{"rendered":"<p>Un commer\u00e7ant a \u00e9t\u00e9 violemment <a href=\"https:\/\/www.laprovence.com\/article\/faits-divers-justice\/28683852567717\/un-homme-et-son-fils-agresses-a-leur-domicile-a-marseille-une-montre-dune-valeur-de-7-000-euros-volee\" target=\"_blank\" rel=\"noopener\">agress\u00e9 \u00e0 son domicile<\/a> \u00e0 Marseille par des hommes arm\u00e9s, dans la soir\u00e9e du dimanche 27 juillet 2025. La victime, un boucher de 45 ans qui exerce dans le 13e arrondissement de la ville, a vraisemblablement \u00e9t\u00e9 suivie jusqu&rsquo;\u00e0 son domicile o\u00f9 elle a \u00e9t\u00e9 surprise par ses agresseurs alors qu&rsquo;elle venait tout juste de rentrer chez elle.<\/p>\n<p>Selon les premiers \u00e9l\u00e9ments, deux hommes encagoul\u00e9s et gant\u00e9s, munis d&rsquo;un moins un pistolet automatique ont fait irruption \u00e0 la porte de son logement, dans le quartier de la Delorme (15e) peu apr\u00e8s 21h. Ils ont alors donn\u00e9 des coups de crosse au commer\u00e7ant au niveau de la t\u00eate pour le neutraliser avant de l&rsquo;entraver avec du ruban adh\u00e9sif.<\/p>\n<p>Ligot\u00e9 et d\u00e9pouill\u00e9 de sa recette<\/p>\n<p>Ligot\u00e9 et b\u00e2illonn\u00e9, le boucher a vu les deux malfaiteurs prendre la fuite avec les quelques milliers d&rsquo;euros de recette de son commerce qu&rsquo;il avait ramen\u00e9s chez lui. C&rsquo;est finalement gr\u00e2ce \u00e0 la vigilance d&rsquo;une voisine que le quadrag\u00e9naire a pu \u00eatre lib\u00e9r\u00e9 par la police. Bless\u00e9 au visage, il a d\u00fb \u00eatre emmen\u00e9 \u00e0 l&rsquo;h\u00f4pital par les marins-pompiers.<\/p>\n","protected":false},"excerpt":{"rendered":"Un commer\u00e7ant a \u00e9t\u00e9 violemment agress\u00e9 \u00e0 son domicile \u00e0 Marseille par des hommes arm\u00e9s, dans la soir\u00e9e&hellip;\n","protected":false},"author":2,"featured_media":282521,"comment_status":"","ping_status":"","sticky":false,"template":"","format":"standard","meta":{"footnotes":""},"categories":[2814],"tags":[17,1111,11,42168,28036,23466,1777,674,274,1011,27,42167,884,12,882,25,3711,31598],"class_list":{"0":"post-282520","1":"post","2":"type-post","3":"status-publish","4":"format-standard","5":"has-post-thumbnail","7":"category-marseille","8":"tag-17","9":"tag-actu","10":"tag-actualites","11":"tag-baillonne","12":"tag-braque","13":"tag-commercant","14":"tag-eu","15":"tag-europe","16":"tag-faits-divers-justice","17":"tag-fr","18":"tag-france","19":"tag-ligote","20":"tag-marseille","21":"tag-news","22":"tag-provence-alpes-cote-dazur","23":"tag-republique-francaise","24":"tag-son","25":"tag-violemment"},"share_on_mastodon":{"url":"https:\/\/pubeurope.com\/@fr\/114938000425653781","error":""},"_links":{"self":[{"href":"https:\/\/www.europesays.com\/fr\/wp-json\/wp\/v2\/posts\/282520","targetHints":{"allow":["GET"]}}],"collection":[{"href":"https:\/\/www.europesays.com\/fr\/wp-json\/wp\/v2\/posts"}],"about":[{"href":"https:\/\/www.europesays.com\/fr\/wp-json\/wp\/v2\/types\/post"}],"author":[{"embeddable":true,"href":"https:\/\/www.europesays.com\/fr\/wp-json\/wp\/v2\/users\/2"}],"replies":[{"embeddable":true,"href":"https:\/\/www.europesays.com\/fr\/wp-json\/wp\/v2\/comments?post=282520"}],"version-history":[{"count":0,"href":"https:\/\/www.europesays.com\/fr\/wp-json\/wp\/v2\/posts\/282520\/revisions"}],"wp:featuredmedia":[{"embeddable":true,"href":"https:\/\/www.europesays.com\/fr\/wp-json\/wp\/v2\/media\/282521"}],"wp:attachment":[{"href":"https:\/\/www.europesays.com\/fr\/wp-json\/wp\/v2\/media?parent=282520"}],"wp:term":[{"taxonomy":"category","embeddable":true,"href":"https:\/\/www.europesays.com\/fr\/wp-json\/wp\/v2\/categories?post=282520"},{"taxonomy":"post_tag","embeddable":true,"href":"https:\/\/www.europesays.com\/fr\/wp-json\/wp\/v2\/tags?post=282520"}],"curies":[{"name":"wp","href":"https:\/\/api.w.org\/{rel}","templated":true}]}}